{"id":1512,"date":"2018-03-16T11:56:15","date_gmt":"2018-03-16T10:56:15","guid":{"rendered":"http:\/\/www.suso-club.at\/?p=1512"},"modified":"2018-03-16T11:56:15","modified_gmt":"2018-03-16T10:56:15","slug":"lipica-open-immer-eine-reise-wert","status":"publish","type":"post","link":"https:\/\/www.suso-club.at\/de\/2018\/03\/16\/lipica-open-immer-eine-reise-wert\/","title":{"rendered":"Lipica Open &#8211; immer eine Reise wert!"},"content":{"rendered":"<p>Die Saisoner\u00f6ffnung mit der Teilnahme am Lipica Open (Triest) \u00a0hat schon Tradition. Diesmal wurden die 55 mitgereisten Teilnehmer nicht vom mediterranen Klima\/Wetter verw\u00f6hnt. Statt fr\u00fchlingshaften Temperaturen gab es k\u00fchle Tage und viel Regen. Trotzdem lie\u00dfen sich die L\u00e4uferInnen an den 2 Tagen nicht beirren und versuchten die\u00a0OL-technischen Aufgabenstellungen im slowenischen Karst zu meistern. Mit der\u00a0Kombination Orientierungslauf\u00a0\u00a0und\u00a0Triest werden neben dem Sport auch gesellschaftliche Bed\u00fcrfnisse befriedigt. \u00a0In der 2-Tageswertung lieferte \u00a0Lisa Pacher mit Platz 2 in D21A ein tolles Comeback. Unsere Jugendlichen konnten sich in dem stark besetzen Feld durchwegs im Mittelfeld platzieren. Viele mitgereiste Eltern wagten sich mit ihren Kindern auf die Beginner-Strecke und hatten ihre ersten eindrucksvollen Orientierungslauf\u00a0-Erlebnisse.<br \/>\nEine kleine SUSO-Gruppe\u00a0verl\u00e4ngerte den Aufenthalt bis Mittwoch und nahm recht erfolgreich am 5 Tage-OL teil. Aufs Podest liefen dabei Flora Aigm\u00fcller (D14), Camilla Aigm\u00fcller, Tanja Peinsith (D12) und Hannes Pacher (H21B).<\/p>\n<p><a href=\"http:\/\/www.orienteeringonline.net\/CompetitionBasicInfo.aspx?CompetitionID=3623\">Alle Ergebnisse hier<\/a><\/p>\n<figure id=\"attachment_1519\" aria-describedby=\"caption-attachment-1519\" style=\"width: 604px\" class=\"wp-caption alignnone\"><img decoding=\"async\" loading=\"lazy\" class=\"size-large wp-image-1519\" src=\"http:\/\/www.suso-club.at\/wp-content\/uploads\/2018\/03\/18-LO-96-1024x620.jpg\" alt=\"\" width=\"604\" height=\"366\" \/><figcaption id=\"caption-attachment-1519\" class=\"wp-caption-text\">Lena Lueger und Kerstin Holzer k\u00e4mpfen ins Ziel<\/figcaption><\/figure>\n<figure id=\"attachment_1521\" aria-describedby=\"caption-attachment-1521\" style=\"width: 604px\" class=\"wp-caption alignnone\"><img decoding=\"async\" loading=\"lazy\" class=\"size-large wp-image-1521\" src=\"http:\/\/www.suso-club.at\/wp-content\/uploads\/2018\/03\/18-LO-27-1024x575.jpg\" alt=\"\" width=\"604\" height=\"339\" \/><figcaption id=\"caption-attachment-1521\" class=\"wp-caption-text\">Flora Aigm\u00fcller l\u00e4uft aus der Doline<\/figcaption><\/figure>\n<figure id=\"attachment_1520\" aria-describedby=\"caption-attachment-1520\" style=\"width: 604px\" class=\"wp-caption alignnone\"><img decoding=\"async\" loading=\"lazy\" class=\"size-large wp-image-1520\" src=\"http:\/\/www.suso-club.at\/wp-content\/uploads\/2018\/03\/18-LO-113-1024x673.jpg\" alt=\"\" width=\"604\" height=\"397\" \/><figcaption id=\"caption-attachment-1520\" class=\"wp-caption-text\">Christopher Immervoll k\u00e4mpft sich \u00fcber Steinmauern<\/figcaption><\/figure>\n<figure id=\"attachment_1522\" aria-describedby=\"caption-attachment-1522\" style=\"width: 604px\" class=\"wp-caption alignnone\"><img decoding=\"async\" loading=\"lazy\" class=\"size-large wp-image-1522\" src=\"http:\/\/www.suso-club.at\/wp-content\/uploads\/2018\/03\/18-LO-36-1024x669.jpg\" alt=\"\" width=\"604\" height=\"395\" \/><figcaption id=\"caption-attachment-1522\" class=\"wp-caption-text\">Unsere Estin Leana Korb<\/figcaption><\/figure>\n<figure id=\"attachment_1518\" aria-describedby=\"caption-attachment-1518\" style=\"width: 604px\" class=\"wp-caption alignnone\"><img decoding=\"async\" loading=\"lazy\" class=\"size-large wp-image-1518\" src=\"http:\/\/www.suso-club.at\/wp-content\/uploads\/2018\/03\/18-LO-91-Kopie-1024x664.jpg\" alt=\"\" width=\"604\" height=\"392\" \/><figcaption id=\"caption-attachment-1518\" class=\"wp-caption-text\">Neuling Amelie Stracke<\/figcaption><\/figure>\n<figure id=\"attachment_1524\" aria-describedby=\"caption-attachment-1524\" style=\"width: 604px\" class=\"wp-caption alignnone\"><img decoding=\"async\" loading=\"lazy\" class=\"size-large wp-image-1524\" src=\"http:\/\/www.suso-club.at\/wp-content\/uploads\/2018\/03\/18-LO-10-1024x734.jpg\" alt=\"\" width=\"604\" height=\"433\" \/><figcaption id=\"caption-attachment-1524\" class=\"wp-caption-text\">Hannes Pacher, diesmal in H21B<\/figcaption><\/figure>\n<figure id=\"attachment_1514\" aria-describedby=\"caption-attachment-1514\" style=\"width: 604px\" class=\"wp-caption alignnone\"><img decoding=\"async\" loading=\"lazy\" class=\"size-large wp-image-1514\" src=\"http:\/\/www.suso-club.at\/wp-content\/uploads\/2018\/03\/18-LO-14-Kopie-1024x683.jpg\" alt=\"\" width=\"604\" height=\"403\" \/><figcaption id=\"caption-attachment-1514\" class=\"wp-caption-text\">Lipica Open &#8211; Wir kommen wieder!<\/figcaption><\/figure>\n","protected":false},"excerpt":{"rendered":"<p>Die Saisoner\u00f6ffnung mit der Teilnahme am Lipica Open (Triest) \u00a0hat schon Tradition. Diesmal wurden die 55 mitgereisten Teilnehmer nicht vom mediterranen Klima\/Wetter verw\u00f6hnt. Statt fr\u00fchlingshaften Temperaturen gab es k\u00fchle Tage und viel Regen. Trotzdem lie\u00dfen sich die L\u00e4uferInnen an den 2 Tagen nicht beirren und versuchten die\u00a0OL-technischen Aufgabenstellungen im slowenischen Karst zu meistern. Mit der\u00a0Kombination &hellip; <a href=\"https:\/\/www.suso-club.at\/de\/2018\/03\/16\/lipica-open-immer-eine-reise-wert\/\" class=\"more-link\"><span class=\"screen-reader-text\">Lipica Open &#8211; immer eine Reise wert!<\/span> weiterlesen <span class=\"meta-nav\">&rarr;<\/span><\/a><\/p>\n","protected":false},"author":8,"featured_media":1515,"comment_status":"closed","ping_status":"open","sticky":false,"template":"","format":"standard","meta":[],"categories":[1],"tags":[],"translation":{"provider":"WPGlobus","version":"2.12.2","language":"de","enabled_languages":["en","de"],"languages":{"en":{"title":true,"content":true,"excerpt":false},"de":{"title":false,"content":false,"excerpt":false}}},"_links":{"self":[{"href":"https:\/\/www.suso-club.at\/de\/wp-json\/wp\/v2\/posts\/1512"}],"collection":[{"href":"https:\/\/www.suso-club.at\/de\/wp-json\/wp\/v2\/posts"}],"about":[{"href":"https:\/\/www.suso-club.at\/de\/wp-json\/wp\/v2\/types\/post"}],"author":[{"embeddable":true,"href":"https:\/\/www.suso-club.at\/de\/wp-json\/wp\/v2\/users\/8"}],"replies":[{"embeddable":true,"href":"https:\/\/www.suso-club.at\/de\/wp-json\/wp\/v2\/comments?post=1512"}],"version-history":[{"count":6,"href":"https:\/\/www.suso-club.at\/de\/wp-json\/wp\/v2\/posts\/1512\/revisions"}],"predecessor-version":[{"id":1528,"href":"https:\/\/www.suso-club.at\/de\/wp-json\/wp\/v2\/posts\/1512\/revisions\/1528"}],"wp:featuredmedia":[{"embeddable":true,"href":"https:\/\/www.suso-club.at\/de\/wp-json\/wp\/v2\/media\/1515"}],"wp:attachment":[{"href":"https:\/\/www.suso-club.at\/de\/wp-json\/wp\/v2\/media?parent=1512"}],"wp:term":[{"taxonomy":"category","embeddable":true,"href":"https:\/\/www.suso-club.at\/de\/wp-json\/wp\/v2\/categories?post=1512"},{"taxonomy":"post_tag","embeddable":true,"href":"https:\/\/www.suso-club.at\/de\/wp-json\/wp\/v2\/tags?post=1512"}],"curies":[{"name":"wp","href":"https:\/\/api.w.org\/{rel}","templated":true}]}}