{"id":2152,"date":"2018-08-30T11:50:33","date_gmt":"2018-08-30T09:50:33","guid":{"rendered":"http:\/\/www.suso-club.at\/?p=2152"},"modified":"2018-09-08T10:28:50","modified_gmt":"2018-09-08T08:28:50","slug":"orientierungslauf-treff-am-schoeckl","status":"publish","type":"post","link":"https:\/\/www.suso-club.at\/de\/2018\/08\/30\/orientierungslauf-treff-am-schoeckl\/","title":{"rendered":"Orientierungslauf-Treff am Sch\u00f6ckl"},"content":{"rendered":"<p>Am 2.September startet die Herbstsaison der Orientierungsl\u00e4ufer. Unser Club gestaltet fast das ganze steirische Herbstprogramm.<br \/>\n4 Orientierungslauf-Treffs mit dem Auftakt am Sch\u00f6ckl (Sonntag, 2.9. mit Startm\u00f6glichkeit von 10-12) \u00a0stehen am Programm. Mitmachen kann jeder, der einmal Orientierungslauf \u00a0probieren m\u00f6chte. N\u00e4here Infos unter\u00a0<a href=\"http:\/\/www.suso-club.at\/events\/orientierungslauf-treff-2017\/\">Orientierungslauf-Treffs<\/a><br \/>\nIn\u00a0Kainbach bei Graz veranstalten wir auch das letzte nationale Wochenende mit den &#8222;Styrian-Orienteering-Days 2018&#8220;. \u00a0Am Samstag, 20.10. um 13 Uhr mit dem Prolog beim GH Griesbauer, ab 19 Uhr \u00d6sterr. Nacht-Meisterschaft bzw. am Sonntag, 21.10. ab 10 Uhr \u00a0das Austria-Cup-Finale bei der Sportanlage Kainbach\/Ries. Alle Info unter\u00a0<a href=\"http:\/\/www.suso-club.at\/events\/styrian-o-days-2018\/\">Styrian-Orienteering-Days<\/a><\/p>\n<figure id=\"attachment_571\" aria-describedby=\"caption-attachment-571\" style=\"width: 604px\" class=\"wp-caption alignnone\"><img decoding=\"async\" loading=\"lazy\" class=\"size-large wp-image-571\" src=\"http:\/\/www.suso-club.at\/wp-content\/uploads\/2017\/06\/AlpengasthofSch\u00f6ckl-1024x432.jpg\" alt=\"\" width=\"604\" height=\"255\" srcset=\"https:\/\/www.suso-club.at\/wp-content\/uploads\/2017\/06\/AlpengasthofSch\u00f6ckl.jpg 1024w, https:\/\/www.suso-club.at\/wp-content\/uploads\/2017\/06\/AlpengasthofSch\u00f6ckl-300x127.jpg 300w, https:\/\/www.suso-club.at\/wp-content\/uploads\/2017\/06\/AlpengasthofSch\u00f6ckl-768x324.jpg 768w\" sizes=\"(max-width: 604px) 100vw, 604px\" \/><figcaption id=\"caption-attachment-571\" class=\"wp-caption-text\">Orientierungslauf Treff &#8211; \u00a0Alpengasthof<\/figcaption><\/figure>\n<figure id=\"attachment_1044\" aria-describedby=\"caption-attachment-1044\" style=\"width: 604px\" class=\"wp-caption alignnone\"><img decoding=\"async\" loading=\"lazy\" class=\"size-large wp-image-1044\" src=\"http:\/\/www.suso-club.at\/wp-content\/uploads\/2017\/11\/gymtag-10-1024x659.jpg\" alt=\"\" width=\"604\" height=\"389\" srcset=\"https:\/\/www.suso-club.at\/wp-content\/uploads\/2017\/11\/gymtag-10-1024x659.jpg 1024w, https:\/\/www.suso-club.at\/wp-content\/uploads\/2017\/11\/gymtag-10-300x193.jpg 300w, https:\/\/www.suso-club.at\/wp-content\/uploads\/2017\/11\/gymtag-10-768x494.jpg 768w\" sizes=\"(max-width: 604px) 100vw, 604px\" \/><figcaption id=\"caption-attachment-1044\" class=\"wp-caption-text\">Postensuche<\/figcaption><\/figure>\n","protected":false},"excerpt":{"rendered":"<p>Am 2.September startet die Herbstsaison der Orientierungsl\u00e4ufer. Unser Club gestaltet fast das ganze steirische Herbstprogramm. 4 Orientierungslauf-Treffs mit dem Auftakt am Sch\u00f6ckl (Sonntag, 2.9. mit Startm\u00f6glichkeit von 10-12) \u00a0stehen am Programm. Mitmachen kann jeder, der einmal Orientierungslauf \u00a0probieren m\u00f6chte. N\u00e4here Infos unter\u00a0Orientierungslauf-Treffs In\u00a0Kainbach bei Graz veranstalten wir auch das letzte nationale Wochenende mit den &#8222;Styrian-Orienteering-Days &hellip; <a href=\"https:\/\/www.suso-club.at\/de\/2018\/08\/30\/orientierungslauf-treff-am-schoeckl\/\" class=\"more-link\"><span class=\"screen-reader-text\">Orientierungslauf-Treff am Sch\u00f6ckl<\/span> weiterlesen <span class=\"meta-nav\">&rarr;<\/span><\/a><\/p>\n","protected":false},"author":8,"featured_media":358,"comment_status":"closed","ping_status":"open","sticky":false,"template":"","format":"standard","meta":[],"categories":[1,5,9,10,4],"tags":[],"translation":{"provider":"WPGlobus","version":"2.12.2","language":"de","enabled_languages":["en","de"],"languages":{"en":{"title":true,"content":true,"excerpt":false},"de":{"title":false,"content":false,"excerpt":false}}},"_links":{"self":[{"href":"https:\/\/www.suso-club.at\/de\/wp-json\/wp\/v2\/posts\/2152"}],"collection":[{"href":"https:\/\/www.suso-club.at\/de\/wp-json\/wp\/v2\/posts"}],"about":[{"href":"https:\/\/www.suso-club.at\/de\/wp-json\/wp\/v2\/types\/post"}],"author":[{"embeddable":true,"href":"https:\/\/www.suso-club.at\/de\/wp-json\/wp\/v2\/users\/8"}],"replies":[{"embeddable":true,"href":"https:\/\/www.suso-club.at\/de\/wp-json\/wp\/v2\/comments?post=2152"}],"version-history":[{"count":4,"href":"https:\/\/www.suso-club.at\/de\/wp-json\/wp\/v2\/posts\/2152\/revisions"}],"predecessor-version":[{"id":2187,"href":"https:\/\/www.suso-club.at\/de\/wp-json\/wp\/v2\/posts\/2152\/revisions\/2187"}],"wp:featuredmedia":[{"embeddable":true,"href":"https:\/\/www.suso-club.at\/de\/wp-json\/wp\/v2\/media\/358"}],"wp:attachment":[{"href":"https:\/\/www.suso-club.at\/de\/wp-json\/wp\/v2\/media?parent=2152"}],"wp:term":[{"taxonomy":"category","embeddable":true,"href":"https:\/\/www.suso-club.at\/de\/wp-json\/wp\/v2\/categories?post=2152"},{"taxonomy":"post_tag","embeddable":true,"href":"https:\/\/www.suso-club.at\/de\/wp-json\/wp\/v2\/tags?post=2152"}],"curies":[{"name":"wp","href":"https:\/\/api.w.org\/{rel}","templated":true}]}}