{"id":2736,"date":"2019-01-21T10:33:12","date_gmt":"2019-01-21T09:33:12","guid":{"rendered":"http:\/\/www.suso-club.at\/?p=2736"},"modified":"2019-01-22T08:00:21","modified_gmt":"2019-01-22T07:00:21","slug":"suso-im-schnee-klein-aber-fein","status":"publish","type":"post","link":"https:\/\/www.suso-club.at\/de\/2019\/01\/21\/suso-im-schnee-klein-aber-fein\/","title":{"rendered":"SUSO im Schnee &#8211; klein aber fein"},"content":{"rendered":"<p>Eine kleine SUSO-Abordnung war an den letzten beiden Wochenenden bei den \u00f6sterreichischen Meisterschaften im SKI-Orientierungslauf in Pertisau am Achensee bzw. in der Ramsau am Dachstein am Start. Auf Grund der starken Schneef\u00e4lle gab es zwei tolle SKI-O Destinationen mit unterschiedlichem Charakter.<br \/>\nW\u00e4hrend in Pertisau durch die\u00a0vielen schmalen Skidoo-Spuren die Orientierungsanforderungen im Mittelpunkt standen, \u00fcberwog in der Ramsau auf den breiten Skating-Loipen die physische Komponente.<br \/>\nBeide Bewerbe waren eine gute Werbung f\u00fcr den Sport und dabei konnten unsere L\u00e4ufer und L\u00e4uferinnen durchaus gute Leistungen erbringen.<br \/>\nAusgetragen wurden die \u00f6sterreichischen Meisterschaften in Mittel, Lang und Sprint und dazu zwei Austria-Cups. Dabei konnten unserer Vertreter folgende Medaillen bei den \u00f6sterr. Meisterschaften erringen: Gold (3x Anna Lueger, 2x Camilla Aigm\u00fcller, 1x Hannes Pacher), Silber (2x Hannes Pacher, \u00a02x Flora Aigm\u00fcller, 1x Tobias Teichmann) und Bronze (2x Tobias Teichmann). Auf Anna Lueger wartet\u00a0Anfang M\u00e4rz die Teilnahme an der\u00a0\u00a0Winter-Universiade in Krasnoyarsk (Sibirien), bei der SKIO erstmals am\u00a0Programm steht.<\/p>\n<p>Mit viel Freude und Einsatz k\u00e4mpften sich auch unsere restlichen L\u00e4ufer durch das Loipen-Labyrinth. Knapp am Podest vorbei schrammte Thomas Aigm\u00fcller, der sich aber \u00a0beim Massenstart-Sprint \u00fcber einen Sieg im Duell mit Hannes Pacher freuen konnte. Nebenbei gab es bei der Steir. Landesmeisterschaft auch Gold\u00a0(Pacher)\u00a0und Silber (Aigm\u00fcller).<\/p>\n<p>Aufgrund von Terminkollisionen\u00a0mussten die n\u00e4chsten Bewerbe in Vorarlberg abgesagt werden. Ob Ersatz gefunden werden kann, steht noch in den Sternen. Sonst\u00a0freuen\u00a0wir uns\u00a0schon\u00a0auf die n\u00e4chste tollen SKI-Orienteering Wettk\u00e4mpfe der Saison 2019\/2020.<\/p>\n<figure id=\"attachment_2742\" aria-describedby=\"caption-attachment-2742\" style=\"width: 604px\" class=\"wp-caption alignnone\"><img decoding=\"async\" loading=\"lazy\" class=\"size-large wp-image-2742\" src=\"http:\/\/www.suso-club.at\/wp-content\/uploads\/2019\/01\/19_SkioRamsau-35-1024x682.jpg\" alt=\"\" width=\"604\" height=\"402\" srcset=\"https:\/\/www.suso-club.at\/wp-content\/uploads\/2019\/01\/19_SkioRamsau-35-1024x682.jpg 1024w, https:\/\/www.suso-club.at\/wp-content\/uploads\/2019\/01\/19_SkioRamsau-35-300x200.jpg 300w, https:\/\/www.suso-club.at\/wp-content\/uploads\/2019\/01\/19_SkioRamsau-35-768x511.jpg 768w, https:\/\/www.suso-club.at\/wp-content\/uploads\/2019\/01\/19_SkioRamsau-35.jpg 1537w\" sizes=\"(max-width: 604px) 100vw, 604px\" \/><figcaption id=\"caption-attachment-2742\" class=\"wp-caption-text\">Martina Aigm\u00fcller beim Start in der N\u00e4he des Skistadions Ramsau<\/figcaption><\/figure>\n<figure id=\"attachment_2739\" aria-describedby=\"caption-attachment-2739\" style=\"width: 604px\" class=\"wp-caption alignnone\"><img decoding=\"async\" loading=\"lazy\" class=\"size-large wp-image-2739\" src=\"http:\/\/www.suso-club.at\/wp-content\/uploads\/2019\/01\/19_SkioRamsau-2-1024x715.jpg\" alt=\"\" width=\"604\" height=\"422\" srcset=\"https:\/\/www.suso-club.at\/wp-content\/uploads\/2019\/01\/19_SkioRamsau-2-1024x715.jpg 1024w, https:\/\/www.suso-club.at\/wp-content\/uploads\/2019\/01\/19_SkioRamsau-2-300x210.jpg 300w, https:\/\/www.suso-club.at\/wp-content\/uploads\/2019\/01\/19_SkioRamsau-2-768x537.jpg 768w\" sizes=\"(max-width: 604px) 100vw, 604px\" \/><figcaption id=\"caption-attachment-2739\" class=\"wp-caption-text\">Christopher Immervoll platziert die Karte im Kartenhalter<\/figcaption><\/figure>\n<figure id=\"attachment_2744\" aria-describedby=\"caption-attachment-2744\" style=\"width: 762px\" class=\"wp-caption alignnone\"><img decoding=\"async\" loading=\"lazy\" class=\"size-full wp-image-2744\" src=\"http:\/\/www.suso-club.at\/wp-content\/uploads\/2019\/01\/19_SkioRamsau-23-Kopie.jpg\" alt=\"\" width=\"762\" height=\"490\" srcset=\"https:\/\/www.suso-club.at\/wp-content\/uploads\/2019\/01\/19_SkioRamsau-23-Kopie.jpg 762w, https:\/\/www.suso-club.at\/wp-content\/uploads\/2019\/01\/19_SkioRamsau-23-Kopie-300x193.jpg 300w\" sizes=\"(max-width: 762px) 100vw, 762px\" \/><figcaption id=\"caption-attachment-2744\" class=\"wp-caption-text\">Flora Aigm\u00fcller im Ziel<\/figcaption><\/figure>\n<figure id=\"attachment_2746\" aria-describedby=\"caption-attachment-2746\" style=\"width: 604px\" class=\"wp-caption alignnone\"><img decoding=\"async\" loading=\"lazy\" class=\"size-large wp-image-2746\" src=\"http:\/\/www.suso-club.at\/wp-content\/uploads\/2019\/01\/19_SkioRamsau-36-1024x733.jpg\" alt=\"\" width=\"604\" height=\"432\" srcset=\"https:\/\/www.suso-club.at\/wp-content\/uploads\/2019\/01\/19_SkioRamsau-36-1024x733.jpg 1024w, https:\/\/www.suso-club.at\/wp-content\/uploads\/2019\/01\/19_SkioRamsau-36-300x215.jpg 300w, https:\/\/www.suso-club.at\/wp-content\/uploads\/2019\/01\/19_SkioRamsau-36-768x549.jpg 768w, https:\/\/www.suso-club.at\/wp-content\/uploads\/2019\/01\/19_SkioRamsau-36.jpg 1198w\" sizes=\"(max-width: 604px) 100vw, 604px\" \/><figcaption id=\"caption-attachment-2746\" class=\"wp-caption-text\">Harte Duelle in Kategorie H45, H.Pacher und T. Aigm\u00fcller.<\/figcaption><\/figure>\n<figure id=\"attachment_2743\" aria-describedby=\"caption-attachment-2743\" style=\"width: 714px\" class=\"wp-caption alignnone\"><img decoding=\"async\" loading=\"lazy\" class=\"size-full wp-image-2743\" src=\"http:\/\/www.suso-club.at\/wp-content\/uploads\/2019\/01\/19_SkioRamsau-27.jpg\" alt=\"\" width=\"714\" height=\"497\" srcset=\"https:\/\/www.suso-club.at\/wp-content\/uploads\/2019\/01\/19_SkioRamsau-27.jpg 714w, https:\/\/www.suso-club.at\/wp-content\/uploads\/2019\/01\/19_SkioRamsau-27-300x209.jpg 300w\" sizes=\"(max-width: 714px) 100vw, 714px\" \/><figcaption id=\"caption-attachment-2743\" class=\"wp-caption-text\">Podest mit Transdanubien und SUSO (Flora Aigm\u00fcller und Tobias Teichmann)<\/figcaption><\/figure>\n<figure id=\"attachment_2740\" aria-describedby=\"caption-attachment-2740\" style=\"width: 604px\" class=\"wp-caption alignnone\"><img decoding=\"async\" loading=\"lazy\" class=\"size-large wp-image-2740\" src=\"http:\/\/www.suso-club.at\/wp-content\/uploads\/2019\/01\/19_SkioRamsau-8-1024x732.jpg\" alt=\"\" width=\"604\" height=\"432\" srcset=\"https:\/\/www.suso-club.at\/wp-content\/uploads\/2019\/01\/19_SkioRamsau-8-1024x732.jpg 1024w, https:\/\/www.suso-club.at\/wp-content\/uploads\/2019\/01\/19_SkioRamsau-8-300x214.jpg 300w, https:\/\/www.suso-club.at\/wp-content\/uploads\/2019\/01\/19_SkioRamsau-8-768x549.jpg 768w\" sizes=\"(max-width: 604px) 100vw, 604px\" \/><figcaption id=\"caption-attachment-2740\" class=\"wp-caption-text\">Anna Lueger blickt Richtung Winteruniversiade.<\/figcaption><\/figure>\n<figure id=\"attachment_2741\" aria-describedby=\"caption-attachment-2741\" style=\"width: 659px\" class=\"wp-caption alignnone\"><img decoding=\"async\" loading=\"lazy\" class=\"size-full wp-image-2741\" src=\"http:\/\/www.suso-club.at\/wp-content\/uploads\/2019\/01\/19_SkioRamsau-30.jpg\" alt=\"\" width=\"659\" height=\"423\" srcset=\"https:\/\/www.suso-club.at\/wp-content\/uploads\/2019\/01\/19_SkioRamsau-30.jpg 659w, https:\/\/www.suso-club.at\/wp-content\/uploads\/2019\/01\/19_SkioRamsau-30-300x193.jpg 300w\" sizes=\"(max-width: 659px) 100vw, 659px\" \/><figcaption id=\"caption-attachment-2741\" class=\"wp-caption-text\">Die kleine, aber feine SUSO-SKIO-Abordnung.<\/figcaption><\/figure>\n","protected":false},"excerpt":{"rendered":"<p>Eine kleine SUSO-Abordnung war an den letzten beiden Wochenenden bei den \u00f6sterreichischen Meisterschaften im SKI-Orientierungslauf in Pertisau am Achensee bzw. in der Ramsau am Dachstein am Start. Auf Grund der starken Schneef\u00e4lle gab es zwei tolle SKI-O Destinationen mit unterschiedlichem Charakter. W\u00e4hrend in Pertisau durch die\u00a0vielen schmalen Skidoo-Spuren die Orientierungsanforderungen im Mittelpunkt standen, \u00fcberwog in &hellip; <a href=\"https:\/\/www.suso-club.at\/de\/2019\/01\/21\/suso-im-schnee-klein-aber-fein\/\" class=\"more-link\"><span class=\"screen-reader-text\">SUSO im Schnee &#8211; klein aber fein<\/span> weiterlesen <span class=\"meta-nav\">&rarr;<\/span><\/a><\/p>\n","protected":false},"author":3,"featured_media":2745,"comment_status":"closed","ping_status":"open","sticky":false,"template":"","format":"standard","meta":[],"categories":[1,5,4],"tags":[],"translation":{"provider":"WPGlobus","version":"2.12.2","language":"de","enabled_languages":["en","de"],"languages":{"en":{"title":true,"content":true,"excerpt":false},"de":{"title":false,"content":false,"excerpt":false}}},"_links":{"self":[{"href":"https:\/\/www.suso-club.at\/de\/wp-json\/wp\/v2\/posts\/2736"}],"collection":[{"href":"https:\/\/www.suso-club.at\/de\/wp-json\/wp\/v2\/posts"}],"about":[{"href":"https:\/\/www.suso-club.at\/de\/wp-json\/wp\/v2\/types\/post"}],"author":[{"embeddable":true,"href":"https:\/\/www.suso-club.at\/de\/wp-json\/wp\/v2\/users\/3"}],"replies":[{"embeddable":true,"href":"https:\/\/www.suso-club.at\/de\/wp-json\/wp\/v2\/comments?post=2736"}],"version-history":[{"count":6,"href":"https:\/\/www.suso-club.at\/de\/wp-json\/wp\/v2\/posts\/2736\/revisions"}],"predecessor-version":[{"id":2759,"href":"https:\/\/www.suso-club.at\/de\/wp-json\/wp\/v2\/posts\/2736\/revisions\/2759"}],"wp:featuredmedia":[{"embeddable":true,"href":"https:\/\/www.suso-club.at\/de\/wp-json\/wp\/v2\/media\/2745"}],"wp:attachment":[{"href":"https:\/\/www.suso-club.at\/de\/wp-json\/wp\/v2\/media?parent=2736"}],"wp:term":[{"taxonomy":"category","embeddable":true,"href":"https:\/\/www.suso-club.at\/de\/wp-json\/wp\/v2\/categories?post=2736"},{"taxonomy":"post_tag","embeddable":true,"href":"https:\/\/www.suso-club.at\/de\/wp-json\/wp\/v2\/tags?post=2736"}],"curies":[{"name":"wp","href":"https:\/\/api.w.org\/{rel}","templated":true}]}}