{"id":2755,"date":"2019-01-23T11:10:21","date_gmt":"2019-01-23T10:10:21","guid":{"rendered":"http:\/\/www.suso-club.at\/?p=2755"},"modified":"2019-02-03T17:18:40","modified_gmt":"2019-02-03T16:18:40","slug":"tradition-und-jubilaeum","status":"publish","type":"post","link":"https:\/\/www.suso-club.at\/de\/2019\/01\/23\/tradition-und-jubilaeum\/","title":{"rendered":"Tradition und Jubil\u00e4um"},"content":{"rendered":"<div class=\"mceTemp\"><\/div>\n<p>Bereits zur Tradition entwickelt sich der allj\u00e4hrlich SUSO-Neujahrstreff im Gasthof Roseggerhof. Knapp 50 Mitglieder folgten dem Aufruf, um \u00fcber die vergangene Saison\u00a0zur\u00fcckzublicken und in einer Pr\u00e4sentation \u00fcber die kommende Saison informiert zu werden. Neben den \u00fcblichen Austria-Cup Wettk\u00e4mpfen sind auch einige besondere Highlights im Programm. Auf Veranstalterseite steht nat\u00fcrlich die &#8222;City Race Euro Tour&#8220; in Graz von 19.-21.Juli im Mittelpunkt. Fahrten zum Lipica Open und die Teilnahme am OOCup in Slowenien sollten die OL-Tops werden.<br \/>\nIm Rahmen dieses Treffs wurde auch Clubchef Hannes Pacher zu seinem 60-iger mit einer kleinen Lebensr\u00fcckschau \u00fcberrascht.<br \/>\nAnschlie\u00dfend gab es die schon kultige SUSO-Torte und es wurde geb\u00fchrend gefeiert.<\/p>\n<figure id=\"attachment_2749\" aria-describedby=\"caption-attachment-2749\" style=\"width: 604px\" class=\"wp-caption alignnone\"><img decoding=\"async\" loading=\"lazy\" class=\"size-large wp-image-2749\" src=\"http:\/\/www.suso-club.at\/wp-content\/uploads\/2019\/01\/19_Neujahr-1-1024x669.jpg\" alt=\"\" width=\"604\" height=\"395\" srcset=\"https:\/\/www.suso-club.at\/wp-content\/uploads\/2019\/01\/19_Neujahr-1-1024x669.jpg 1024w, https:\/\/www.suso-club.at\/wp-content\/uploads\/2019\/01\/19_Neujahr-1-300x196.jpg 300w, https:\/\/www.suso-club.at\/wp-content\/uploads\/2019\/01\/19_Neujahr-1-768x502.jpg 768w\" sizes=\"(max-width: 604px) 100vw, 604px\" \/><figcaption id=\"caption-attachment-2749\" class=\"wp-caption-text\">Jubilar Hannes Pacher<\/figcaption><\/figure>\n<figure id=\"attachment_2750\" aria-describedby=\"caption-attachment-2750\" style=\"width: 604px\" class=\"wp-caption alignnone\"><img decoding=\"async\" loading=\"lazy\" class=\"size-large wp-image-2750\" src=\"http:\/\/www.suso-club.at\/wp-content\/uploads\/2019\/01\/19_Neujahr-4-1024x616.jpg\" alt=\"\" width=\"604\" height=\"363\" srcset=\"https:\/\/www.suso-club.at\/wp-content\/uploads\/2019\/01\/19_Neujahr-4-1024x616.jpg 1024w, https:\/\/www.suso-club.at\/wp-content\/uploads\/2019\/01\/19_Neujahr-4-300x180.jpg 300w, https:\/\/www.suso-club.at\/wp-content\/uploads\/2019\/01\/19_Neujahr-4-768x462.jpg 768w\" sizes=\"(max-width: 604px) 100vw, 604px\" \/><figcaption id=\"caption-attachment-2750\" class=\"wp-caption-text\">Die SUSO-Familie beim Ansto\u00dfen<\/figcaption><\/figure>\n<figure id=\"attachment_2752\" aria-describedby=\"caption-attachment-2752\" style=\"width: 604px\" class=\"wp-caption alignnone\"><img decoding=\"async\" loading=\"lazy\" class=\"size-large wp-image-2752\" src=\"http:\/\/www.suso-club.at\/wp-content\/uploads\/2019\/01\/19_Neujahr-3-1024x656.jpg\" alt=\"\" width=\"604\" height=\"387\" srcset=\"https:\/\/www.suso-club.at\/wp-content\/uploads\/2019\/01\/19_Neujahr-3-1024x656.jpg 1024w, https:\/\/www.suso-club.at\/wp-content\/uploads\/2019\/01\/19_Neujahr-3-300x192.jpg 300w, https:\/\/www.suso-club.at\/wp-content\/uploads\/2019\/01\/19_Neujahr-3-768x492.jpg 768w\" sizes=\"(max-width: 604px) 100vw, 604px\" \/><figcaption id=\"caption-attachment-2752\" class=\"wp-caption-text\">Auch die Jugend war dabei<\/figcaption><\/figure>\n","protected":false},"excerpt":{"rendered":"<p>Bereits zur Tradition entwickelt sich der allj\u00e4hrlich SUSO-Neujahrstreff im Gasthof Roseggerhof. Knapp 50 Mitglieder folgten dem Aufruf, um \u00fcber die vergangene Saison\u00a0zur\u00fcckzublicken und in einer Pr\u00e4sentation \u00fcber die kommende Saison informiert zu werden. Neben den \u00fcblichen Austria-Cup Wettk\u00e4mpfen sind auch einige besondere Highlights im Programm. Auf Veranstalterseite steht nat\u00fcrlich die &#8222;City Race Euro Tour&#8220; in &hellip; <a href=\"https:\/\/www.suso-club.at\/de\/2019\/01\/23\/tradition-und-jubilaeum\/\" class=\"more-link\"><span class=\"screen-reader-text\">Tradition und Jubil\u00e4um<\/span> weiterlesen <span class=\"meta-nav\">&rarr;<\/span><\/a><\/p>\n","protected":false},"author":8,"featured_media":2751,"comment_status":"closed","ping_status":"open","sticky":false,"template":"","format":"standard","meta":[],"categories":[1],"tags":[],"translation":{"provider":"WPGlobus","version":"2.12.2","language":"de","enabled_languages":["en","de"],"languages":{"en":{"title":true,"content":true,"excerpt":false},"de":{"title":false,"content":false,"excerpt":false}}},"_links":{"self":[{"href":"https:\/\/www.suso-club.at\/de\/wp-json\/wp\/v2\/posts\/2755"}],"collection":[{"href":"https:\/\/www.suso-club.at\/de\/wp-json\/wp\/v2\/posts"}],"about":[{"href":"https:\/\/www.suso-club.at\/de\/wp-json\/wp\/v2\/types\/post"}],"author":[{"embeddable":true,"href":"https:\/\/www.suso-club.at\/de\/wp-json\/wp\/v2\/users\/8"}],"replies":[{"embeddable":true,"href":"https:\/\/www.suso-club.at\/de\/wp-json\/wp\/v2\/comments?post=2755"}],"version-history":[{"count":4,"href":"https:\/\/www.suso-club.at\/de\/wp-json\/wp\/v2\/posts\/2755\/revisions"}],"predecessor-version":[{"id":2763,"href":"https:\/\/www.suso-club.at\/de\/wp-json\/wp\/v2\/posts\/2755\/revisions\/2763"}],"wp:featuredmedia":[{"embeddable":true,"href":"https:\/\/www.suso-club.at\/de\/wp-json\/wp\/v2\/media\/2751"}],"wp:attachment":[{"href":"https:\/\/www.suso-club.at\/de\/wp-json\/wp\/v2\/media?parent=2755"}],"wp:term":[{"taxonomy":"category","embeddable":true,"href":"https:\/\/www.suso-club.at\/de\/wp-json\/wp\/v2\/categories?post=2755"},{"taxonomy":"post_tag","embeddable":true,"href":"https:\/\/www.suso-club.at\/de\/wp-json\/wp\/v2\/tags?post=2755"}],"curies":[{"name":"wp","href":"https:\/\/api.w.org\/{rel}","templated":true}]}}