{"id":2813,"date":"2019-03-15T07:15:32","date_gmt":"2019-03-15T06:15:32","guid":{"rendered":"http:\/\/www.suso-club.at\/?p=2813"},"modified":"2019-03-15T07:21:49","modified_gmt":"2019-03-15T06:21:49","slug":"einfach-eine-pflicht-lipica-open","status":"publish","type":"post","link":"https:\/\/www.suso-club.at\/de\/2019\/03\/15\/einfach-eine-pflicht-lipica-open\/","title":{"rendered":"Einfach eine Pflicht &#8211; Lipica Open"},"content":{"rendered":"<p>Zur &#8222;Pflichtveranstaltung&#8220; am Saisonbeginn entwickelt sich das Lipica Open bei Triest (2 bzw. 5 Tage-Orientierungslauf). Insgesamt 57 Personen machten am Wochenende die Fahrt in die adriatische Hafenstadt mit. 52 Aktive aus allen Alters- und Leistungsklassen gingen f\u00fcr SUSO an den Start und k\u00e4mpften sich mit viel Einsatz durch das anspruchsvolle Karstgebiet.<\/p>\n<p>W\u00e4hrend viele Anf\u00e4nger (Jugendliche aber auch Erwachsene) zum ersten Mal die Herausforderung Postensuche annahmen, ging es in der Kategorie M21B am Wochenende um die interne Clubmeisterschaft. Diese konnte bei den Herren Armin Mariacher klar f\u00fcr sich entscheiden, vorallem weil Hannes Pacher den gr\u00f6\u00dften OL-Fehler seines Lebens machte. <span class=\"Apple-converted-space\">\u00a0<\/span><\/p>\n<p>22 Personen, gro\u00dfteils\u00a0unsere talentierten Nachwuchsl\u00e4ufer\/-innen, liefen\u00a0alle 5 Etappen\u00a0im wahrsten Sinne des Wortes \u00fcber Stock und Stein und durch zahlreiche Dolinen.<\/p>\n<p>Schon am Saisonstart zeigten unsere Aush\u00e4ngeschilder wie Theresa Monsberger, Flora Aigm\u00fcller, Hannah Winkler, Camilla Aigm\u00fcller oder Tobias Teichmann ansprechende Ergebnisse. Erfreulich auch die zahlreiche Teilnahme unserer Studis.<br \/>\nEinige mussten leider verletzungsbedingt auf gute Ergebnisse verzichten.<span class=\"Apple-converted-space\">\u00a0<\/span><\/p>\n<p>Jedenfalls<span class=\"Apple-converted-space\">\u00a0 <\/span>nehmen alle wieder ein unvergessliches Erlebnis mit nach Hause.<span class=\"Apple-converted-space\"><br \/>\nLaufen im Karst und genie\u00dfen in Triest ist in so einem Team einfach ein wahres Erlebnis!<\/span><\/p>\n<p><a href=\"http:\/\/www.orienteeringonline.net\/Results.aspx?CompetitionID=4094\">Ergebnisse Lipica Open<\/a><\/p>\n<figure id=\"attachment_2823\" aria-describedby=\"caption-attachment-2823\" style=\"width: 604px\" class=\"wp-caption alignnone\"><img decoding=\"async\" loading=\"lazy\" class=\"size-large wp-image-2823\" src=\"http:\/\/www.suso-club.at\/wp-content\/uploads\/2019\/03\/19-LO-4-78-1024x680.jpg\" alt=\"\" width=\"604\" height=\"401\" srcset=\"https:\/\/www.suso-club.at\/wp-content\/uploads\/2019\/03\/19-LO-4-78-1024x680.jpg 1024w, https:\/\/www.suso-club.at\/wp-content\/uploads\/2019\/03\/19-LO-4-78-300x199.jpg 300w, https:\/\/www.suso-club.at\/wp-content\/uploads\/2019\/03\/19-LO-4-78-768x510.jpg 768w\" sizes=\"(max-width: 604px) 100vw, 604px\" \/><figcaption id=\"caption-attachment-2823\" class=\"wp-caption-text\">Vom und zum Posten, Jana Sitte und Lena Lueger<\/figcaption><\/figure>\n<figure id=\"attachment_2824\" aria-describedby=\"caption-attachment-2824\" style=\"width: 604px\" class=\"wp-caption alignnone\"><img decoding=\"async\" loading=\"lazy\" class=\"size-large wp-image-2824\" src=\"http:\/\/www.suso-club.at\/wp-content\/uploads\/2019\/03\/19-LO-2-99-1024x680.jpg\" alt=\"\" width=\"604\" height=\"401\" srcset=\"https:\/\/www.suso-club.at\/wp-content\/uploads\/2019\/03\/19-LO-2-99-1024x680.jpg 1024w, https:\/\/www.suso-club.at\/wp-content\/uploads\/2019\/03\/19-LO-2-99-300x199.jpg 300w, https:\/\/www.suso-club.at\/wp-content\/uploads\/2019\/03\/19-LO-2-99-768x510.jpg 768w\" sizes=\"(max-width: 604px) 100vw, 604px\" \/><figcaption id=\"caption-attachment-2824\" class=\"wp-caption-text\">Martina Scheidl, erstmals dabei<\/figcaption><\/figure>\n<figure id=\"attachment_2825\" aria-describedby=\"caption-attachment-2825\" style=\"width: 604px\" class=\"wp-caption alignnone\"><img decoding=\"async\" loading=\"lazy\" class=\"size-large wp-image-2825\" src=\"http:\/\/www.suso-club.at\/wp-content\/uploads\/2019\/03\/19-LO-2-96-1024x680.jpg\" alt=\"\" width=\"604\" height=\"401\" srcset=\"https:\/\/www.suso-club.at\/wp-content\/uploads\/2019\/03\/19-LO-2-96-1024x680.jpg 1024w, https:\/\/www.suso-club.at\/wp-content\/uploads\/2019\/03\/19-LO-2-96-300x199.jpg 300w, https:\/\/www.suso-club.at\/wp-content\/uploads\/2019\/03\/19-LO-2-96-768x510.jpg 768w\" sizes=\"(max-width: 604px) 100vw, 604px\" \/><figcaption id=\"caption-attachment-2825\" class=\"wp-caption-text\">il presidente Rainer Kund\u00f6rfer<\/figcaption><\/figure>\n<figure id=\"attachment_2821\" aria-describedby=\"caption-attachment-2821\" style=\"width: 604px\" class=\"wp-caption alignnone\"><img decoding=\"async\" loading=\"lazy\" class=\"size-large wp-image-2821\" src=\"http:\/\/www.suso-club.at\/wp-content\/uploads\/2019\/03\/19-LO-4-93-1024x651.jpg\" alt=\"\" width=\"604\" height=\"384\" srcset=\"https:\/\/www.suso-club.at\/wp-content\/uploads\/2019\/03\/19-LO-4-93-1024x651.jpg 1024w, https:\/\/www.suso-club.at\/wp-content\/uploads\/2019\/03\/19-LO-4-93-300x191.jpg 300w, https:\/\/www.suso-club.at\/wp-content\/uploads\/2019\/03\/19-LO-4-93-768x488.jpg 768w\" sizes=\"(max-width: 604px) 100vw, 604px\" \/><figcaption id=\"caption-attachment-2821\" class=\"wp-caption-text\">Christoph Wendner zeigt Talent<\/figcaption><\/figure>\n<figure id=\"attachment_2820\" aria-describedby=\"caption-attachment-2820\" style=\"width: 604px\" class=\"wp-caption alignnone\"><img decoding=\"async\" loading=\"lazy\" class=\"size-large wp-image-2820\" src=\"http:\/\/www.suso-club.at\/wp-content\/uploads\/2019\/03\/19-LO-4-167-1024x680.jpg\" alt=\"\" width=\"604\" height=\"401\" srcset=\"https:\/\/www.suso-club.at\/wp-content\/uploads\/2019\/03\/19-LO-4-167-1024x680.jpg 1024w, https:\/\/www.suso-club.at\/wp-content\/uploads\/2019\/03\/19-LO-4-167-300x199.jpg 300w, https:\/\/www.suso-club.at\/wp-content\/uploads\/2019\/03\/19-LO-4-167-768x510.jpg 768w\" sizes=\"(max-width: 604px) 100vw, 604px\" \/><figcaption id=\"caption-attachment-2820\" class=\"wp-caption-text\">Neuling Gustav Greiner mit Tobias Teichmann (\u00fcberzeugte in M21B)<\/figcaption><\/figure>\n<figure id=\"attachment_2818\" aria-describedby=\"caption-attachment-2818\" style=\"width: 604px\" class=\"wp-caption alignnone\"><img decoding=\"async\" loading=\"lazy\" class=\"size-large wp-image-2818\" src=\"http:\/\/www.suso-club.at\/wp-content\/uploads\/2019\/03\/19-LO-2-70-1024x680.jpg\" alt=\"\" width=\"604\" height=\"401\" srcset=\"https:\/\/www.suso-club.at\/wp-content\/uploads\/2019\/03\/19-LO-2-70-1024x680.jpg 1024w, https:\/\/www.suso-club.at\/wp-content\/uploads\/2019\/03\/19-LO-2-70-300x199.jpg 300w, https:\/\/www.suso-club.at\/wp-content\/uploads\/2019\/03\/19-LO-2-70-768x510.jpg 768w\" sizes=\"(max-width: 604px) 100vw, 604px\" \/><figcaption id=\"caption-attachment-2818\" class=\"wp-caption-text\">Carsten Fink trotz vieler Kilometer begeistert<\/figcaption><\/figure>\n<figure id=\"attachment_2827\" aria-describedby=\"caption-attachment-2827\" style=\"width: 604px\" class=\"wp-caption alignnone\"><img decoding=\"async\" loading=\"lazy\" class=\"size-large wp-image-2827\" src=\"http:\/\/www.suso-club.at\/wp-content\/uploads\/2019\/03\/19-LO-2-25-1024x680.jpg\" alt=\"\" width=\"604\" height=\"401\" srcset=\"https:\/\/www.suso-club.at\/wp-content\/uploads\/2019\/03\/19-LO-2-25-1024x680.jpg 1024w, https:\/\/www.suso-club.at\/wp-content\/uploads\/2019\/03\/19-LO-2-25-300x199.jpg 300w, https:\/\/www.suso-club.at\/wp-content\/uploads\/2019\/03\/19-LO-2-25-768x510.jpg 768w\" sizes=\"(max-width: 604px) 100vw, 604px\" \/><figcaption id=\"caption-attachment-2827\" class=\"wp-caption-text\">Martina Aigm\u00fcller aus dem Dickicht<\/figcaption><\/figure>\n<figure id=\"attachment_2817\" aria-describedby=\"caption-attachment-2817\" style=\"width: 604px\" class=\"wp-caption alignnone\"><img decoding=\"async\" loading=\"lazy\" class=\"size-large wp-image-2817\" src=\"http:\/\/www.suso-club.at\/wp-content\/uploads\/2019\/03\/19-LO-4-233-1024x680.jpg\" alt=\"\" width=\"604\" height=\"401\" srcset=\"https:\/\/www.suso-club.at\/wp-content\/uploads\/2019\/03\/19-LO-4-233-1024x680.jpg 1024w, https:\/\/www.suso-club.at\/wp-content\/uploads\/2019\/03\/19-LO-4-233-300x199.jpg 300w, https:\/\/www.suso-club.at\/wp-content\/uploads\/2019\/03\/19-LO-4-233-768x510.jpg 768w\" sizes=\"(max-width: 604px) 100vw, 604px\" \/><figcaption id=\"caption-attachment-2817\" class=\"wp-caption-text\">Vorbild f\u00fcr Kinder, Gerald Pischinger mit unerm\u00fctlichem Einsatz<\/figcaption><\/figure>\n<figure id=\"attachment_2819\" aria-describedby=\"caption-attachment-2819\" style=\"width: 604px\" class=\"wp-caption alignnone\"><img decoding=\"async\" loading=\"lazy\" class=\"size-large wp-image-2819\" src=\"http:\/\/www.suso-club.at\/wp-content\/uploads\/2019\/03\/19-LO-4-185-1024x680.jpg\" alt=\"\" width=\"604\" height=\"401\" srcset=\"https:\/\/www.suso-club.at\/wp-content\/uploads\/2019\/03\/19-LO-4-185-1024x680.jpg 1024w, https:\/\/www.suso-club.at\/wp-content\/uploads\/2019\/03\/19-LO-4-185-300x199.jpg 300w, https:\/\/www.suso-club.at\/wp-content\/uploads\/2019\/03\/19-LO-4-185-768x510.jpg 768w\" sizes=\"(max-width: 604px) 100vw, 604px\" \/><figcaption id=\"caption-attachment-2819\" class=\"wp-caption-text\">&#8222;Reiseleiter&#8220;\u00a0Hannes Pacher mit skeptischem Blick<\/figcaption><\/figure>\n<figure id=\"attachment_2828\" aria-describedby=\"caption-attachment-2828\" style=\"width: 604px\" class=\"wp-caption alignnone\"><img decoding=\"async\" loading=\"lazy\" class=\"size-large wp-image-2828\" src=\"http:\/\/www.suso-club.at\/wp-content\/uploads\/2019\/03\/19-LO-2-3-1024x661.jpg\" alt=\"\" width=\"604\" height=\"390\" srcset=\"https:\/\/www.suso-club.at\/wp-content\/uploads\/2019\/03\/19-LO-2-3-1024x661.jpg 1024w, https:\/\/www.suso-club.at\/wp-content\/uploads\/2019\/03\/19-LO-2-3-300x194.jpg 300w, https:\/\/www.suso-club.at\/wp-content\/uploads\/2019\/03\/19-LO-2-3-768x496.jpg 768w\" sizes=\"(max-width: 604px) 100vw, 604px\" \/><figcaption id=\"caption-attachment-2828\" class=\"wp-caption-text\">SUSO Team mit Pavillon<\/figcaption><\/figure>\n","protected":false},"excerpt":{"rendered":"<p>Zur &#8222;Pflichtveranstaltung&#8220; am Saisonbeginn entwickelt sich das Lipica Open bei Triest (2 bzw. 5 Tage-Orientierungslauf). Insgesamt 57 Personen machten am Wochenende die Fahrt in die adriatische Hafenstadt mit. 52 Aktive aus allen Alters- und Leistungsklassen gingen f\u00fcr SUSO an den Start und k\u00e4mpften sich mit viel Einsatz durch das anspruchsvolle Karstgebiet. W\u00e4hrend viele Anf\u00e4nger (Jugendliche &hellip; <a href=\"https:\/\/www.suso-club.at\/de\/2019\/03\/15\/einfach-eine-pflicht-lipica-open\/\" class=\"more-link\"><span class=\"screen-reader-text\">Einfach eine Pflicht &#8211; Lipica Open<\/span> weiterlesen <span class=\"meta-nav\">&rarr;<\/span><\/a><\/p>\n","protected":false},"author":8,"featured_media":2816,"comment_status":"closed","ping_status":"open","sticky":false,"template":"","format":"standard","meta":[],"categories":[1,8,4],"tags":[],"translation":{"provider":"WPGlobus","version":"2.12.2","language":"de","enabled_languages":["en","de"],"languages":{"en":{"title":true,"content":true,"excerpt":false},"de":{"title":false,"content":false,"excerpt":false}}},"_links":{"self":[{"href":"https:\/\/www.suso-club.at\/de\/wp-json\/wp\/v2\/posts\/2813"}],"collection":[{"href":"https:\/\/www.suso-club.at\/de\/wp-json\/wp\/v2\/posts"}],"about":[{"href":"https:\/\/www.suso-club.at\/de\/wp-json\/wp\/v2\/types\/post"}],"author":[{"embeddable":true,"href":"https:\/\/www.suso-club.at\/de\/wp-json\/wp\/v2\/users\/8"}],"replies":[{"embeddable":true,"href":"https:\/\/www.suso-club.at\/de\/wp-json\/wp\/v2\/comments?post=2813"}],"version-history":[{"count":9,"href":"https:\/\/www.suso-club.at\/de\/wp-json\/wp\/v2\/posts\/2813\/revisions"}],"predecessor-version":[{"id":2835,"href":"https:\/\/www.suso-club.at\/de\/wp-json\/wp\/v2\/posts\/2813\/revisions\/2835"}],"wp:featuredmedia":[{"embeddable":true,"href":"https:\/\/www.suso-club.at\/de\/wp-json\/wp\/v2\/media\/2816"}],"wp:attachment":[{"href":"https:\/\/www.suso-club.at\/de\/wp-json\/wp\/v2\/media?parent=2813"}],"wp:term":[{"taxonomy":"category","embeddable":true,"href":"https:\/\/www.suso-club.at\/de\/wp-json\/wp\/v2\/categories?post=2813"},{"taxonomy":"post_tag","embeddable":true,"href":"https:\/\/www.suso-club.at\/de\/wp-json\/wp\/v2\/tags?post=2813"}],"curies":[{"name":"wp","href":"https:\/\/api.w.org\/{rel}","templated":true}]}}