{"id":2854,"date":"2019-03-28T22:49:35","date_gmt":"2019-03-28T21:49:35","guid":{"rendered":"http:\/\/www.suso-club.at\/?p=2854"},"modified":"2019-03-29T20:30:47","modified_gmt":"2019-03-29T19:30:47","slug":"auf-zur-jugend-suedost-em","status":"publish","type":"post","link":"https:\/\/www.suso-club.at\/de\/2019\/03\/28\/auf-zur-jugend-suedost-em\/","title":{"rendered":"Auf zur Jugend-S\u00fcdost-EM"},"content":{"rendered":"<p>Mit <strong>Flora Aigm\u00fcller, Laura K\u00f6nig<\/strong> und <strong>Hannah Winkler<\/strong> (alle SU Sch\u00f6ckl Graz)\u00a0vertreten drei unserer starken Nachwuchsl\u00e4uferinnen \u00a0\u00d6sterreich bei der Jugend-S\u00fcdosteuropameisterschaft im tschechischen Ostrava. Mit <strong>Anna Angermann<\/strong> (SU Klagenfurt) stellt \u00a0die Sportunion somit das komplette Damenteam, was die gute Arbeit im Nachwuchsbereich dokumentiert.<br \/>\nMit Sprint, Langdistanz und Staffel kommen drei hochkar\u00e4tige Wettk\u00e4mpfe zur Austragung. Der Sprint geht\u00a0dabei im revitalisierten Industriegebiet \u00fcber die B\u00fchne. Die Chancen auf gute Platzierungen sind gegen die meist l\u00e4uferisch starken Osteurop\u00e4er durchaus\u00a0vorhanden, da es immer auch auf schnelles Orientieren ankommt.<\/p>\n<p><a href=\"http:\/\/o-news.cz\/wp-content\/uploads\/2019\/01\/CEYOC_2019_Bulletin_1_final-1.pdf\">Website CEYOC Ostrava<\/a><\/p>\n<figure id=\"attachment_2860\" aria-describedby=\"caption-attachment-2860\" style=\"width: 604px\" class=\"wp-caption alignnone\"><img decoding=\"async\" loading=\"lazy\" class=\"size-large wp-image-2860\" src=\"http:\/\/www.suso-club.at\/wp-content\/uploads\/2019\/03\/19OTreff1-2-1024x655.jpg\" alt=\"\" width=\"604\" height=\"386\" srcset=\"https:\/\/www.suso-club.at\/wp-content\/uploads\/2019\/03\/19OTreff1-2-1024x655.jpg 1024w, https:\/\/www.suso-club.at\/wp-content\/uploads\/2019\/03\/19OTreff1-2-300x192.jpg 300w, https:\/\/www.suso-club.at\/wp-content\/uploads\/2019\/03\/19OTreff1-2-768x492.jpg 768w\" sizes=\"(max-width: 604px) 100vw, 604px\" \/><figcaption id=\"caption-attachment-2860\" class=\"wp-caption-text\">Flora, Hannah und Laura vertreten SUSO im \u00d6sterreich-Team<\/figcaption><\/figure>\n","protected":false},"excerpt":{"rendered":"<p>Mit Flora Aigm\u00fcller, Laura K\u00f6nig und Hannah Winkler (alle SU Sch\u00f6ckl Graz)\u00a0vertreten drei unserer starken Nachwuchsl\u00e4uferinnen \u00a0\u00d6sterreich bei der Jugend-S\u00fcdosteuropameisterschaft im tschechischen Ostrava. Mit Anna Angermann (SU Klagenfurt) stellt \u00a0die Sportunion somit das komplette Damenteam, was die gute Arbeit im Nachwuchsbereich dokumentiert. Mit Sprint, Langdistanz und Staffel kommen drei hochkar\u00e4tige Wettk\u00e4mpfe zur Austragung. Der Sprint &hellip; <a href=\"https:\/\/www.suso-club.at\/de\/2019\/03\/28\/auf-zur-jugend-suedost-em\/\" class=\"more-link\"><span class=\"screen-reader-text\">Auf zur Jugend-S\u00fcdost-EM<\/span> weiterlesen <span class=\"meta-nav\">&rarr;<\/span><\/a><\/p>\n","protected":false},"author":8,"featured_media":2857,"comment_status":"closed","ping_status":"open","sticky":false,"template":"","format":"standard","meta":[],"categories":[1,8,4],"tags":[],"translation":{"provider":"WPGlobus","version":"2.12.2","language":"de","enabled_languages":["en","de"],"languages":{"en":{"title":true,"content":true,"excerpt":false},"de":{"title":false,"content":false,"excerpt":false}}},"_links":{"self":[{"href":"https:\/\/www.suso-club.at\/de\/wp-json\/wp\/v2\/posts\/2854"}],"collection":[{"href":"https:\/\/www.suso-club.at\/de\/wp-json\/wp\/v2\/posts"}],"about":[{"href":"https:\/\/www.suso-club.at\/de\/wp-json\/wp\/v2\/types\/post"}],"author":[{"embeddable":true,"href":"https:\/\/www.suso-club.at\/de\/wp-json\/wp\/v2\/users\/8"}],"replies":[{"embeddable":true,"href":"https:\/\/www.suso-club.at\/de\/wp-json\/wp\/v2\/comments?post=2854"}],"version-history":[{"count":7,"href":"https:\/\/www.suso-club.at\/de\/wp-json\/wp\/v2\/posts\/2854\/revisions"}],"predecessor-version":[{"id":2884,"href":"https:\/\/www.suso-club.at\/de\/wp-json\/wp\/v2\/posts\/2854\/revisions\/2884"}],"wp:featuredmedia":[{"embeddable":true,"href":"https:\/\/www.suso-club.at\/de\/wp-json\/wp\/v2\/media\/2857"}],"wp:attachment":[{"href":"https:\/\/www.suso-club.at\/de\/wp-json\/wp\/v2\/media?parent=2854"}],"wp:term":[{"taxonomy":"category","embeddable":true,"href":"https:\/\/www.suso-club.at\/de\/wp-json\/wp\/v2\/categories?post=2854"},{"taxonomy":"post_tag","embeddable":true,"href":"https:\/\/www.suso-club.at\/de\/wp-json\/wp\/v2\/tags?post=2854"}],"curies":[{"name":"wp","href":"https:\/\/api.w.org\/{rel}","templated":true}]}}