{"id":2937,"date":"2019-04-09T08:31:47","date_gmt":"2019-04-09T06:31:47","guid":{"rendered":"http:\/\/www.suso-club.at\/?p=2937"},"modified":"2019-04-10T08:44:43","modified_gmt":"2019-04-10T06:44:43","slug":"die-trauben-haengen-hoch","status":"publish","type":"post","link":"https:\/\/www.suso-club.at\/de\/2019\/04\/09\/die-trauben-haengen-hoch\/","title":{"rendered":"Die Trauben h\u00e4ngen hoch"},"content":{"rendered":"<p><span class=\"Apple-converted-space\">Von\u00a0<\/span>Freitag, 5.4 \u00a0bis Sonntag, 7.4. fand in Tschechien (Ostrava) die <strong>CEYOC 2019<\/strong> (Central European Youth Orienteering Championship) mit drei Bewerben statt. Das \u00f6sterreichische Damen-Jugendteam wurde dabei ausschlie\u00dflich von <strong>SUSO-L\u00e4uferinnen<\/strong> repr\u00e4sentiert. Der internationale Vergleich zeigte den Leistungsstand unserer Nachwuchshoffnungen. <strong>Hannah Winkler<\/strong> konnte im Sprint mit <strong>Platz 11<\/strong> das beste Ergebnis einfahren.<\/p>\n<p>ein Bericht von Hannah Winkler:<br \/>\n<em>\u00a0 \u00a0 \u00a0Dieses Jahr nahm \u00d6sterreich erstmalig daran teil und wurde von 2 Teams vertreten, welche von Werner Pietsch betreut wurden. F\u00fcr das<span class=\"Apple-converted-space\">\u00a0 <\/span>M16er-Team liefen Lukas Wieser, Joel Prutsch, Peter Brabek und David Rapotz. Bei den Damen gingen Laura K\u00f6nig, Hannah Winkler und Flora Aigm\u00fcller an den Start.<br \/>\n<\/em><em>Am Freitag, nach ca. 5 Stunden Fahrt, ging es los mit einem Sprint durch ein eingestelltes Industriegebiet. Die Strecken waren nicht sehr anspruchsvoll gelegt und das Laufen wurde sehr in den Vordergrund gestellt.<br \/>\n<\/em><em>Nach einer unruhigen Schlaf-Nacht in einem Turnsaal, startete der n\u00e4chste Tag <\/em><em>mit der\u00a0Langdistanz. Das Wetter war regnerisch, doch im Laufe des Tages hat sich dieses gebessert. Auch bei diesem Lauf kam es auf die l\u00e4uferische Komponente an. Deshalb hatten wir auch wenig Chance gegen die starken Gegner, die vor allem aus Tschechien und Ungarn kamen.<span class=\"Apple-converted-space\"><br \/>\n<\/span><\/em><em>Zum Abschluss der 3 Tage fand eine Staffel statt. Es ging durch Wald und Wiesen und die Buben-Staffel konnte den hervorragenden 4. Platz erreichen. Obwohl der erhoffte Stockerlplatz ausblieb fuhren wir mit vielen neuen Erfahrungen wieder nach Hause.<\/em><\/p>\n<p>Ergebnisse: <a href=\"https:\/\/liveresultat.orientering.se\/followfull.php?comp=15247&amp;lang=sv\">Sprint<\/a>, <a href=\"https:\/\/liveresultat.orientering.se\/followfull.php?comp=15259&amp;lang=sv\">\u00a0Lang, <\/a>Staffel<\/p>\n<figure id=\"attachment_2935\" aria-describedby=\"caption-attachment-2935\" style=\"width: 617px\" class=\"wp-caption alignnone\"><img decoding=\"async\" loading=\"lazy\" class=\"size-full wp-image-2935\" src=\"http:\/\/www.suso-club.at\/wp-content\/uploads\/2019\/04\/CEYOC-6.jpg\" alt=\"\" width=\"617\" height=\"390\" srcset=\"https:\/\/www.suso-club.at\/wp-content\/uploads\/2019\/04\/CEYOC-6.jpg 617w, https:\/\/www.suso-club.at\/wp-content\/uploads\/2019\/04\/CEYOC-6-300x190.jpg 300w\" sizes=\"(max-width: 617px) 100vw, 617px\" \/><figcaption id=\"caption-attachment-2935\" class=\"wp-caption-text\">Hanna Winkler \u00fcbergibt an Flora Aigm\u00fcller<\/figcaption><\/figure>\n<figure id=\"attachment_2942\" aria-describedby=\"caption-attachment-2942\" style=\"width: 604px\" class=\"wp-caption alignnone\"><img decoding=\"async\" loading=\"lazy\" class=\"size-large wp-image-2942\" src=\"http:\/\/www.suso-club.at\/wp-content\/uploads\/2019\/04\/map-sprint-1024x685.png\" alt=\"\" width=\"604\" height=\"404\" srcset=\"https:\/\/www.suso-club.at\/wp-content\/uploads\/2019\/04\/map-sprint-1024x685.png 1024w, https:\/\/www.suso-club.at\/wp-content\/uploads\/2019\/04\/map-sprint-300x201.png 300w, https:\/\/www.suso-club.at\/wp-content\/uploads\/2019\/04\/map-sprint-768x514.png 768w, https:\/\/www.suso-club.at\/wp-content\/uploads\/2019\/04\/map-sprint.png 1113w\" sizes=\"(max-width: 604px) 100vw, 604px\" \/><figcaption id=\"caption-attachment-2942\" class=\"wp-caption-text\">Sprint im Industriegebiet<\/figcaption><\/figure>\n<figure id=\"attachment_2934\" aria-describedby=\"caption-attachment-2934\" style=\"width: 805px\" class=\"wp-caption alignnone\"><img decoding=\"async\" loading=\"lazy\" class=\"size-full wp-image-2934\" src=\"http:\/\/www.suso-club.at\/wp-content\/uploads\/2019\/04\/CEYOC-7.jpg\" alt=\"\" width=\"805\" height=\"509\" srcset=\"https:\/\/www.suso-club.at\/wp-content\/uploads\/2019\/04\/CEYOC-7.jpg 805w, https:\/\/www.suso-club.at\/wp-content\/uploads\/2019\/04\/CEYOC-7-300x190.jpg 300w, https:\/\/www.suso-club.at\/wp-content\/uploads\/2019\/04\/CEYOC-7-768x486.jpg 768w\" sizes=\"(max-width: 805px) 100vw, 805px\" \/><figcaption id=\"caption-attachment-2934\" class=\"wp-caption-text\">Das Jugendteam u.a. mit Hannah, Flora und Laura<\/figcaption><\/figure>\n","protected":false},"excerpt":{"rendered":"<p>Von\u00a0Freitag, 5.4 \u00a0bis Sonntag, 7.4. fand in Tschechien (Ostrava) die CEYOC 2019 (Central European Youth Orienteering Championship) mit drei Bewerben statt. Das \u00f6sterreichische Damen-Jugendteam wurde dabei ausschlie\u00dflich von SUSO-L\u00e4uferinnen repr\u00e4sentiert. Der internationale Vergleich zeigte den Leistungsstand unserer Nachwuchshoffnungen. Hannah Winkler konnte im Sprint mit Platz 11 das beste Ergebnis einfahren. ein Bericht von Hannah Winkler: &hellip; <a href=\"https:\/\/www.suso-club.at\/de\/2019\/04\/09\/die-trauben-haengen-hoch\/\" class=\"more-link\"><span class=\"screen-reader-text\">Die Trauben h\u00e4ngen hoch<\/span> weiterlesen <span class=\"meta-nav\">&rarr;<\/span><\/a><\/p>\n","protected":false},"author":8,"featured_media":2936,"comment_status":"closed","ping_status":"open","sticky":false,"template":"","format":"standard","meta":[],"categories":[1,8,4],"tags":[],"translation":{"provider":"WPGlobus","version":"2.12.2","language":"de","enabled_languages":["en","de"],"languages":{"en":{"title":true,"content":true,"excerpt":false},"de":{"title":false,"content":false,"excerpt":false}}},"_links":{"self":[{"href":"https:\/\/www.suso-club.at\/de\/wp-json\/wp\/v2\/posts\/2937"}],"collection":[{"href":"https:\/\/www.suso-club.at\/de\/wp-json\/wp\/v2\/posts"}],"about":[{"href":"https:\/\/www.suso-club.at\/de\/wp-json\/wp\/v2\/types\/post"}],"author":[{"embeddable":true,"href":"https:\/\/www.suso-club.at\/de\/wp-json\/wp\/v2\/users\/8"}],"replies":[{"embeddable":true,"href":"https:\/\/www.suso-club.at\/de\/wp-json\/wp\/v2\/comments?post=2937"}],"version-history":[{"count":6,"href":"https:\/\/www.suso-club.at\/de\/wp-json\/wp\/v2\/posts\/2937\/revisions"}],"predecessor-version":[{"id":2946,"href":"https:\/\/www.suso-club.at\/de\/wp-json\/wp\/v2\/posts\/2937\/revisions\/2946"}],"wp:featuredmedia":[{"embeddable":true,"href":"https:\/\/www.suso-club.at\/de\/wp-json\/wp\/v2\/media\/2936"}],"wp:attachment":[{"href":"https:\/\/www.suso-club.at\/de\/wp-json\/wp\/v2\/media?parent=2937"}],"wp:term":[{"taxonomy":"category","embeddable":true,"href":"https:\/\/www.suso-club.at\/de\/wp-json\/wp\/v2\/categories?post=2937"},{"taxonomy":"post_tag","embeddable":true,"href":"https:\/\/www.suso-club.at\/de\/wp-json\/wp\/v2\/tags?post=2937"}],"curies":[{"name":"wp","href":"https:\/\/api.w.org\/{rel}","templated":true}]}}