{"id":3098,"date":"2019-06-03T21:28:23","date_gmt":"2019-06-03T19:28:23","guid":{"rendered":"http:\/\/www.suso-club.at\/?p=3098"},"modified":"2019-06-03T22:32:27","modified_gmt":"2019-06-03T20:32:27","slug":"orientierungslauf-bei-freunden","status":"publish","type":"post","link":"https:\/\/www.suso-club.at\/de\/2019\/06\/03\/orientierungslauf-bei-freunden\/","title":{"rendered":"Orientierungslauf bei Freunden"},"content":{"rendered":"<p>Mit zwei tollen Wettk\u00e4mpfen machten unsere Freunde aus K\u00e4rnten beste Werbung f\u00fcr den OL-Sport sowie Lust auf Urlaub in einer sch\u00f6nen Gegend.<br \/>\nSamstag Nachmittag stand die Mitteldistanz in Schiefling, in einem typischen anspruchsvollen K\u00e4rntner Laufgebiet,\u00a0am Programm. Aufgrund vieler\u00a0privater Verpflichtungen, wie z.B. Firmung einiger Nachwuchsdamen, fuhren\u00a0wir diesmal leicht geschw\u00e4cht ins s\u00fcdliche Bundesland. Hanna Winkler holte mit einem tollen Lauf den Sieg, Laura K\u00f6nig schaffte Platz 3 in der Kategorie D16Elite. Marie Bisping musste sich in D-14 nur<span class=\"Apple-converted-space\">\u00a0 <\/span>Emily Adenstedt geschlagen geben. Einen starken Auftritt hatte Julian Torggler, der in der Hobbyklasse\u00a0einen \u00fcberlegenen Sieg einfahren konnte, obwohl der Lauf f\u00fcr diese Kategorie zu schwierig gesetzt war.<br \/>\n<span class=\"Apple-converted-space\">Am Sonntag zeigte sich der Weissensee von seiner besten Seite. Strahlender Sonnenschein, ein tolles Ambiente am Campingplatz und dazu ein sch\u00f6nes Laufgebiet. Ideal f\u00fcr einen Staffelwettkampf. Wieder konnten unsere erfolgsverw\u00f6hnten Damen, einige am Samstag Abend nachgereist, gute Figur machen. In\u00a0D-18 holte das Trio Flora Aigm\u00fcller, Hannah Winkler und Laura K\u00f6nig den 2. Platz. Auch in der Kategorie D-14 liefen Camille\u00a0<\/span>Aigm\u00fcller, Marie Bisping und \u00a0Kerstin Holzer auf Platz 2.\u00a0 Erw\u00e4hnenswert sind\u00a0noch der 5.Platz in der Damen Elite durch Anna Lueger, Lisa Pacher und Viktoria Knauder sowie Gustav Greiner, der als 15 j\u00e4hriger bei den Herren Elite sein Potential zeigte.\u00a0Auch Irene Greiner-L\u00f6schnig machte gute Figur auf der Damen-Elitestrecke. Alle weiteren Staffell\u00e4ufer\u00a0in den Seniorenkategorien genossen ihren Lauf.<\/p>\n<p><a href=\"http:\/\/www.oefol.at\/anne\/?p=1&amp;q=3&amp;id=2579\">Ergebnisse Mitteldistanz<\/a><br \/>\n<a href=\"http:\/\/www.oefol.at\/anne\/?p=1&amp;q=3&amp;id=2713\">Ergebnisse Staffel<\/a><\/p>\n<figure id=\"attachment_3092\" aria-describedby=\"caption-attachment-3092\" style=\"width: 604px\" class=\"wp-caption alignnone\"><img decoding=\"async\" loading=\"lazy\" class=\"size-large wp-image-3092\" src=\"http:\/\/www.suso-club.at\/wp-content\/uploads\/2019\/06\/19-AcK\u00e4rnten-38-1024x685.jpg\" alt=\"\" width=\"604\" height=\"404\" srcset=\"https:\/\/www.suso-club.at\/wp-content\/uploads\/2019\/06\/19-AcK\u00e4rnten-38-1024x685.jpg 1024w, https:\/\/www.suso-club.at\/wp-content\/uploads\/2019\/06\/19-AcK\u00e4rnten-38-300x201.jpg 300w, https:\/\/www.suso-club.at\/wp-content\/uploads\/2019\/06\/19-AcK\u00e4rnten-38-768x514.jpg 768w\" sizes=\"(max-width: 604px) 100vw, 604px\" \/><figcaption id=\"caption-attachment-3092\" class=\"wp-caption-text\">Sieg f\u00fcr Hannah Winkler auf der Mitteldistanz<\/figcaption><\/figure>\n<figure id=\"attachment_3094\" aria-describedby=\"caption-attachment-3094\" style=\"width: 769px\" class=\"wp-caption alignnone\"><img decoding=\"async\" loading=\"lazy\" class=\"size-full wp-image-3094\" src=\"http:\/\/www.suso-club.at\/wp-content\/uploads\/2019\/06\/19-AcK\u00e4rnten-5.jpg\" alt=\"\" width=\"769\" height=\"549\" srcset=\"https:\/\/www.suso-club.at\/wp-content\/uploads\/2019\/06\/19-AcK\u00e4rnten-5.jpg 769w, https:\/\/www.suso-club.at\/wp-content\/uploads\/2019\/06\/19-AcK\u00e4rnten-5-300x214.jpg 300w, https:\/\/www.suso-club.at\/wp-content\/uploads\/2019\/06\/19-AcK\u00e4rnten-5-768x548.jpg 768w\" sizes=\"(max-width: 769px) 100vw, 769px\" \/><figcaption id=\"caption-attachment-3094\" class=\"wp-caption-text\">Gutes Staffelrennen von Kerstin Holzer<\/figcaption><\/figure>\n<figure id=\"attachment_3091\" aria-describedby=\"caption-attachment-3091\" style=\"width: 604px\" class=\"wp-caption alignnone\"><img decoding=\"async\" loading=\"lazy\" class=\"size-large wp-image-3091\" src=\"http:\/\/www.suso-club.at\/wp-content\/uploads\/2019\/06\/19-AcK\u00e4rnten-44-1024x678.jpg\" alt=\"\" width=\"604\" height=\"400\" srcset=\"https:\/\/www.suso-club.at\/wp-content\/uploads\/2019\/06\/19-AcK\u00e4rnten-44-1024x678.jpg 1024w, https:\/\/www.suso-club.at\/wp-content\/uploads\/2019\/06\/19-AcK\u00e4rnten-44-300x199.jpg 300w, https:\/\/www.suso-club.at\/wp-content\/uploads\/2019\/06\/19-AcK\u00e4rnten-44-768x509.jpg 768w\" sizes=\"(max-width: 604px) 100vw, 604px\" \/><figcaption id=\"caption-attachment-3091\" class=\"wp-caption-text\">Lisa Pacher beim Durchlauf zur Schlussschleife<\/figcaption><\/figure>\n<figure id=\"attachment_3090\" aria-describedby=\"caption-attachment-3090\" style=\"width: 604px\" class=\"wp-caption alignnone\"><img decoding=\"async\" loading=\"lazy\" class=\"size-large wp-image-3090\" src=\"http:\/\/www.suso-club.at\/wp-content\/uploads\/2019\/06\/19-AcK\u00e4rnten-42-1024x680.jpg\" alt=\"\" width=\"604\" height=\"401\" srcset=\"https:\/\/www.suso-club.at\/wp-content\/uploads\/2019\/06\/19-AcK\u00e4rnten-42-1024x680.jpg 1024w, https:\/\/www.suso-club.at\/wp-content\/uploads\/2019\/06\/19-AcK\u00e4rnten-42-300x199.jpg 300w, https:\/\/www.suso-club.at\/wp-content\/uploads\/2019\/06\/19-AcK\u00e4rnten-42-768x510.jpg 768w\" sizes=\"(max-width: 604px) 100vw, 604px\" \/><figcaption id=\"caption-attachment-3090\" class=\"wp-caption-text\">Erfolgreiches\u00a0Wochenende f\u00fcr Marie Bisping mit 2x Platz 2<\/figcaption><\/figure>\n<figure id=\"attachment_3095\" aria-describedby=\"caption-attachment-3095\" style=\"width: 604px\" class=\"wp-caption alignnone\"><img decoding=\"async\" loading=\"lazy\" class=\"size-large wp-image-3095\" src=\"http:\/\/www.suso-club.at\/wp-content\/uploads\/2019\/06\/19-AcK\u00e4rnten-40-1024x694.jpg\" alt=\"\" width=\"604\" height=\"409\" srcset=\"https:\/\/www.suso-club.at\/wp-content\/uploads\/2019\/06\/19-AcK\u00e4rnten-40-1024x694.jpg 1024w, https:\/\/www.suso-club.at\/wp-content\/uploads\/2019\/06\/19-AcK\u00e4rnten-40-300x203.jpg 300w, https:\/\/www.suso-club.at\/wp-content\/uploads\/2019\/06\/19-AcK\u00e4rnten-40-768x520.jpg 768w\" sizes=\"(max-width: 604px) 100vw, 604px\" \/><figcaption id=\"caption-attachment-3095\" class=\"wp-caption-text\">Thomas Aigm\u00fcller beim Zuschauerposten<\/figcaption><\/figure>\n<figure id=\"attachment_3093\" aria-describedby=\"caption-attachment-3093\" style=\"width: 604px\" class=\"wp-caption alignnone\"><img decoding=\"async\" loading=\"lazy\" class=\"size-large wp-image-3093\" src=\"http:\/\/www.suso-club.at\/wp-content\/uploads\/2019\/06\/19-AcK\u00e4rnten-2-1024x713.jpg\" alt=\"\" width=\"604\" height=\"421\" srcset=\"https:\/\/www.suso-club.at\/wp-content\/uploads\/2019\/06\/19-AcK\u00e4rnten-2-1024x713.jpg 1024w, https:\/\/www.suso-club.at\/wp-content\/uploads\/2019\/06\/19-AcK\u00e4rnten-2-300x209.jpg 300w, https:\/\/www.suso-club.at\/wp-content\/uploads\/2019\/06\/19-AcK\u00e4rnten-2-768x535.jpg 768w, https:\/\/www.suso-club.at\/wp-content\/uploads\/2019\/06\/19-AcK\u00e4rnten-2.jpg 1255w\" sizes=\"(max-width: 604px) 100vw, 604px\" \/><figcaption id=\"caption-attachment-3093\" class=\"wp-caption-text\">Staffel\u00fcbergabe<\/figcaption><\/figure>\n<figure id=\"attachment_3088\" aria-describedby=\"caption-attachment-3088\" style=\"width: 604px\" class=\"wp-caption alignnone\"><img decoding=\"async\" loading=\"lazy\" class=\"size-large wp-image-3088\" src=\"http:\/\/www.suso-club.at\/wp-content\/uploads\/2019\/06\/19-AcK\u00e4rnten-51-1024x680.jpg\" alt=\"2.Platz Damen -14\" width=\"604\" height=\"401\" srcset=\"https:\/\/www.suso-club.at\/wp-content\/uploads\/2019\/06\/19-AcK\u00e4rnten-51-1024x680.jpg 1024w, https:\/\/www.suso-club.at\/wp-content\/uploads\/2019\/06\/19-AcK\u00e4rnten-51-300x199.jpg 300w, https:\/\/www.suso-club.at\/wp-content\/uploads\/2019\/06\/19-AcK\u00e4rnten-51-768x510.jpg 768w\" sizes=\"(max-width: 604px) 100vw, 604px\" \/><figcaption id=\"caption-attachment-3088\" class=\"wp-caption-text\">Damen -14: 2. Platz<\/figcaption><\/figure>\n<figure id=\"attachment_3089\" aria-describedby=\"caption-attachment-3089\" style=\"width: 604px\" class=\"wp-caption alignnone\"><img decoding=\"async\" loading=\"lazy\" class=\"size-large wp-image-3089\" src=\"http:\/\/www.suso-club.at\/wp-content\/uploads\/2019\/06\/19-AcK\u00e4rnten-52-1024x680.jpg\" alt=\"\" width=\"604\" height=\"401\" srcset=\"https:\/\/www.suso-club.at\/wp-content\/uploads\/2019\/06\/19-AcK\u00e4rnten-52-1024x680.jpg 1024w, https:\/\/www.suso-club.at\/wp-content\/uploads\/2019\/06\/19-AcK\u00e4rnten-52-300x199.jpg 300w, https:\/\/www.suso-club.at\/wp-content\/uploads\/2019\/06\/19-AcK\u00e4rnten-52-768x510.jpg 768w\" sizes=\"(max-width: 604px) 100vw, 604px\" \/><figcaption id=\"caption-attachment-3089\" class=\"wp-caption-text\">Damen -18: 2.Platz<\/figcaption><\/figure>\n","protected":false},"excerpt":{"rendered":"<p>Mit zwei tollen Wettk\u00e4mpfen machten unsere Freunde aus K\u00e4rnten beste Werbung f\u00fcr den OL-Sport sowie Lust auf Urlaub in einer sch\u00f6nen Gegend. Samstag Nachmittag stand die Mitteldistanz in Schiefling, in einem typischen anspruchsvollen K\u00e4rntner Laufgebiet,\u00a0am Programm. Aufgrund vieler\u00a0privater Verpflichtungen, wie z.B. Firmung einiger Nachwuchsdamen, fuhren\u00a0wir diesmal leicht geschw\u00e4cht ins s\u00fcdliche Bundesland. Hanna Winkler holte mit &hellip; <a href=\"https:\/\/www.suso-club.at\/de\/2019\/06\/03\/orientierungslauf-bei-freunden\/\" class=\"more-link\"><span class=\"screen-reader-text\">Orientierungslauf bei Freunden<\/span> weiterlesen <span class=\"meta-nav\">&rarr;<\/span><\/a><\/p>\n","protected":false},"author":8,"featured_media":3097,"comment_status":"closed","ping_status":"open","sticky":false,"template":"","format":"standard","meta":[],"categories":[1,5,4],"tags":[],"translation":{"provider":"WPGlobus","version":"2.12.2","language":"de","enabled_languages":["en","de"],"languages":{"en":{"title":true,"content":true,"excerpt":false},"de":{"title":false,"content":false,"excerpt":false}}},"_links":{"self":[{"href":"https:\/\/www.suso-club.at\/de\/wp-json\/wp\/v2\/posts\/3098"}],"collection":[{"href":"https:\/\/www.suso-club.at\/de\/wp-json\/wp\/v2\/posts"}],"about":[{"href":"https:\/\/www.suso-club.at\/de\/wp-json\/wp\/v2\/types\/post"}],"author":[{"embeddable":true,"href":"https:\/\/www.suso-club.at\/de\/wp-json\/wp\/v2\/users\/8"}],"replies":[{"embeddable":true,"href":"https:\/\/www.suso-club.at\/de\/wp-json\/wp\/v2\/comments?post=3098"}],"version-history":[{"count":6,"href":"https:\/\/www.suso-club.at\/de\/wp-json\/wp\/v2\/posts\/3098\/revisions"}],"predecessor-version":[{"id":3105,"href":"https:\/\/www.suso-club.at\/de\/wp-json\/wp\/v2\/posts\/3098\/revisions\/3105"}],"wp:featuredmedia":[{"embeddable":true,"href":"https:\/\/www.suso-club.at\/de\/wp-json\/wp\/v2\/media\/3097"}],"wp:attachment":[{"href":"https:\/\/www.suso-club.at\/de\/wp-json\/wp\/v2\/media?parent=3098"}],"wp:term":[{"taxonomy":"category","embeddable":true,"href":"https:\/\/www.suso-club.at\/de\/wp-json\/wp\/v2\/categories?post=3098"},{"taxonomy":"post_tag","embeddable":true,"href":"https:\/\/www.suso-club.at\/de\/wp-json\/wp\/v2\/tags?post=3098"}],"curies":[{"name":"wp","href":"https:\/\/api.w.org\/{rel}","templated":true}]}}