{"id":3275,"date":"2019-08-27T20:51:59","date_gmt":"2019-08-27T18:51:59","guid":{"rendered":"http:\/\/www.suso-club.at\/?p=3275"},"modified":"2019-08-27T20:54:21","modified_gmt":"2019-08-27T18:54:21","slug":"jetzt-wartet-die-herbstsaison","status":"publish","type":"post","link":"https:\/\/www.suso-club.at\/de\/2019\/08\/27\/jetzt-wartet-die-herbstsaison\/","title":{"rendered":"Jetzt wartet die Herbstsaison"},"content":{"rendered":"<p>Sofort nach Schulbeginn warten die n\u00e4chsten Highlights der \u00f6sterr. Orientierungslauf -Saison. Am 14.\/15.September stehen im Zirbenland auf der Seetaleralm drei\u00a0Wettbewerbe auf dem Programm. Der OLC Graz organisiert einen Waldsprint \u2013 \u00fcblich sind ja Sprints im urbanen Raum \u2013 sowie die Mixed Sprintstaffel am Truppen\u00fcbungsplatz. Am Sonntag folgt dann die Langdistanz \u00fcber und unter der Baumgrenze. Hier wartet sicher\u00a0ein tolles Naturerlebnis auf die Teilnehmer.<br \/>\nEine Woche sp\u00e4ter geht im Norden von \u00d6sterreich ein grenz\u00fcberschreitender Bewerb in Szene. Der HSV Wr. Neustadt organisiert gemeinsam mit einem tschechischen Verein bei Litschau die Staatsmeisterschaften \u00fcber die\u00a0Mitteldistanz und die \u00f6sterr. Meisterschaften \u00fcber die\u00a0Langdistanz .<br \/>\nGemeinsam mit dem OC F\u00fcrstenfeld werden einige Jugendliche noch zwei Trainingstage anh\u00e4ngen, um in dem selektiven Gel\u00e4nde, welches mit Granitbl\u00f6cken \u00fcbers\u00e4t ist, noch technische Fertigkeiten zu \u00fcben.<br \/>\nNach der Sommerpause, in der die Orientieren an zahlreichen internationalen Events teilnehmen, ist man schon gespannt, wie die Formkurve der Starter sich entwickelt hat.<\/p>\n<p><a href=\"http:\/\/www.oefol.at\/anne\/files\/uploaded\/event_2806_ausschreibung-zirbenland-open-2019.pdf\">Info Zirbenland<\/a><br \/>\n<a href=\"http:\/\/www.oefol.at\/anne\/files\/uploaded\/event_2621_ausschreibung-orienteering-unlimited-anne.pdf\">Info Litschau<\/a><\/p>\n<figure id=\"attachment_3272\" aria-describedby=\"caption-attachment-3272\" style=\"width: 604px\" class=\"wp-caption alignnone\"><img decoding=\"async\" loading=\"lazy\" class=\"size-large wp-image-3272\" src=\"http:\/\/www.suso-club.at\/wp-content\/uploads\/2019\/08\/kleiner-winterleitensee-1024x733.jpg\" alt=\"\" width=\"604\" height=\"432\" srcset=\"https:\/\/www.suso-club.at\/wp-content\/uploads\/2019\/08\/kleiner-winterleitensee-1024x733.jpg 1024w, https:\/\/www.suso-club.at\/wp-content\/uploads\/2019\/08\/kleiner-winterleitensee-300x215.jpg 300w, https:\/\/www.suso-club.at\/wp-content\/uploads\/2019\/08\/kleiner-winterleitensee-768x549.jpg 768w, https:\/\/www.suso-club.at\/wp-content\/uploads\/2019\/08\/kleiner-winterleitensee.jpg 1184w\" sizes=\"(max-width: 604px) 100vw, 604px\" \/><figcaption id=\"caption-attachment-3272\" class=\"wp-caption-text\">pr\u00e4chtige Landschaft im Zirbenland<\/figcaption><\/figure>\n<figure id=\"attachment_3274\" aria-describedby=\"caption-attachment-3274\" style=\"width: 605px\" class=\"wp-caption alignnone\"><img decoding=\"async\" loading=\"lazy\" class=\"size-full wp-image-3274\" src=\"http:\/\/www.suso-club.at\/wp-content\/uploads\/2019\/08\/wackelstein.jpg\" alt=\"\" width=\"605\" height=\"427\" srcset=\"https:\/\/www.suso-club.at\/wp-content\/uploads\/2019\/08\/wackelstein.jpg 605w, https:\/\/www.suso-club.at\/wp-content\/uploads\/2019\/08\/wackelstein-300x212.jpg 300w\" sizes=\"(max-width: 605px) 100vw, 605px\" \/><figcaption id=\"caption-attachment-3274\" class=\"wp-caption-text\">Wackelsteine im Granit-und Gneisplateau der B\u00f6hmischen Masse<\/figcaption><\/figure>\n","protected":false},"excerpt":{"rendered":"<p>Sofort nach Schulbeginn warten die n\u00e4chsten Highlights der \u00f6sterr. Orientierungslauf -Saison. Am 14.\/15.September stehen im Zirbenland auf der Seetaleralm drei\u00a0Wettbewerbe auf dem Programm. Der OLC Graz organisiert einen Waldsprint \u2013 \u00fcblich sind ja Sprints im urbanen Raum \u2013 sowie die Mixed Sprintstaffel am Truppen\u00fcbungsplatz. Am Sonntag folgt dann die Langdistanz \u00fcber und unter der Baumgrenze. &hellip; <a href=\"https:\/\/www.suso-club.at\/de\/2019\/08\/27\/jetzt-wartet-die-herbstsaison\/\" class=\"more-link\"><span class=\"screen-reader-text\">Jetzt wartet die Herbstsaison<\/span> weiterlesen <span class=\"meta-nav\">&rarr;<\/span><\/a><\/p>\n","protected":false},"author":8,"featured_media":3273,"comment_status":"closed","ping_status":"open","sticky":false,"template":"","format":"standard","meta":[],"categories":[1,5,4],"tags":[],"translation":{"provider":"WPGlobus","version":"2.12.2","language":"de","enabled_languages":["en","de"],"languages":{"en":{"title":true,"content":true,"excerpt":false},"de":{"title":false,"content":false,"excerpt":false}}},"_links":{"self":[{"href":"https:\/\/www.suso-club.at\/de\/wp-json\/wp\/v2\/posts\/3275"}],"collection":[{"href":"https:\/\/www.suso-club.at\/de\/wp-json\/wp\/v2\/posts"}],"about":[{"href":"https:\/\/www.suso-club.at\/de\/wp-json\/wp\/v2\/types\/post"}],"author":[{"embeddable":true,"href":"https:\/\/www.suso-club.at\/de\/wp-json\/wp\/v2\/users\/8"}],"replies":[{"embeddable":true,"href":"https:\/\/www.suso-club.at\/de\/wp-json\/wp\/v2\/comments?post=3275"}],"version-history":[{"count":2,"href":"https:\/\/www.suso-club.at\/de\/wp-json\/wp\/v2\/posts\/3275\/revisions"}],"predecessor-version":[{"id":3279,"href":"https:\/\/www.suso-club.at\/de\/wp-json\/wp\/v2\/posts\/3275\/revisions\/3279"}],"wp:featuredmedia":[{"embeddable":true,"href":"https:\/\/www.suso-club.at\/de\/wp-json\/wp\/v2\/media\/3273"}],"wp:attachment":[{"href":"https:\/\/www.suso-club.at\/de\/wp-json\/wp\/v2\/media?parent=3275"}],"wp:term":[{"taxonomy":"category","embeddable":true,"href":"https:\/\/www.suso-club.at\/de\/wp-json\/wp\/v2\/categories?post=3275"},{"taxonomy":"post_tag","embeddable":true,"href":"https:\/\/www.suso-club.at\/de\/wp-json\/wp\/v2\/tags?post=3275"}],"curies":[{"name":"wp","href":"https:\/\/api.w.org\/{rel}","templated":true}]}}