{"id":3295,"date":"2019-09-17T12:01:17","date_gmt":"2019-09-17T10:01:17","guid":{"rendered":"http:\/\/www.suso-club.at\/?p=3295"},"modified":"2019-09-17T13:57:00","modified_gmt":"2019-09-17T11:57:00","slug":"traumhaftes-zirbenland-als-wuerdige-wettkampfstaette","status":"publish","type":"post","link":"https:\/\/www.suso-club.at\/de\/2019\/09\/17\/traumhaftes-zirbenland-als-wuerdige-wettkampfstaette\/","title":{"rendered":"Traumhaftes Zirbenland als w\u00fcrdige Wettkampfst\u00e4tte"},"content":{"rendered":"<p>Traumhaftes Wetter und ein tolles Gebiet an der Baumgrenze kennzeichneten die drei L\u00e4ufe im Zirbenland auf der Seetaler Alpe. Den Auftakt bildete am Samstag der 5.Austria Cup als Waldsprint, gefolgt von der Mixed-Sprint-Staffel im Bereich des Wettkampfzentrums (Truppen\u00fcbungsplatz). Am Sonntag ging es dann bei Kaiserwetter teils \u00fcber der Baumgrenze rund um den Winterleitensee beim 6.Austria-Cup \u00fcber die Langdistanz um wertvolle Punkte f\u00fcr die Gesamtwertung.<br \/>\nAus <strong>SUSO-Sicht<\/strong> konnten an diesem Wochenende folgende L\u00e4ufer\/innen hervorragende Leistungen erbringen. Flora Aigm\u00fclller holte sowohl bei Sprint als auch\u00a0auf der Langdistanz in D16E Platz 1. Theresa Monsberger musste sich in D14 zweimal mit Platz 2 begn\u00fcgen.<br \/>\nBei der <strong>Mixed-Staffel<\/strong> konnten unsere Jugendlichen (Flora Aigm\u00fcller, Laura K\u00f6nig und Gustav Greiner) \u00fcber Bronze\u00a0jubeln. Zu stark waren die Gegner, die aber im Team jeweils zwei Burschen am Start hatten. Bei der Elite konnte das Quintett Lisa Pacher, Sandro Schachner, Christoph Wendner und Anna Lueger auf Platz 9 laufen.<br \/>\nIn der <strong>Zweitageswertung<\/strong> erreichten noch Hannah Winkler (3.) und Laura K\u00f6nig (4.) in D16E bzw. Camilla Aigm\u00fcller (3.) und Marie Bisping (4.) in D14 ausgezeichnete Platzierungen.<br \/>\nBei den Hobbyl\u00e4ufern belegte bei den Damen Martina Aigm\u00fcller Platz 1, Ingrid Lueger Platz 3 sowie bei den Herren Markus Greiner Platz 2 und Gerald Pischinger Platz 3.<\/p>\n<p><a href=\"http:\/\/www.oefol.at\/anne\/files\/uploaded\/event_2806_sprintzirbenlandopen2019.pdf\">Ergebnisse 5.AC Sprintdistanz<\/a><br \/>\n<a href=\"http:\/\/www.oefol.at\/anne\/files\/uploaded\/event_2551_erg140919.html\">Ergebnisse Mixed-Relay<\/a><br \/>\n<a href=\"http:\/\/www.oefol.at\/anne\/files\/uploaded\/event_2806_erg150919.html\">Ergebnisse 6.AC Langdistanz<\/a><\/p>\n<figure id=\"attachment_3282\" aria-describedby=\"caption-attachment-3282\" style=\"width: 793px\" class=\"wp-caption alignnone\"><img decoding=\"async\" loading=\"lazy\" class=\"size-full wp-image-3282\" src=\"http:\/\/www.suso-club.at\/wp-content\/uploads\/2019\/09\/19-AcZirb-163.jpg\" alt=\"\" width=\"793\" height=\"582\" srcset=\"https:\/\/www.suso-club.at\/wp-content\/uploads\/2019\/09\/19-AcZirb-163.jpg 793w, https:\/\/www.suso-club.at\/wp-content\/uploads\/2019\/09\/19-AcZirb-163-300x220.jpg 300w, https:\/\/www.suso-club.at\/wp-content\/uploads\/2019\/09\/19-AcZirb-163-768x564.jpg 768w\" sizes=\"(max-width: 793px) 100vw, 793px\" \/><figcaption id=\"caption-attachment-3282\" class=\"wp-caption-text\">Bronze f\u00fcr die Jugend bei der Mixed Staffel \u2013\u00a0K\u00f6nig, Aigm\u00fcller, Greiner<\/figcaption><\/figure>\n<figure id=\"attachment_3290\" aria-describedby=\"caption-attachment-3290\" style=\"width: 604px\" class=\"wp-caption alignnone\"><img decoding=\"async\" loading=\"lazy\" class=\"size-large wp-image-3290\" src=\"http:\/\/www.suso-club.at\/wp-content\/uploads\/2019\/09\/19-AcZirb-18-1024x711.jpg\" alt=\"\" width=\"604\" height=\"419\" srcset=\"https:\/\/www.suso-club.at\/wp-content\/uploads\/2019\/09\/19-AcZirb-18-1024x711.jpg 1024w, https:\/\/www.suso-club.at\/wp-content\/uploads\/2019\/09\/19-AcZirb-18-300x208.jpg 300w, https:\/\/www.suso-club.at\/wp-content\/uploads\/2019\/09\/19-AcZirb-18-768x533.jpg 768w\" sizes=\"(max-width: 604px) 100vw, 604px\" \/><figcaption id=\"caption-attachment-3290\" class=\"wp-caption-text\">Lisa Pacher als Startl\u00e4uferin beim Mixed-Relay<\/figcaption><\/figure>\n<figure id=\"attachment_3289\" aria-describedby=\"caption-attachment-3289\" style=\"width: 604px\" class=\"wp-caption alignnone\"><img decoding=\"async\" loading=\"lazy\" class=\"size-large wp-image-3289\" src=\"http:\/\/www.suso-club.at\/wp-content\/uploads\/2019\/09\/19-AcZirb-39-1024x697.jpg\" alt=\"\" width=\"604\" height=\"411\" srcset=\"https:\/\/www.suso-club.at\/wp-content\/uploads\/2019\/09\/19-AcZirb-39-1024x697.jpg 1024w, https:\/\/www.suso-club.at\/wp-content\/uploads\/2019\/09\/19-AcZirb-39-300x204.jpg 300w, https:\/\/www.suso-club.at\/wp-content\/uploads\/2019\/09\/19-AcZirb-39-768x523.jpg 768w\" sizes=\"(max-width: 604px) 100vw, 604px\" \/><figcaption id=\"caption-attachment-3289\" class=\"wp-caption-text\">Sandro Schachner vor \u00dcbergabe an Christopher Wendner<\/figcaption><\/figure>\n<figure id=\"attachment_3292\" aria-describedby=\"caption-attachment-3292\" style=\"width: 604px\" class=\"wp-caption alignnone\"><img decoding=\"async\" loading=\"lazy\" class=\"size-large wp-image-3292\" src=\"http:\/\/www.suso-club.at\/wp-content\/uploads\/2019\/09\/19-AcZirb-54-1024x726.jpg\" alt=\"\" width=\"604\" height=\"428\" srcset=\"https:\/\/www.suso-club.at\/wp-content\/uploads\/2019\/09\/19-AcZirb-54-1024x726.jpg 1024w, https:\/\/www.suso-club.at\/wp-content\/uploads\/2019\/09\/19-AcZirb-54-300x213.jpg 300w, https:\/\/www.suso-club.at\/wp-content\/uploads\/2019\/09\/19-AcZirb-54-768x545.jpg 768w\" sizes=\"(max-width: 604px) 100vw, 604px\" \/><figcaption id=\"caption-attachment-3292\" class=\"wp-caption-text\">Anna Lueger als Schlussl\u00e4uferin zu Platz 9.<\/figcaption><\/figure>\n<figure id=\"attachment_3297\" aria-describedby=\"caption-attachment-3297\" style=\"width: 604px\" class=\"wp-caption alignnone\"><img decoding=\"async\" loading=\"lazy\" class=\"size-large wp-image-3297\" src=\"http:\/\/www.suso-club.at\/wp-content\/uploads\/2019\/09\/19-AcZirb-33-Kopie-1024x683.jpg\" alt=\"\" width=\"604\" height=\"403\" srcset=\"https:\/\/www.suso-club.at\/wp-content\/uploads\/2019\/09\/19-AcZirb-33-Kopie-1024x683.jpg 1024w, https:\/\/www.suso-club.at\/wp-content\/uploads\/2019\/09\/19-AcZirb-33-Kopie-300x200.jpg 300w, https:\/\/www.suso-club.at\/wp-content\/uploads\/2019\/09\/19-AcZirb-33-Kopie-768x512.jpg 768w\" sizes=\"(max-width: 604px) 100vw, 604px\" \/><figcaption id=\"caption-attachment-3297\" class=\"wp-caption-text\">Flora Aigm\u00fcller setzte sich 2x in D16Elite durch<\/figcaption><\/figure>\n<figure id=\"attachment_3284\" aria-describedby=\"caption-attachment-3284\" style=\"width: 604px\" class=\"wp-caption alignnone\"><img decoding=\"async\" loading=\"lazy\" class=\"size-large wp-image-3284\" src=\"http:\/\/www.suso-club.at\/wp-content\/uploads\/2019\/09\/19-AcZirb-84-1024x739.jpg\" alt=\"\" width=\"604\" height=\"436\" srcset=\"https:\/\/www.suso-club.at\/wp-content\/uploads\/2019\/09\/19-AcZirb-84-1024x739.jpg 1024w, https:\/\/www.suso-club.at\/wp-content\/uploads\/2019\/09\/19-AcZirb-84-300x216.jpg 300w, https:\/\/www.suso-club.at\/wp-content\/uploads\/2019\/09\/19-AcZirb-84-768x554.jpg 768w\" sizes=\"(max-width: 604px) 100vw, 604px\" \/><figcaption id=\"caption-attachment-3284\" class=\"wp-caption-text\">Martina Aigm\u00fcller mit Siegen in Damen Hobby<\/figcaption><\/figure>\n<figure id=\"attachment_3288\" aria-describedby=\"caption-attachment-3288\" style=\"width: 604px\" class=\"wp-caption alignnone\"><img decoding=\"async\" loading=\"lazy\" class=\"size-large wp-image-3288\" src=\"http:\/\/www.suso-club.at\/wp-content\/uploads\/2019\/09\/19-AcZirb-61-Kopie-1024x717.jpg\" alt=\"\" width=\"604\" height=\"423\" srcset=\"https:\/\/www.suso-club.at\/wp-content\/uploads\/2019\/09\/19-AcZirb-61-Kopie-1024x717.jpg 1024w, https:\/\/www.suso-club.at\/wp-content\/uploads\/2019\/09\/19-AcZirb-61-Kopie-300x210.jpg 300w, https:\/\/www.suso-club.at\/wp-content\/uploads\/2019\/09\/19-AcZirb-61-Kopie-768x538.jpg 768w\" sizes=\"(max-width: 604px) 100vw, 604px\" \/><figcaption id=\"caption-attachment-3288\" class=\"wp-caption-text\">Markus Greiner mit Platz 2 (sprint) und Platz 1 (Lang) in Herren Hobby<\/figcaption><\/figure>\n<figure id=\"attachment_3293\" aria-describedby=\"caption-attachment-3293\" style=\"width: 604px\" class=\"wp-caption alignnone\"><img decoding=\"async\" loading=\"lazy\" class=\"size-large wp-image-3293\" src=\"http:\/\/www.suso-club.at\/wp-content\/uploads\/2019\/09\/19-AcZirb-86-1024x675.jpg\" alt=\"\" width=\"604\" height=\"398\" srcset=\"https:\/\/www.suso-club.at\/wp-content\/uploads\/2019\/09\/19-AcZirb-86-1024x675.jpg 1024w, https:\/\/www.suso-club.at\/wp-content\/uploads\/2019\/09\/19-AcZirb-86-300x198.jpg 300w, https:\/\/www.suso-club.at\/wp-content\/uploads\/2019\/09\/19-AcZirb-86-768x506.jpg 768w\" sizes=\"(max-width: 604px) 100vw, 604px\" \/><figcaption id=\"caption-attachment-3293\" class=\"wp-caption-text\">Theresa Monsberger musste sich 2x Amelie Adenstedt in D14 geschlagen geben.<\/figcaption><\/figure>\n<figure id=\"attachment_3283\" aria-describedby=\"caption-attachment-3283\" style=\"width: 604px\" class=\"wp-caption alignnone\"><img decoding=\"async\" loading=\"lazy\" class=\"size-large wp-image-3283\" src=\"http:\/\/www.suso-club.at\/wp-content\/uploads\/2019\/09\/19-AcZirb-96-1024x788.jpg\" alt=\"\" width=\"604\" height=\"465\" srcset=\"https:\/\/www.suso-club.at\/wp-content\/uploads\/2019\/09\/19-AcZirb-96-1024x788.jpg 1024w, https:\/\/www.suso-club.at\/wp-content\/uploads\/2019\/09\/19-AcZirb-96-300x231.jpg 300w, https:\/\/www.suso-club.at\/wp-content\/uploads\/2019\/09\/19-AcZirb-96-768x591.jpg 768w\" sizes=\"(max-width: 604px) 100vw, 604px\" \/><figcaption id=\"caption-attachment-3283\" class=\"wp-caption-text\">Anton Greiner (10) lief in der Mixed-Staffel bis 16 Jahre mit.<\/figcaption><\/figure>\n<figure id=\"attachment_3291\" aria-describedby=\"caption-attachment-3291\" style=\"width: 604px\" class=\"wp-caption alignnone\"><img decoding=\"async\" loading=\"lazy\" class=\"size-large wp-image-3291\" src=\"http:\/\/www.suso-club.at\/wp-content\/uploads\/2019\/09\/19-AcZirb-8-1024x683.jpg\" alt=\"\" width=\"604\" height=\"403\" srcset=\"https:\/\/www.suso-club.at\/wp-content\/uploads\/2019\/09\/19-AcZirb-8-1024x683.jpg 1024w, https:\/\/www.suso-club.at\/wp-content\/uploads\/2019\/09\/19-AcZirb-8-300x200.jpg 300w, https:\/\/www.suso-club.at\/wp-content\/uploads\/2019\/09\/19-AcZirb-8-768x512.jpg 768w\" sizes=\"(max-width: 604px) 100vw, 604px\" \/><figcaption id=\"caption-attachment-3291\" class=\"wp-caption-text\">Das gro\u00dfe SUSO-Team \u2013 Nummer 2 bei den Teilnehmern!<\/figcaption><\/figure>\n<figure id=\"attachment_3281\" aria-describedby=\"caption-attachment-3281\" style=\"width: 604px\" class=\"wp-caption alignnone\"><img decoding=\"async\" loading=\"lazy\" class=\"size-large wp-image-3281\" src=\"http:\/\/www.suso-club.at\/wp-content\/uploads\/2019\/09\/19-AcZirb-6-Kopie-2-1024x683.jpg\" alt=\"\" width=\"604\" height=\"403\" srcset=\"https:\/\/www.suso-club.at\/wp-content\/uploads\/2019\/09\/19-AcZirb-6-Kopie-2-1024x683.jpg 1024w, https:\/\/www.suso-club.at\/wp-content\/uploads\/2019\/09\/19-AcZirb-6-Kopie-2-300x200.jpg 300w, https:\/\/www.suso-club.at\/wp-content\/uploads\/2019\/09\/19-AcZirb-6-Kopie-2-768x512.jpg 768w\" sizes=\"(max-width: 604px) 100vw, 604px\" \/><figcaption id=\"caption-attachment-3281\" class=\"wp-caption-text\">Fr\u00fch \u00fcbt sich \u2013 Theo\u00a0<\/figcaption><\/figure>\n","protected":false},"excerpt":{"rendered":"<p>Traumhaftes Wetter und ein tolles Gebiet an der Baumgrenze kennzeichneten die drei L\u00e4ufe im Zirbenland auf der Seetaler Alpe. Den Auftakt bildete am Samstag der 5.Austria Cup als Waldsprint, gefolgt von der Mixed-Sprint-Staffel im Bereich des Wettkampfzentrums (Truppen\u00fcbungsplatz). Am Sonntag ging es dann bei Kaiserwetter teils \u00fcber der Baumgrenze rund um den Winterleitensee beim 6.Austria-Cup &hellip; <a href=\"https:\/\/www.suso-club.at\/de\/2019\/09\/17\/traumhaftes-zirbenland-als-wuerdige-wettkampfstaette\/\" class=\"more-link\"><span class=\"screen-reader-text\">Traumhaftes Zirbenland als w\u00fcrdige Wettkampfst\u00e4tte<\/span> weiterlesen <span class=\"meta-nav\">&rarr;<\/span><\/a><\/p>\n","protected":false},"author":8,"featured_media":3286,"comment_status":"closed","ping_status":"open","sticky":false,"template":"","format":"standard","meta":[],"categories":[1,5,4],"tags":[],"translation":{"provider":"WPGlobus","version":"2.12.2","language":"de","enabled_languages":["en","de"],"languages":{"en":{"title":true,"content":true,"excerpt":false},"de":{"title":false,"content":false,"excerpt":false}}},"_links":{"self":[{"href":"https:\/\/www.suso-club.at\/de\/wp-json\/wp\/v2\/posts\/3295"}],"collection":[{"href":"https:\/\/www.suso-club.at\/de\/wp-json\/wp\/v2\/posts"}],"about":[{"href":"https:\/\/www.suso-club.at\/de\/wp-json\/wp\/v2\/types\/post"}],"author":[{"embeddable":true,"href":"https:\/\/www.suso-club.at\/de\/wp-json\/wp\/v2\/users\/8"}],"replies":[{"embeddable":true,"href":"https:\/\/www.suso-club.at\/de\/wp-json\/wp\/v2\/comments?post=3295"}],"version-history":[{"count":8,"href":"https:\/\/www.suso-club.at\/de\/wp-json\/wp\/v2\/posts\/3295\/revisions"}],"predecessor-version":[{"id":3305,"href":"https:\/\/www.suso-club.at\/de\/wp-json\/wp\/v2\/posts\/3295\/revisions\/3305"}],"wp:featuredmedia":[{"embeddable":true,"href":"https:\/\/www.suso-club.at\/de\/wp-json\/wp\/v2\/media\/3286"}],"wp:attachment":[{"href":"https:\/\/www.suso-club.at\/de\/wp-json\/wp\/v2\/media?parent=3295"}],"wp:term":[{"taxonomy":"category","embeddable":true,"href":"https:\/\/www.suso-club.at\/de\/wp-json\/wp\/v2\/categories?post=3295"},{"taxonomy":"post_tag","embeddable":true,"href":"https:\/\/www.suso-club.at\/de\/wp-json\/wp\/v2\/tags?post=3295"}],"curies":[{"name":"wp","href":"https:\/\/api.w.org\/{rel}","templated":true}]}}