{"id":3313,"date":"2019-09-23T20:02:20","date_gmt":"2019-09-23T18:02:20","guid":{"rendered":"http:\/\/www.suso-club.at\/?p=3313"},"modified":"2019-09-23T20:29:12","modified_gmt":"2019-09-23T18:29:12","slug":"rund-um-die-wackelsteine","status":"publish","type":"post","link":"https:\/\/www.suso-club.at\/de\/2019\/09\/23\/rund-um-die-wackelsteine\/","title":{"rendered":"Rund um die Wackelsteine"},"content":{"rendered":"<div class=\"\"><span class=\"\">Litschau im Waldviertel war Austragungsort des 7. und 8. Austria-Cups. Wer diesmal\u00a0\u00fcber die Grenze nach Tschechien lief, hatte sich nicht verirrt. Erstmals fand ein grenz\u00fcberschreitender nationaler Wettkampf statt. Der Start erfolgte in \u00d6sterreich. Dann ging es aber f\u00fcr viele Kategorien vorbei an Grenzsteinen in den tschechischen Teil. Das Waldviertel, mit den vielen Granitbl\u00f6cken (Wackelsteinen), z\u00e4hlt zu den sch\u00f6nsten Orientierungslauf-Gebieten \u00d6sterreichs.<\/span><br class=\"\" \/><span class=\"\">Aus SUSO-Sicht erbrachten\u00a0<strong>Flora Aigm\u00fcller<\/strong> mit Platz 2 (Mittel) bzw. 1 (Lang) in Damen16E, <strong>Theresa Monsberger<\/strong> mit 2 zweiten Pl\u00e4tzen in Damen-14 und <strong>Camilla Aigm\u00fcller<\/strong> mit Platz 3 auf der Langdistanz die erfreulichsten Resultate. Sehr positiv war auch der Auftritt von <strong>Christoph Wendner<\/strong>, der in Herren20E zweimal auf Platz 3\u00a0lief und damit bei der \u00f6sterr. Nachwuchsmeisterschaft\u00a0die Bronzemedaille holte.<\/span><br class=\"\" \/><span class=\"\">In der Hobbyklasse war Martina Aigm\u00fcller zweimal mit Platz 1 erfolgreich, Markus Greiner belegte die Pl\u00e4tze 1 bzw. 3.<\/span><\/div>\n<div class=\"\">\n<p><span class=\"\">Im Anschlu\u00df an das AC-<\/span><span class=\"\">Wochenende nutzen noch einige Jugendliche die M\u00f6glichkeit in Tschechien an zwei Trainingstagen teilzunehmen.<\/span><\/p>\n<\/div>\n<p><a href=\"http:\/\/www.oefol.at\/anne\/?p=1&amp;q=3&amp;id=2621\">Ergebnisse Mitteldistanz<\/a><br \/>\n<a href=\"http:\/\/www.oefol.at\/anne\/?p=1&amp;q=3&amp;id=2622\">Ergebnisse Langdistanz<\/a><\/p>\n<figure id=\"attachment_3307\" aria-describedby=\"caption-attachment-3307\" style=\"width: 604px\" class=\"wp-caption alignnone\"><img decoding=\"async\" loading=\"lazy\" class=\"size-large wp-image-3307\" src=\"http:\/\/www.suso-club.at\/wp-content\/uploads\/2019\/09\/Aigm\u00fcllers-1024x768.jpg\" alt=\"\" width=\"604\" height=\"453\" srcset=\"https:\/\/www.suso-club.at\/wp-content\/uploads\/2019\/09\/Aigm\u00fcllers-1024x768.jpg 1024w, https:\/\/www.suso-club.at\/wp-content\/uploads\/2019\/09\/Aigm\u00fcllers-300x225.jpg 300w, https:\/\/www.suso-club.at\/wp-content\/uploads\/2019\/09\/Aigm\u00fcllers-768x576.jpg 768w, https:\/\/www.suso-club.at\/wp-content\/uploads\/2019\/09\/Aigm\u00fcllers.jpg 1600w\" sizes=\"(max-width: 604px) 100vw, 604px\" \/><figcaption id=\"caption-attachment-3307\" class=\"wp-caption-text\">Erfolgreiches Wochenende f\u00fcr die Aigm\u00fcller-Damen Camilla, Flora und Martina<\/figcaption><\/figure>\n<figure id=\"attachment_3322\" aria-describedby=\"caption-attachment-3322\" style=\"width: 604px\" class=\"wp-caption alignnone\"><img decoding=\"async\" loading=\"lazy\" class=\"size-large wp-image-3322\" src=\"http:\/\/www.suso-club.at\/wp-content\/uploads\/2019\/09\/Wendner-1024x759.jpg\" alt=\"\" width=\"604\" height=\"448\" srcset=\"https:\/\/www.suso-club.at\/wp-content\/uploads\/2019\/09\/Wendner-1024x759.jpg 1024w, https:\/\/www.suso-club.at\/wp-content\/uploads\/2019\/09\/Wendner-300x222.jpg 300w, https:\/\/www.suso-club.at\/wp-content\/uploads\/2019\/09\/Wendner-768x569.jpg 768w, https:\/\/www.suso-club.at\/wp-content\/uploads\/2019\/09\/Wendner.jpg 1310w\" sizes=\"(max-width: 604px) 100vw, 604px\" \/><figcaption id=\"caption-attachment-3322\" class=\"wp-caption-text\">Christoph Wendner mit Bronze in H20Elite<\/figcaption><\/figure>\n<figure id=\"attachment_3309\" aria-describedby=\"caption-attachment-3309\" style=\"width: 640px\" class=\"wp-caption alignnone\"><img decoding=\"async\" loading=\"lazy\" class=\"size-full wp-image-3309\" src=\"http:\/\/www.suso-club.at\/wp-content\/uploads\/2019\/09\/Litschau_003.jpeg\" alt=\"\" width=\"640\" height=\"481\" srcset=\"https:\/\/www.suso-club.at\/wp-content\/uploads\/2019\/09\/Litschau_003.jpeg 640w, https:\/\/www.suso-club.at\/wp-content\/uploads\/2019\/09\/Litschau_003-300x225.jpeg 300w\" sizes=\"(max-width: 640px) 100vw, 640px\" \/><figcaption id=\"caption-attachment-3309\" class=\"wp-caption-text\">Am Start die J\u00fcngsten &#8211; Anton Greiner<\/figcaption><\/figure>\n<figure id=\"attachment_3310\" aria-describedby=\"caption-attachment-3310\" style=\"width: 640px\" class=\"wp-caption alignnone\"><img decoding=\"async\" loading=\"lazy\" class=\"size-full wp-image-3310\" src=\"http:\/\/www.suso-club.at\/wp-content\/uploads\/2019\/09\/Litschau_005.jpeg\" alt=\"\" width=\"640\" height=\"481\" srcset=\"https:\/\/www.suso-club.at\/wp-content\/uploads\/2019\/09\/Litschau_005.jpeg 640w, https:\/\/www.suso-club.at\/wp-content\/uploads\/2019\/09\/Litschau_005-300x225.jpeg 300w\" sizes=\"(max-width: 640px) 100vw, 640px\" \/><figcaption id=\"caption-attachment-3310\" class=\"wp-caption-text\">Am Start die Jugend (Moritz Greiner) und das Mittelalter (Christopher Immervoll)<\/figcaption><\/figure>\n<figure id=\"attachment_3311\" aria-describedby=\"caption-attachment-3311\" style=\"width: 640px\" class=\"wp-caption alignnone\"><img decoding=\"async\" loading=\"lazy\" class=\"size-full wp-image-3311\" src=\"http:\/\/www.suso-club.at\/wp-content\/uploads\/2019\/09\/Litschau_010.jpeg\" alt=\"\" width=\"640\" height=\"481\" srcset=\"https:\/\/www.suso-club.at\/wp-content\/uploads\/2019\/09\/Litschau_010.jpeg 640w, https:\/\/www.suso-club.at\/wp-content\/uploads\/2019\/09\/Litschau_010-300x225.jpeg 300w\" sizes=\"(max-width: 640px) 100vw, 640px\" \/><figcaption id=\"caption-attachment-3311\" class=\"wp-caption-text\">Am Start die Oldies &#8211; Hannes Pacher<\/figcaption><\/figure>\n<figure id=\"attachment_3312\" aria-describedby=\"caption-attachment-3312\" style=\"width: 562px\" class=\"wp-caption alignnone\"><img decoding=\"async\" loading=\"lazy\" class=\"size-full wp-image-3312\" src=\"http:\/\/www.suso-club.at\/wp-content\/uploads\/2019\/09\/Litschau_008.jpeg\" alt=\"\" width=\"562\" height=\"366\" srcset=\"https:\/\/www.suso-club.at\/wp-content\/uploads\/2019\/09\/Litschau_008.jpeg 562w, https:\/\/www.suso-club.at\/wp-content\/uploads\/2019\/09\/Litschau_008-300x195.jpeg 300w\" sizes=\"(max-width: 562px) 100vw, 562px\" \/><figcaption id=\"caption-attachment-3312\" class=\"wp-caption-text\">Carsten Fink &#8211; hoch motiviert und immer dabei<\/figcaption><\/figure>\n<figure id=\"attachment_3318\" aria-describedby=\"caption-attachment-3318\" style=\"width: 604px\" class=\"wp-caption alignnone\"><img decoding=\"async\" loading=\"lazy\" class=\"size-large wp-image-3318\" src=\"http:\/\/www.suso-club.at\/wp-content\/uploads\/2019\/09\/IMG_5493-1024x702.jpg\" alt=\"\" width=\"604\" height=\"414\" srcset=\"https:\/\/www.suso-club.at\/wp-content\/uploads\/2019\/09\/IMG_5493-1024x702.jpg 1024w, https:\/\/www.suso-club.at\/wp-content\/uploads\/2019\/09\/IMG_5493-300x206.jpg 300w, https:\/\/www.suso-club.at\/wp-content\/uploads\/2019\/09\/IMG_5493-768x527.jpg 768w, https:\/\/www.suso-club.at\/wp-content\/uploads\/2019\/09\/IMG_5493.jpg 1540w\" sizes=\"(max-width: 604px) 100vw, 604px\" \/><figcaption id=\"caption-attachment-3318\" class=\"wp-caption-text\">Auch kurzes Nachttraining durfte nicht fehlen.<\/figcaption><\/figure>\n","protected":false},"excerpt":{"rendered":"<p>Litschau im Waldviertel war Austragungsort des 7. und 8. Austria-Cups. Wer diesmal\u00a0\u00fcber die Grenze nach Tschechien lief, hatte sich nicht verirrt. Erstmals fand ein grenz\u00fcberschreitender nationaler Wettkampf statt. Der Start erfolgte in \u00d6sterreich. Dann ging es aber f\u00fcr viele Kategorien vorbei an Grenzsteinen in den tschechischen Teil. Das Waldviertel, mit den vielen Granitbl\u00f6cken (Wackelsteinen), z\u00e4hlt &hellip; <a href=\"https:\/\/www.suso-club.at\/de\/2019\/09\/23\/rund-um-die-wackelsteine\/\" class=\"more-link\"><span class=\"screen-reader-text\">Rund um die Wackelsteine<\/span> weiterlesen <span class=\"meta-nav\">&rarr;<\/span><\/a><\/p>\n","protected":false},"author":8,"featured_media":3320,"comment_status":"closed","ping_status":"open","sticky":false,"template":"","format":"standard","meta":[],"categories":[1,5,4],"tags":[],"translation":{"provider":"WPGlobus","version":"2.12.2","language":"de","enabled_languages":["en","de"],"languages":{"en":{"title":true,"content":true,"excerpt":false},"de":{"title":false,"content":false,"excerpt":false}}},"_links":{"self":[{"href":"https:\/\/www.suso-club.at\/de\/wp-json\/wp\/v2\/posts\/3313"}],"collection":[{"href":"https:\/\/www.suso-club.at\/de\/wp-json\/wp\/v2\/posts"}],"about":[{"href":"https:\/\/www.suso-club.at\/de\/wp-json\/wp\/v2\/types\/post"}],"author":[{"embeddable":true,"href":"https:\/\/www.suso-club.at\/de\/wp-json\/wp\/v2\/users\/8"}],"replies":[{"embeddable":true,"href":"https:\/\/www.suso-club.at\/de\/wp-json\/wp\/v2\/comments?post=3313"}],"version-history":[{"count":7,"href":"https:\/\/www.suso-club.at\/de\/wp-json\/wp\/v2\/posts\/3313\/revisions"}],"predecessor-version":[{"id":3323,"href":"https:\/\/www.suso-club.at\/de\/wp-json\/wp\/v2\/posts\/3313\/revisions\/3323"}],"wp:featuredmedia":[{"embeddable":true,"href":"https:\/\/www.suso-club.at\/de\/wp-json\/wp\/v2\/media\/3320"}],"wp:attachment":[{"href":"https:\/\/www.suso-club.at\/de\/wp-json\/wp\/v2\/media?parent=3313"}],"wp:term":[{"taxonomy":"category","embeddable":true,"href":"https:\/\/www.suso-club.at\/de\/wp-json\/wp\/v2\/categories?post=3313"},{"taxonomy":"post_tag","embeddable":true,"href":"https:\/\/www.suso-club.at\/de\/wp-json\/wp\/v2\/tags?post=3313"}],"curies":[{"name":"wp","href":"https:\/\/api.w.org\/{rel}","templated":true}]}}