{"id":4189,"date":"2020-08-23T18:22:12","date_gmt":"2020-08-23T16:22:12","guid":{"rendered":"http:\/\/www.suso-club.at\/?p=4189"},"modified":"2020-08-24T22:07:26","modified_gmt":"2020-08-24T20:07:26","slug":"starkes-suso-team-bei-nachwuchs-u-senioren-ms","status":"publish","type":"post","link":"https:\/\/www.suso-club.at\/de\/2020\/08\/23\/starkes-suso-team-bei-nachwuchs-u-senioren-ms\/","title":{"rendered":"Starkes SUSO-Team bei \u00f6sterr. Meisterschaft"},"content":{"rendered":"<p>Zum Auftakt der nationalen Saison ging es in Dra\u00dfburg (Bgld.) bei der Nachwuchs- und Seniorenmeisterschaft \u00fcber die Langdistanz gleich um Medaillen. Urspr\u00fcnglich war der Lauf Ende M\u00e4rz geplant. Aufgrund der COVID-Ma\u00dfnahmen konnte dieses Wochenende erst Mitte August nachgeholt werden. Das hatte auch unangenehme Folgen. Der Laubwald mit gem\u00e4\u00dfigtem H\u00f6henprofil war um diese Jahreszeit leider mit vielen Dornen \u00fcbers\u00e4ht, was das Vergn\u00fcgen im Wald etwas eind\u00e4mmte. Gestiegen waren aber die technischen Anforderungen, um im &#8222;Dschungel&#8220; die \u00dcbersicht zu behalten und die richtigen Senken zu finden. Einen Meistertitel gab es f\u00fcr Camilla Aigm\u00fcller (D14), Moritz Greiner (H14) und Senior Hannes Pacher (H60). Weitere Podestpl\u00e4tze in den Meisterschaftskategorien erliefen\u00a0Eva und Theresa Monsberger, Anna Lueger, Irene Greiner-L\u00f6schnigg. Beachtlich auch das Deb\u00fct f\u00fcr Iva Feyferlik bei ihrem ersten Antreten. Hart zu k\u00e4mpfen hatte auch unsere Damen Elitel\u00e4uferin Viktoria Knauder \u00fcber die lange Distanz. In den Rahmenbewerben gab es noch Top-Platzierungen f\u00fcr Jan und Rainer Kund\u00f6rfer, Gudrun Reimerth, Kerstin Holzer und Lena Lueger.<br \/>\nAm Sonntag\u00a0folgte der 2.Austria-Cup \u00fcber die Mitteldistanz im selben Wald.<br \/>\nWieder gab es zahlreiche Top-Platzierungen. Wieder auf Platz Eins liefen Camilla Aigm\u00fcller und Moritz Greiner. Erw\u00e4hnenswert der 3.Platz von Gustav Greiner. Er hat damit seinen Anspruch auf eine Entsendung zur Jugend-EM angemeldet. Jan Kund\u00f6rfer zeigte abermals eine gute Performance in M21lang und zeigte den schnellsten Zieleinlauf aller Starter. \u00a0Flora Aigm\u00fcller setzte sich diesmal vor Theresa Monsberger auf Platz 2.<\/p>\n<p><a href=\"https:\/\/www.oefol.at\/anne\/files\/uploaded\/event_3111_ergebnisse.html\">Langdistanz Ergebnisse<\/a> \/ <a href=\"https:\/\/www.oefol.at\/anne\/files\/uploaded\/event_3111_zwischenzeiten.html\">Split\u00a0<\/a><br \/>\n<a href=\"https:\/\/www.oefol.at\/anne\/files\/uploaded\/event_3119_ergebnisse.html\">Mitteldistanz\u00a0Ergebnisse<\/a> \/ <a href=\"https:\/\/www.oefol.at\/anne\/files\/uploaded\/event_3119_zwischenzeiten.html\">Split\u00a0<\/a><\/p>\n<figure id=\"attachment_4193\" aria-describedby=\"caption-attachment-4193\" style=\"width: 604px\" class=\"wp-caption alignnone\"><img decoding=\"async\" loading=\"lazy\" class=\"size-large wp-image-4193\" src=\"http:\/\/www.suso-club.at\/wp-content\/uploads\/2020\/08\/20-AcDra\u00dfWeb-1-1024x706.jpg\" alt=\"\" width=\"604\" height=\"416\" srcset=\"https:\/\/www.suso-club.at\/wp-content\/uploads\/2020\/08\/20-AcDra\u00dfWeb-1-1024x706.jpg 1024w, https:\/\/www.suso-club.at\/wp-content\/uploads\/2020\/08\/20-AcDra\u00dfWeb-1-300x207.jpg 300w, https:\/\/www.suso-club.at\/wp-content\/uploads\/2020\/08\/20-AcDra\u00dfWeb-1-768x530.jpg 768w\" sizes=\"(max-width: 604px) 100vw, 604px\" \/><figcaption id=\"caption-attachment-4193\" class=\"wp-caption-text\">Moritz Greiner &#8211; Neues Siegergesicht<\/figcaption><\/figure>\n<figure id=\"attachment_4216\" aria-describedby=\"caption-attachment-4216\" style=\"width: 604px\" class=\"wp-caption alignnone\"><img decoding=\"async\" loading=\"lazy\" class=\"size-large wp-image-4216\" src=\"http:\/\/www.suso-club.at\/wp-content\/uploads\/2020\/08\/Camilla-1024x746.jpg\" alt=\"\" width=\"604\" height=\"440\" srcset=\"https:\/\/www.suso-club.at\/wp-content\/uploads\/2020\/08\/Camilla-1024x746.jpg 1024w, https:\/\/www.suso-club.at\/wp-content\/uploads\/2020\/08\/Camilla-300x219.jpg 300w, https:\/\/www.suso-club.at\/wp-content\/uploads\/2020\/08\/Camilla-768x560.jpg 768w, https:\/\/www.suso-club.at\/wp-content\/uploads\/2020\/08\/Camilla.jpg 1688w\" sizes=\"(max-width: 604px) 100vw, 604px\" \/><figcaption id=\"caption-attachment-4216\" class=\"wp-caption-text\">Camilla Aigm\u00fcller &#8211; 2 mal Platz 1<\/figcaption><\/figure>\n<figure id=\"attachment_4197\" aria-describedby=\"caption-attachment-4197\" style=\"width: 604px\" class=\"wp-caption alignnone\"><img decoding=\"async\" loading=\"lazy\" class=\"size-large wp-image-4197\" src=\"http:\/\/www.suso-club.at\/wp-content\/uploads\/2020\/08\/20-AcDra\u00dfWeb-7-1024x755.jpg\" alt=\"\" width=\"604\" height=\"445\" srcset=\"https:\/\/www.suso-club.at\/wp-content\/uploads\/2020\/08\/20-AcDra\u00dfWeb-7-1024x755.jpg 1024w, https:\/\/www.suso-club.at\/wp-content\/uploads\/2020\/08\/20-AcDra\u00dfWeb-7-300x221.jpg 300w, https:\/\/www.suso-club.at\/wp-content\/uploads\/2020\/08\/20-AcDra\u00dfWeb-7-768x566.jpg 768w\" sizes=\"(max-width: 604px) 100vw, 604px\" \/><figcaption id=\"caption-attachment-4197\" class=\"wp-caption-text\">Iva Feyferlik &#8211; zeigte Talent beim ersten Antreten<\/figcaption><\/figure>\n<figure id=\"attachment_4198\" aria-describedby=\"caption-attachment-4198\" style=\"width: 604px\" class=\"wp-caption alignnone\"><img decoding=\"async\" loading=\"lazy\" class=\"size-large wp-image-4198\" src=\"http:\/\/www.suso-club.at\/wp-content\/uploads\/2020\/08\/20-AcDra\u00dfWeb-8-1024x768.jpg\" alt=\"\" width=\"604\" height=\"453\" srcset=\"https:\/\/www.suso-club.at\/wp-content\/uploads\/2020\/08\/20-AcDra\u00dfWeb-8-1024x768.jpg 1024w, https:\/\/www.suso-club.at\/wp-content\/uploads\/2020\/08\/20-AcDra\u00dfWeb-8-300x225.jpg 300w, https:\/\/www.suso-club.at\/wp-content\/uploads\/2020\/08\/20-AcDra\u00dfWeb-8-768x576.jpg 768w\" sizes=\"(max-width: 604px) 100vw, 604px\" \/><figcaption id=\"caption-attachment-4198\" class=\"wp-caption-text\">Hannes Pacher &#8211; k\u00e4mpfte sich ins Ziel<\/figcaption><\/figure>\n<figure id=\"attachment_4215\" aria-describedby=\"caption-attachment-4215\" style=\"width: 1000px\" class=\"wp-caption alignnone\"><img decoding=\"async\" loading=\"lazy\" class=\"size-full wp-image-4215\" src=\"http:\/\/www.suso-club.at\/wp-content\/uploads\/2020\/08\/Jan-Kund\u00f6rfer.jpg\" alt=\"\" width=\"1000\" height=\"756\" srcset=\"https:\/\/www.suso-club.at\/wp-content\/uploads\/2020\/08\/Jan-Kund\u00f6rfer.jpg 1000w, https:\/\/www.suso-club.at\/wp-content\/uploads\/2020\/08\/Jan-Kund\u00f6rfer-300x227.jpg 300w, https:\/\/www.suso-club.at\/wp-content\/uploads\/2020\/08\/Jan-Kund\u00f6rfer-768x581.jpg 768w\" sizes=\"(max-width: 1000px) 100vw, 1000px\" \/><figcaption id=\"caption-attachment-4215\" class=\"wp-caption-text\">Jan Kund\u00f6rfer &#8211; zeigte sein (l\u00e4uferisches) Potential<\/figcaption><\/figure>\n<figure id=\"attachment_4196\" aria-describedby=\"caption-attachment-4196\" style=\"width: 604px\" class=\"wp-caption alignnone\"><img decoding=\"async\" loading=\"lazy\" class=\"size-large wp-image-4196\" src=\"http:\/\/www.suso-club.at\/wp-content\/uploads\/2020\/08\/20-AcDra\u00dfWeb-6-1024x709.jpg\" alt=\"\" width=\"604\" height=\"418\" srcset=\"https:\/\/www.suso-club.at\/wp-content\/uploads\/2020\/08\/20-AcDra\u00dfWeb-6-1024x709.jpg 1024w, https:\/\/www.suso-club.at\/wp-content\/uploads\/2020\/08\/20-AcDra\u00dfWeb-6-300x208.jpg 300w, https:\/\/www.suso-club.at\/wp-content\/uploads\/2020\/08\/20-AcDra\u00dfWeb-6-768x532.jpg 768w\" sizes=\"(max-width: 604px) 100vw, 604px\" \/><figcaption id=\"caption-attachment-4196\" class=\"wp-caption-text\">Theresa Monsberger &#8211; 2 Podestpl\u00e4tze<\/figcaption><\/figure>\n<figure id=\"attachment_4194\" aria-describedby=\"caption-attachment-4194\" style=\"width: 604px\" class=\"wp-caption alignnone\"><img decoding=\"async\" loading=\"lazy\" class=\"size-large wp-image-4194\" src=\"http:\/\/www.suso-club.at\/wp-content\/uploads\/2020\/08\/20-AcDra\u00dfWeb-4-1024x725.jpg\" alt=\"\" width=\"604\" height=\"428\" srcset=\"https:\/\/www.suso-club.at\/wp-content\/uploads\/2020\/08\/20-AcDra\u00dfWeb-4-1024x725.jpg 1024w, https:\/\/www.suso-club.at\/wp-content\/uploads\/2020\/08\/20-AcDra\u00dfWeb-4-300x212.jpg 300w, https:\/\/www.suso-club.at\/wp-content\/uploads\/2020\/08\/20-AcDra\u00dfWeb-4-768x544.jpg 768w\" sizes=\"(max-width: 604px) 100vw, 604px\" \/><figcaption id=\"caption-attachment-4194\" class=\"wp-caption-text\">Anna Lueger &#8211; 2 mal Podestplatz<\/figcaption><\/figure>\n<figure id=\"attachment_4195\" aria-describedby=\"caption-attachment-4195\" style=\"width: 604px\" class=\"wp-caption alignnone\"><img decoding=\"async\" loading=\"lazy\" class=\"size-large wp-image-4195\" src=\"http:\/\/www.suso-club.at\/wp-content\/uploads\/2020\/08\/20-AcDra\u00dfWeb-5-1024x741.jpg\" alt=\"\" width=\"604\" height=\"437\" srcset=\"https:\/\/www.suso-club.at\/wp-content\/uploads\/2020\/08\/20-AcDra\u00dfWeb-5-1024x741.jpg 1024w, https:\/\/www.suso-club.at\/wp-content\/uploads\/2020\/08\/20-AcDra\u00dfWeb-5-300x217.jpg 300w, https:\/\/www.suso-club.at\/wp-content\/uploads\/2020\/08\/20-AcDra\u00dfWeb-5-768x556.jpg 768w\" sizes=\"(max-width: 604px) 100vw, 604px\" \/><figcaption id=\"caption-attachment-4195\" class=\"wp-caption-text\">Doris Nesitka &#8211; bei ihrem ersten Einsatz f\u00fcr SUSO<\/figcaption><\/figure>\n<figure id=\"attachment_4200\" aria-describedby=\"caption-attachment-4200\" style=\"width: 604px\" class=\"wp-caption alignnone\"><img decoding=\"async\" loading=\"lazy\" class=\"size-large wp-image-4200\" src=\"http:\/\/www.suso-club.at\/wp-content\/uploads\/2020\/08\/20-AcDra\u00dfWeb-12-1024x759.jpg\" alt=\"\" width=\"604\" height=\"448\" srcset=\"https:\/\/www.suso-club.at\/wp-content\/uploads\/2020\/08\/20-AcDra\u00dfWeb-12-1024x759.jpg 1024w, https:\/\/www.suso-club.at\/wp-content\/uploads\/2020\/08\/20-AcDra\u00dfWeb-12-300x222.jpg 300w, https:\/\/www.suso-club.at\/wp-content\/uploads\/2020\/08\/20-AcDra\u00dfWeb-12-768x569.jpg 768w\" sizes=\"(max-width: 604px) 100vw, 604px\" \/><figcaption id=\"caption-attachment-4200\" class=\"wp-caption-text\">Carsten Fink &#8211; immer voller Einsatz<\/figcaption><\/figure>\n<figure id=\"attachment_4199\" aria-describedby=\"caption-attachment-4199\" style=\"width: 604px\" class=\"wp-caption alignnone\"><img decoding=\"async\" loading=\"lazy\" class=\"size-large wp-image-4199\" src=\"http:\/\/www.suso-club.at\/wp-content\/uploads\/2020\/08\/20-AcDra\u00dfWeb-10-1024x683.jpg\" alt=\"\" width=\"604\" height=\"403\" srcset=\"https:\/\/www.suso-club.at\/wp-content\/uploads\/2020\/08\/20-AcDra\u00dfWeb-10-1024x683.jpg 1024w, https:\/\/www.suso-club.at\/wp-content\/uploads\/2020\/08\/20-AcDra\u00dfWeb-10-300x200.jpg 300w, https:\/\/www.suso-club.at\/wp-content\/uploads\/2020\/08\/20-AcDra\u00dfWeb-10-768x512.jpg 768w\" sizes=\"(max-width: 604px) 100vw, 604px\" \/><figcaption id=\"caption-attachment-4199\" class=\"wp-caption-text\">Rainer Kund\u00f6rfer &#8211; immer gut gelaunt<\/figcaption><\/figure>\n","protected":false},"excerpt":{"rendered":"<p>Zum Auftakt der nationalen Saison ging es in Dra\u00dfburg (Bgld.) bei der Nachwuchs- und Seniorenmeisterschaft \u00fcber die Langdistanz gleich um Medaillen. Urspr\u00fcnglich war der Lauf Ende M\u00e4rz geplant. Aufgrund der COVID-Ma\u00dfnahmen konnte dieses Wochenende erst Mitte August nachgeholt werden. Das hatte auch unangenehme Folgen. Der Laubwald mit gem\u00e4\u00dfigtem H\u00f6henprofil war um diese Jahreszeit leider mit &hellip; <a href=\"https:\/\/www.suso-club.at\/de\/2020\/08\/23\/starkes-suso-team-bei-nachwuchs-u-senioren-ms\/\" class=\"more-link\"><span class=\"screen-reader-text\">Starkes SUSO-Team bei \u00f6sterr. Meisterschaft<\/span> weiterlesen <span class=\"meta-nav\">&rarr;<\/span><\/a><\/p>\n","protected":false},"author":8,"featured_media":4202,"comment_status":"closed","ping_status":"open","sticky":false,"template":"","format":"standard","meta":[],"categories":[1,5,4],"tags":[],"translation":{"provider":"WPGlobus","version":"2.12.2","language":"de","enabled_languages":["en","de"],"languages":{"en":{"title":true,"content":true,"excerpt":false},"de":{"title":false,"content":false,"excerpt":false}}},"_links":{"self":[{"href":"https:\/\/www.suso-club.at\/de\/wp-json\/wp\/v2\/posts\/4189"}],"collection":[{"href":"https:\/\/www.suso-club.at\/de\/wp-json\/wp\/v2\/posts"}],"about":[{"href":"https:\/\/www.suso-club.at\/de\/wp-json\/wp\/v2\/types\/post"}],"author":[{"embeddable":true,"href":"https:\/\/www.suso-club.at\/de\/wp-json\/wp\/v2\/users\/8"}],"replies":[{"embeddable":true,"href":"https:\/\/www.suso-club.at\/de\/wp-json\/wp\/v2\/comments?post=4189"}],"version-history":[{"count":14,"href":"https:\/\/www.suso-club.at\/de\/wp-json\/wp\/v2\/posts\/4189\/revisions"}],"predecessor-version":[{"id":4228,"href":"https:\/\/www.suso-club.at\/de\/wp-json\/wp\/v2\/posts\/4189\/revisions\/4228"}],"wp:featuredmedia":[{"embeddable":true,"href":"https:\/\/www.suso-club.at\/de\/wp-json\/wp\/v2\/media\/4202"}],"wp:attachment":[{"href":"https:\/\/www.suso-club.at\/de\/wp-json\/wp\/v2\/media?parent=4189"}],"wp:term":[{"taxonomy":"category","embeddable":true,"href":"https:\/\/www.suso-club.at\/de\/wp-json\/wp\/v2\/categories?post=4189"},{"taxonomy":"post_tag","embeddable":true,"href":"https:\/\/www.suso-club.at\/de\/wp-json\/wp\/v2\/tags?post=4189"}],"curies":[{"name":"wp","href":"https:\/\/api.w.org\/{rel}","templated":true}]}}