{"id":4236,"date":"2020-09-01T11:11:01","date_gmt":"2020-09-01T09:11:01","guid":{"rendered":"http:\/\/www.suso-club.at\/?p=4236"},"modified":"2020-09-01T11:15:02","modified_gmt":"2020-09-01T09:15:02","slug":"imst-herrlicher-wald-mit-panorama","status":"publish","type":"post","link":"https:\/\/www.suso-club.at\/de\/2020\/09\/01\/imst-herrlicher-wald-mit-panorama\/","title":{"rendered":"Imst &#8211; O-Festival Tyrol       herrlicher Wald, alpines Panorama"},"content":{"rendered":"<p>Eine kleine SUSO-Delegation nahm trotz widrigen Wetterberichts die lange Anreise nach Tirol in Kauf, um am O-Festival teilzunehmen. In den traumhaften dornen- und brennnesselfreien W\u00e4ldern rund um Imst wurden neben drei spannenden Wettk\u00e4mpfen auch freie Trainings angeboten.<\/p>\n<p>Nach einem ersten Kennenlernen des Waldes auf reduzierter Karte stand am Donnerstagabend der Sprint auf dem Programm. Vor pr\u00e4chtiger Bergkulisse und bei Kaiserwetter ging es temporeich durch Nassereith.<\/p>\n<figure id=\"attachment_4232\" aria-describedby=\"caption-attachment-4232\" style=\"width: 604px\" class=\"wp-caption alignnone\"><img decoding=\"async\" loading=\"lazy\" class=\"size-large wp-image-4232\" src=\"http:\/\/www.suso-club.at\/wp-content\/uploads\/2020\/09\/P1070049-Kopie-1024x683.jpg\" alt=\"\" width=\"604\" height=\"403\" srcset=\"https:\/\/www.suso-club.at\/wp-content\/uploads\/2020\/09\/P1070049-Kopie-1024x683.jpg 1024w, https:\/\/www.suso-club.at\/wp-content\/uploads\/2020\/09\/P1070049-Kopie-300x200.jpg 300w, https:\/\/www.suso-club.at\/wp-content\/uploads\/2020\/09\/P1070049-Kopie-768x512.jpg 768w\" sizes=\"(max-width: 604px) 100vw, 604px\" \/><figcaption id=\"caption-attachment-4232\" class=\"wp-caption-text\">Kleine SUSO-Delegation<\/figcaption><\/figure>\n<p>Am n\u00e4chsten Tag forderte ein Multitechniktraining auf der Karte \u00d6tztal-Bahnhof alle SUSO-L\u00e4ufer. In dem Bergsturzgebiet war h\u00f6chste Konzentration erforderlich, um die Aufgaben zu l\u00f6sen. Dabei schafften es alle p\u00fcnktlich zum Auto zur\u00fcck!<\/p>\n<figure id=\"attachment_4235\" aria-describedby=\"caption-attachment-4235\" style=\"width: 604px\" class=\"wp-caption alignnone\"><img decoding=\"async\" loading=\"lazy\" class=\"size-large wp-image-4235\" src=\"http:\/\/www.suso-club.at\/wp-content\/uploads\/2020\/09\/Multitechniktraining-1024x823.png\" alt=\"\" width=\"604\" height=\"485\" srcset=\"https:\/\/www.suso-club.at\/wp-content\/uploads\/2020\/09\/Multitechniktraining-1024x823.png 1024w, https:\/\/www.suso-club.at\/wp-content\/uploads\/2020\/09\/Multitechniktraining-300x241.png 300w, https:\/\/www.suso-club.at\/wp-content\/uploads\/2020\/09\/Multitechniktraining-768x617.png 768w, https:\/\/www.suso-club.at\/wp-content\/uploads\/2020\/09\/Multitechniktraining.png 1435w\" sizes=\"(max-width: 604px) 100vw, 604px\" \/><figcaption id=\"caption-attachment-4235\" class=\"wp-caption-text\">Multitraining &#8211; Technikvarianten<\/figcaption><\/figure>\n<p>Am Abend auf der Mitteldistanz in Obtarrenz war das Wetter noch gn\u00e4dig. Vereinsweise abgelassen matchten sich die L\u00e4ufer*innen in einem wundersch\u00f6nen Wald, bevor im Schlussteil der riesige Schuttkegel einen Bergsturzes (mit dunkelgr\u00fcnem Latschenbewuchs!) die endg\u00fcltige Selektion vornahm.<\/p>\n<figure id=\"attachment_4231\" aria-describedby=\"caption-attachment-4231\" style=\"width: 604px\" class=\"wp-caption alignnone\"><img decoding=\"async\" loading=\"lazy\" class=\"size-large wp-image-4231\" src=\"http:\/\/www.suso-club.at\/wp-content\/uploads\/2020\/09\/P1070068-Kopie-1024x757.jpg\" alt=\"\" width=\"604\" height=\"447\" srcset=\"https:\/\/www.suso-club.at\/wp-content\/uploads\/2020\/09\/P1070068-Kopie-1024x757.jpg 1024w, https:\/\/www.suso-club.at\/wp-content\/uploads\/2020\/09\/P1070068-Kopie-300x222.jpg 300w, https:\/\/www.suso-club.at\/wp-content\/uploads\/2020\/09\/P1070068-Kopie-768x568.jpg 768w\" sizes=\"(max-width: 604px) 100vw, 604px\" \/><figcaption id=\"caption-attachment-4231\" class=\"wp-caption-text\">Hanna Winkler am Start<\/figcaption><\/figure>\n<p>Die Schlussetappe am Samstag fand in Sonnberg hoch \u00fcber Imst statt. Von der Sonne war leider nichts mehr zu sehen. Die SUSO-L\u00e4ufer*innen starteten zwar \u00fcber die anspruchsvolle Langdistanz in einem Regenfenster, aber keiner kam trocken ins Ziel. Die neben den H\u00f6henmetern aufregendste Aufgabe war die \u00dcberwindung des \u00fcber die Nacht angeschwollenen, rei\u00dfenden Gebirgsbachs in der Mitte der Karte.<\/p>\n<figure id=\"attachment_4234\" aria-describedby=\"caption-attachment-4234\" style=\"width: 604px\" class=\"wp-caption alignnone\"><img decoding=\"async\" loading=\"lazy\" class=\"size-large wp-image-4234\" src=\"http:\/\/www.suso-club.at\/wp-content\/uploads\/2020\/09\/P1070058-Kopie-1024x691.jpg\" alt=\"\" width=\"604\" height=\"408\" srcset=\"https:\/\/www.suso-club.at\/wp-content\/uploads\/2020\/09\/P1070058-Kopie-1024x691.jpg 1024w, https:\/\/www.suso-club.at\/wp-content\/uploads\/2020\/09\/P1070058-Kopie-300x202.jpg 300w, https:\/\/www.suso-club.at\/wp-content\/uploads\/2020\/09\/P1070058-Kopie-768x518.jpg 768w\" sizes=\"(max-width: 604px) 100vw, 604px\" \/><figcaption id=\"caption-attachment-4234\" class=\"wp-caption-text\">Start in den Wald<\/figcaption><\/figure>\n<p>Nach dem dritten Tag fanden sich die meisten von uns auf den Pl\u00e4tzen 4 bis 5 in der Gesamtwertung.<\/p>\n<p>Es war ein besonderes Naturerlebnis \u2013 und n\u00e4chstes Jahr wieder!<\/p>\n","protected":false},"excerpt":{"rendered":"<p>Eine kleine SUSO-Delegation nahm trotz widrigen Wetterberichts die lange Anreise nach Tirol in Kauf, um am O-Festival teilzunehmen. In den traumhaften dornen- und brennnesselfreien W\u00e4ldern rund um Imst wurden neben drei spannenden Wettk\u00e4mpfen auch freie Trainings angeboten. Nach einem ersten Kennenlernen des Waldes auf reduzierter Karte stand am Donnerstagabend der Sprint auf dem Programm. Vor &hellip; <a href=\"https:\/\/www.suso-club.at\/de\/2020\/09\/01\/imst-herrlicher-wald-mit-panorama\/\" class=\"more-link\"><span class=\"screen-reader-text\">Imst &#8211; O-Festival Tyrol       herrlicher Wald, alpines Panorama<\/span> weiterlesen <span class=\"meta-nav\">&rarr;<\/span><\/a><\/p>\n","protected":false},"author":8,"featured_media":4238,"comment_status":"closed","ping_status":"open","sticky":false,"template":"","format":"standard","meta":[],"categories":[1,8,4],"tags":[],"translation":{"provider":"WPGlobus","version":"2.12.2","language":"de","enabled_languages":["en","de"],"languages":{"en":{"title":true,"content":true,"excerpt":false},"de":{"title":false,"content":false,"excerpt":false}}},"_links":{"self":[{"href":"https:\/\/www.suso-club.at\/de\/wp-json\/wp\/v2\/posts\/4236"}],"collection":[{"href":"https:\/\/www.suso-club.at\/de\/wp-json\/wp\/v2\/posts"}],"about":[{"href":"https:\/\/www.suso-club.at\/de\/wp-json\/wp\/v2\/types\/post"}],"author":[{"embeddable":true,"href":"https:\/\/www.suso-club.at\/de\/wp-json\/wp\/v2\/users\/8"}],"replies":[{"embeddable":true,"href":"https:\/\/www.suso-club.at\/de\/wp-json\/wp\/v2\/comments?post=4236"}],"version-history":[{"count":7,"href":"https:\/\/www.suso-club.at\/de\/wp-json\/wp\/v2\/posts\/4236\/revisions"}],"predecessor-version":[{"id":4245,"href":"https:\/\/www.suso-club.at\/de\/wp-json\/wp\/v2\/posts\/4236\/revisions\/4245"}],"wp:featuredmedia":[{"embeddable":true,"href":"https:\/\/www.suso-club.at\/de\/wp-json\/wp\/v2\/media\/4238"}],"wp:attachment":[{"href":"https:\/\/www.suso-club.at\/de\/wp-json\/wp\/v2\/media?parent=4236"}],"wp:term":[{"taxonomy":"category","embeddable":true,"href":"https:\/\/www.suso-club.at\/de\/wp-json\/wp\/v2\/categories?post=4236"},{"taxonomy":"post_tag","embeddable":true,"href":"https:\/\/www.suso-club.at\/de\/wp-json\/wp\/v2\/tags?post=4236"}],"curies":[{"name":"wp","href":"https:\/\/api.w.org\/{rel}","templated":true}]}}