{"id":4333,"date":"2020-10-04T18:37:00","date_gmt":"2020-10-04T16:37:00","guid":{"rendered":"http:\/\/www.suso-club.at\/?p=4333"},"modified":"2020-10-07T23:47:38","modified_gmt":"2020-10-07T21:47:38","slug":"lend-mit-kleinem-heimvorteil","status":"publish","type":"post","link":"https:\/\/www.suso-club.at\/de\/2020\/10\/04\/lend-mit-kleinem-heimvorteil\/","title":{"rendered":"Staatsmeisterschaften in Graz-Lend mit kleinem Heimvorteil"},"content":{"rendered":"<p style=\"padding-left: 30px;\">Der Grazer Bezirk Lend wurde kurzfristig f\u00fcr die abgesagte Staatsmeisterschaft im urbanen &#8222;Sprint&#8220;-Orientierungslauf in Rust als Ersatzort ausgew\u00e4hlt. Der OLC Graz konnte als Veranstalter statt der geplanten Steir. Meisterschaft somit rund 450 \u00f6sterr. Orientierer begr\u00fc\u00dfen, die zwischen Volksgarten, Mariahilf und Griesplatz auf Postenjagd gingen.<\/p>\n<figure id=\"attachment_4325\" aria-describedby=\"caption-attachment-4325\" style=\"width: 807px\" class=\"wp-caption alignnone\"><img decoding=\"async\" loading=\"lazy\" class=\"size-full wp-image-4325\" src=\"http:\/\/www.suso-club.at\/wp-content\/uploads\/2020\/10\/Knauder-Graz.jpg\" alt=\"\" width=\"807\" height=\"545\" srcset=\"https:\/\/www.suso-club.at\/wp-content\/uploads\/2020\/10\/Knauder-Graz.jpg 807w, https:\/\/www.suso-club.at\/wp-content\/uploads\/2020\/10\/Knauder-Graz-300x203.jpg 300w, https:\/\/www.suso-club.at\/wp-content\/uploads\/2020\/10\/Knauder-Graz-768x519.jpg 768w\" sizes=\"(max-width: 807px) 100vw, 807px\" \/><figcaption id=\"caption-attachment-4325\" class=\"wp-caption-text\">Viki Knauder gelang Top-Platzierung in D21E<\/figcaption><\/figure>\n<p>Um 14 Uhr erfolgte der Start der Elitekategorien. Unsere Vertreter\u00a0<strong>Anna Lueger, Magda Standhartinger<\/strong> und <strong>Viki Knauder<\/strong> bei den Damen bzw. <strong>Sandro Schachner<\/strong> und <strong>Christoph Wendner<\/strong> bei den Herren\u00a0konnten dabei gute Leistungen abliefern, waren aber in dem Klassefeld ohne Chance. Gut war der Auftritt von Viki Knauder in D21E, die sich knapp hinter Anja Arbter auf Platz 8 setzen konnte. Anna Lueger verfehlte in D20E das Podest nur knapp.<\/p>\n<figure id=\"attachment_4327\" aria-describedby=\"caption-attachment-4327\" style=\"width: 974px\" class=\"wp-caption alignnone\"><img decoding=\"async\" loading=\"lazy\" class=\"size-full wp-image-4327\" src=\"http:\/\/www.suso-club.at\/wp-content\/uploads\/2020\/10\/LuegerA-Start-Graz.jpg\" alt=\"\" width=\"974\" height=\"614\" srcset=\"https:\/\/www.suso-club.at\/wp-content\/uploads\/2020\/10\/LuegerA-Start-Graz.jpg 974w, https:\/\/www.suso-club.at\/wp-content\/uploads\/2020\/10\/LuegerA-Start-Graz-300x189.jpg 300w, https:\/\/www.suso-club.at\/wp-content\/uploads\/2020\/10\/LuegerA-Start-Graz-768x484.jpg 768w\" sizes=\"(max-width: 974px) 100vw, 974px\" \/><figcaption id=\"caption-attachment-4327\" class=\"wp-caption-text\">Anna Lueger am Start bei der Arbeiterkammer<\/figcaption><\/figure>\n<figure id=\"attachment_4329\" aria-describedby=\"caption-attachment-4329\" style=\"width: 745px\" class=\"wp-caption alignnone\"><img decoding=\"async\" loading=\"lazy\" class=\"size-full wp-image-4329\" src=\"http:\/\/www.suso-club.at\/wp-content\/uploads\/2020\/10\/Standhartinger-Graz.jpg\" alt=\"\" width=\"745\" height=\"488\" srcset=\"https:\/\/www.suso-club.at\/wp-content\/uploads\/2020\/10\/Standhartinger-Graz.jpg 745w, https:\/\/www.suso-club.at\/wp-content\/uploads\/2020\/10\/Standhartinger-Graz-300x197.jpg 300w\" sizes=\"(max-width: 745px) 100vw, 745px\" \/><figcaption id=\"caption-attachment-4329\" class=\"wp-caption-text\">Magda Standhartinger am Mariahilferplatz<\/figcaption><\/figure>\n<figure id=\"attachment_4331\" aria-describedby=\"caption-attachment-4331\" style=\"width: 847px\" class=\"wp-caption alignnone\"><img decoding=\"async\" loading=\"lazy\" class=\"size-full wp-image-4331\" src=\"http:\/\/www.suso-club.at\/wp-content\/uploads\/2020\/10\/Wendner-Graz.jpg\" alt=\"\" width=\"847\" height=\"565\" srcset=\"https:\/\/www.suso-club.at\/wp-content\/uploads\/2020\/10\/Wendner-Graz.jpg 847w, https:\/\/www.suso-club.at\/wp-content\/uploads\/2020\/10\/Wendner-Graz-300x200.jpg 300w, https:\/\/www.suso-club.at\/wp-content\/uploads\/2020\/10\/Wendner-Graz-768x512.jpg 768w\" sizes=\"(max-width: 847px) 100vw, 847px\" \/><figcaption id=\"caption-attachment-4331\" class=\"wp-caption-text\">Christoph Wendner k\u00e4mpft sich immer n\u00e4her an die Spitze in H20E<\/figcaption><\/figure>\n<figure id=\"attachment_4328\" aria-describedby=\"caption-attachment-4328\" style=\"width: 917px\" class=\"wp-caption alignnone\"><img decoding=\"async\" loading=\"lazy\" class=\"size-full wp-image-4328\" src=\"http:\/\/www.suso-club.at\/wp-content\/uploads\/2020\/10\/Schachner-Graz-Pol.jpg\" alt=\"\" width=\"917\" height=\"617\" srcset=\"https:\/\/www.suso-club.at\/wp-content\/uploads\/2020\/10\/Schachner-Graz-Pol.jpg 917w, https:\/\/www.suso-club.at\/wp-content\/uploads\/2020\/10\/Schachner-Graz-Pol-300x202.jpg 300w, https:\/\/www.suso-club.at\/wp-content\/uploads\/2020\/10\/Schachner-Graz-Pol-768x517.jpg 768w\" sizes=\"(max-width: 917px) 100vw, 917px\" \/><figcaption id=\"caption-attachment-4328\" class=\"wp-caption-text\">Sandro Schachner von der Polizei verfolgt \u00a0\ud83d\ude09<\/figcaption><\/figure>\n<figure id=\"attachment_4335\" aria-describedby=\"caption-attachment-4335\" style=\"width: 604px\" class=\"wp-caption alignnone\"><img decoding=\"async\" loading=\"lazy\" class=\"size-large wp-image-4335\" src=\"http:\/\/www.suso-club.at\/wp-content\/uploads\/2020\/10\/Volksgarten-Ausschnitt-1024x769.png\" alt=\"\" width=\"604\" height=\"454\" srcset=\"https:\/\/www.suso-club.at\/wp-content\/uploads\/2020\/10\/Volksgarten-Ausschnitt-1024x769.png 1024w, https:\/\/www.suso-club.at\/wp-content\/uploads\/2020\/10\/Volksgarten-Ausschnitt-300x225.png 300w, https:\/\/www.suso-club.at\/wp-content\/uploads\/2020\/10\/Volksgarten-Ausschnitt-768x577.png 768w, https:\/\/www.suso-club.at\/wp-content\/uploads\/2020\/10\/Volksgarten-Ausschnitt.png 1408w\" sizes=\"(max-width: 604px) 100vw, 604px\" \/><figcaption id=\"caption-attachment-4335\" class=\"wp-caption-text\">Anfangsabschnitt der Herren 21 Elite im Volksgarten<\/figcaption><\/figure>\n<p>F\u00fcr\u00a0alle anderen Kategorien ging es bereits am Vormittag um die \u00d6sterreichische &#8222;Sprint&#8220;-Meisterschaft, was einer Siegerzeit von ca. 15 Minuten entsprechen sollte. \u00a0Dabei konnten\u00a0<strong>Camilla Aigm\u00fcller<\/strong> in D14 bzw. <strong>Hannes Pacher<\/strong> in H60 den Titel holen. Erwartungsgem\u00e4\u00df\u00a0stark konnte sich unser Nachwuchs in Szene setzen. Besonders die Dominanz in D16E war mit <strong>Theresa Monsberger (2.), Flora Aigm\u00fcller (3.), Laura K\u00f6nig (4.)<\/strong> und <strong>Martina Scheidl (5.)<\/strong> sehr\u00a0beindruckend.<\/p>\n<figure id=\"attachment_4332\" aria-describedby=\"caption-attachment-4332\" style=\"width: 569px\" class=\"wp-caption alignnone\"><img decoding=\"async\" loading=\"lazy\" class=\"size-full wp-image-4332\" src=\"http:\/\/www.suso-club.at\/wp-content\/uploads\/2020\/10\/SUSO-Jugend-Graz.jpeg\" alt=\"\" width=\"569\" height=\"343\" srcset=\"https:\/\/www.suso-club.at\/wp-content\/uploads\/2020\/10\/SUSO-Jugend-Graz.jpeg 569w, https:\/\/www.suso-club.at\/wp-content\/uploads\/2020\/10\/SUSO-Jugend-Graz-300x181.jpeg 300w\" sizes=\"(max-width: 569px) 100vw, 569px\" \/><figcaption id=\"caption-attachment-4332\" class=\"wp-caption-text\">SUSO Jugend in Form<\/figcaption><\/figure>\n<p>2. Pl\u00e4tze: Moritz Greiner (H14), \u00a0Martin Faccinelli (H21lang), Irene Greiner-L\u00f6schnig (D40),<br \/>\n3. Pl\u00e4tze: Eva Monsberger (D12), Lisa Pacher (D21lang), Doris Nesitka (D50),<\/p>\n<p><a href=\"https:\/\/liveresultat.orientering.se\/followfull.php?lang=de&amp;comp=18354\">Ergebnisse<\/a><\/p>\n","protected":false},"excerpt":{"rendered":"<p>Der Grazer Bezirk Lend wurde kurzfristig f\u00fcr die abgesagte Staatsmeisterschaft im urbanen &#8222;Sprint&#8220;-Orientierungslauf in Rust als Ersatzort ausgew\u00e4hlt. Der OLC Graz konnte als Veranstalter statt der geplanten Steir. Meisterschaft somit rund 450 \u00f6sterr. Orientierer begr\u00fc\u00dfen, die zwischen Volksgarten, Mariahilf und Griesplatz auf Postenjagd gingen. Um 14 Uhr erfolgte der Start der Elitekategorien. Unsere Vertreter\u00a0Anna Lueger, &hellip; <a href=\"https:\/\/www.suso-club.at\/de\/2020\/10\/04\/lend-mit-kleinem-heimvorteil\/\" class=\"more-link\"><span class=\"screen-reader-text\">Staatsmeisterschaften in Graz-Lend mit kleinem Heimvorteil<\/span> weiterlesen <span class=\"meta-nav\">&rarr;<\/span><\/a><\/p>\n","protected":false},"author":8,"featured_media":4330,"comment_status":"closed","ping_status":"open","sticky":false,"template":"","format":"standard","meta":[],"categories":[1,5,4],"tags":[],"translation":{"provider":"WPGlobus","version":"2.12.2","language":"de","enabled_languages":["en","de"],"languages":{"en":{"title":true,"content":true,"excerpt":false},"de":{"title":false,"content":false,"excerpt":false}}},"_links":{"self":[{"href":"https:\/\/www.suso-club.at\/de\/wp-json\/wp\/v2\/posts\/4333"}],"collection":[{"href":"https:\/\/www.suso-club.at\/de\/wp-json\/wp\/v2\/posts"}],"about":[{"href":"https:\/\/www.suso-club.at\/de\/wp-json\/wp\/v2\/types\/post"}],"author":[{"embeddable":true,"href":"https:\/\/www.suso-club.at\/de\/wp-json\/wp\/v2\/users\/8"}],"replies":[{"embeddable":true,"href":"https:\/\/www.suso-club.at\/de\/wp-json\/wp\/v2\/comments?post=4333"}],"version-history":[{"count":8,"href":"https:\/\/www.suso-club.at\/de\/wp-json\/wp\/v2\/posts\/4333\/revisions"}],"predecessor-version":[{"id":4344,"href":"https:\/\/www.suso-club.at\/de\/wp-json\/wp\/v2\/posts\/4333\/revisions\/4344"}],"wp:featuredmedia":[{"embeddable":true,"href":"https:\/\/www.suso-club.at\/de\/wp-json\/wp\/v2\/media\/4330"}],"wp:attachment":[{"href":"https:\/\/www.suso-club.at\/de\/wp-json\/wp\/v2\/media?parent=4333"}],"wp:term":[{"taxonomy":"category","embeddable":true,"href":"https:\/\/www.suso-club.at\/de\/wp-json\/wp\/v2\/categories?post=4333"},{"taxonomy":"post_tag","embeddable":true,"href":"https:\/\/www.suso-club.at\/de\/wp-json\/wp\/v2\/tags?post=4333"}],"curies":[{"name":"wp","href":"https:\/\/api.w.org\/{rel}","templated":true}]}}