{"id":4617,"date":"2020-12-20T18:46:27","date_gmt":"2020-12-20T17:46:27","guid":{"rendered":"http:\/\/www.suso-club.at\/?p=4617"},"modified":"2020-12-31T08:24:43","modified_gmt":"2020-12-31T07:24:43","slug":"ehre-wem-ehre-gebuehrt","status":"publish","type":"post","link":"https:\/\/www.suso-club.at\/de\/2020\/12\/20\/ehre-wem-ehre-gebuehrt\/","title":{"rendered":"Ehre, wem Ehre geb\u00fchrt!"},"content":{"rendered":"<p>Weihnachts\u00fcberraschung durch hohen Besuch aus Wien. Die Verbandspr\u00e4sidentin des \u00f6sterr. Fachverbandes f\u00fcr Orientierungslauf, Elisabeth Kirchmeier, lie\u00df es sich nicht nehmen, unsere Jugendlichen f\u00fcr die Leistungen des abgelaufenen Jahres zu ehren.<br \/>\nJedes Jahr wird der erfolgreichste Verein mit der Urkunde \u201eBester OL-Nachwuchs\u201c ausgezeichnet. Im COVID-19 Jahr wurde diese Auszeichnung unseren Jugendlichen zu teil. Damit steht unser Club nach 2008, 2009, 2010 und 2011 wieder an der Spitze!<\/p>\n<figure id=\"attachment_4619\" aria-describedby=\"caption-attachment-4619\" style=\"width: 604px\" class=\"wp-caption alignnone\"><img decoding=\"async\" loading=\"lazy\" class=\"size-large wp-image-4619\" src=\"http:\/\/www.suso-club.at\/wp-content\/uploads\/2020\/12\/20_Ehrung_Urkunde-5-Kopie-1024x768.jpg\" alt=\"\" width=\"604\" height=\"453\" srcset=\"https:\/\/www.suso-club.at\/wp-content\/uploads\/2020\/12\/20_Ehrung_Urkunde-5-Kopie-1024x768.jpg 1024w, https:\/\/www.suso-club.at\/wp-content\/uploads\/2020\/12\/20_Ehrung_Urkunde-5-Kopie-300x225.jpg 300w, https:\/\/www.suso-club.at\/wp-content\/uploads\/2020\/12\/20_Ehrung_Urkunde-5-Kopie-768x576.jpg 768w\" sizes=\"(max-width: 604px) 100vw, 604px\" \/><figcaption id=\"caption-attachment-4619\" class=\"wp-caption-text\">Der Stein der Anerkennung<\/figcaption><\/figure>\n<figure id=\"attachment_4626\" aria-describedby=\"caption-attachment-4626\" style=\"width: 458px\" class=\"wp-caption alignnone\"><img decoding=\"async\" loading=\"lazy\" class=\"size-full wp-image-4626\" src=\"http:\/\/www.suso-club.at\/wp-content\/uploads\/2020\/12\/Verein-Jugend-2020-DIA.png\" alt=\"\" width=\"458\" height=\"400\" srcset=\"https:\/\/www.suso-club.at\/wp-content\/uploads\/2020\/12\/Verein-Jugend-2020-DIA.png 458w, https:\/\/www.suso-club.at\/wp-content\/uploads\/2020\/12\/Verein-Jugend-2020-DIA-300x262.png 300w\" sizes=\"(max-width: 458px) 100vw, 458px\" \/><figcaption id=\"caption-attachment-4626\" class=\"wp-caption-text\">SUSO ist wieder Top in \u00d6sterreich! \u00a0Im Vergleich zu\u00a0steir. Vereinen<\/figcaption><\/figure>\n<figure id=\"attachment_4623\" aria-describedby=\"caption-attachment-4623\" style=\"width: 604px\" class=\"wp-caption alignnone\"><img decoding=\"async\" loading=\"lazy\" class=\"size-large wp-image-4623\" src=\"http:\/\/www.suso-club.at\/wp-content\/uploads\/2020\/12\/20_Ehrung_Jugend-10-Kopie-2-1024x724.jpg\" alt=\"\" width=\"604\" height=\"427\" srcset=\"https:\/\/www.suso-club.at\/wp-content\/uploads\/2020\/12\/20_Ehrung_Jugend-10-Kopie-2-1024x724.jpg 1024w, https:\/\/www.suso-club.at\/wp-content\/uploads\/2020\/12\/20_Ehrung_Jugend-10-Kopie-2-300x212.jpg 300w, https:\/\/www.suso-club.at\/wp-content\/uploads\/2020\/12\/20_Ehrung_Jugend-10-Kopie-2-768x543.jpg 768w, https:\/\/www.suso-club.at\/wp-content\/uploads\/2020\/12\/20_Ehrung_Jugend-10-Kopie-2.jpg 1684w\" sizes=\"(max-width: 604px) 100vw, 604px\" \/><figcaption id=\"caption-attachment-4623\" class=\"wp-caption-text\">Ein Teil der SUSO-Jugend in der\u00a0L\u00e4uferschmiede des BGBRG Kirchengasse Graz<\/figcaption><\/figure>\n<p>Gewertet werden dabei alle Punkte aller Jugend-L\u00e4uferInnen aller Austria-Cups des Jahres 2020.<br \/>\nNeben diesem Gemeinschaftserfolg konnten sich auch einige Jugendliche im Spitzenfeld der Einzel-Jahreswertung in Szene setzen:<\/p>\n<p>1. Pl\u00e4tze: Camilla Aigm\u00fcller (D14), Moritz Greiner (H14); Kerstin Holzer (D15-18);<span class=\"Apple-converted-space\"><br \/>\n<\/span>2. Pl\u00e4tze: Eva Monsberger (D12); Flora Aigm\u00fcller (D16Elite);<span class=\"Apple-converted-space\"><br \/>\n<\/span>3. Pl\u00e4tze: Theresa Monsberger (D16Elite);<br \/>\n<a href=\"https:\/\/www.oefol.at\/wp-content\/uploads\/2020\/10\/endergebnis_Fu\u00dfOL_2020.pdf\">Jahres-Einzelwertungen des Verbandes im Detail<br \/>\n<\/a><br \/>\nIm \u00f6sterreichischen Nachwuchskader sind immerhin 7 SUSO-L\u00e4uferInnen:<br \/>\nCamilla und Flora Aigm\u00fcller, Gustav und Moritz Greiner, Laura K\u00f6nig, <span class=\"Apple-converted-space\">\u00a0<\/span>Theresa Monsberger und Hannah Winkler.<\/p>\n<figure id=\"attachment_4650\" aria-describedby=\"caption-attachment-4650\" style=\"width: 604px\" class=\"wp-caption alignnone\"><img decoding=\"async\" loading=\"lazy\" class=\"size-large wp-image-4650\" src=\"http:\/\/www.suso-club.at\/wp-content\/uploads\/2020\/12\/20_Ehrung_\u00d6fol-Kaderl\u00e4ufer-1024x670.jpeg\" alt=\"\" width=\"604\" height=\"395\" srcset=\"https:\/\/www.suso-club.at\/wp-content\/uploads\/2020\/12\/20_Ehrung_\u00d6fol-Kaderl\u00e4ufer-1024x670.jpeg 1024w, https:\/\/www.suso-club.at\/wp-content\/uploads\/2020\/12\/20_Ehrung_\u00d6fol-Kaderl\u00e4ufer-300x196.jpeg 300w, https:\/\/www.suso-club.at\/wp-content\/uploads\/2020\/12\/20_Ehrung_\u00d6fol-Kaderl\u00e4ufer-768x503.jpeg 768w, https:\/\/www.suso-club.at\/wp-content\/uploads\/2020\/12\/20_Ehrung_\u00d6fol-Kaderl\u00e4ufer.jpeg 1680w\" sizes=\"(max-width: 604px) 100vw, 604px\" \/><figcaption id=\"caption-attachment-4650\" class=\"wp-caption-text\">Unsere Kaderl\u00e4uferInnen mit \u00d6FOL Maske<\/figcaption><\/figure>\n<p>Aber nicht nur unsere Jugend liegt im Aufw\u00e4rtstrend. Auch die Kurve der Allg. Klasse und die der Senioren zeigt steil bergauf!<\/p>\n<p><img decoding=\"async\" loading=\"lazy\" class=\"size-full wp-image-4628\" src=\"http:\/\/www.suso-club.at\/wp-content\/uploads\/2020\/12\/Verein-Allg.Klasse-2020-DIA.png\" alt=\"\" width=\"477\" height=\"451\" srcset=\"https:\/\/www.suso-club.at\/wp-content\/uploads\/2020\/12\/Verein-Allg.Klasse-2020-DIA.png 477w, https:\/\/www.suso-club.at\/wp-content\/uploads\/2020\/12\/Verein-Allg.Klasse-2020-DIA-300x284.png 300w\" sizes=\"(max-width: 477px) 100vw, 477px\" \/><\/p>\n<p><img decoding=\"async\" loading=\"lazy\" class=\"alignnone size-full wp-image-4627\" src=\"http:\/\/www.suso-club.at\/wp-content\/uploads\/2020\/12\/Verein-Senioren-2020-DIA.png\" alt=\"\" width=\"506\" height=\"612\" srcset=\"https:\/\/www.suso-club.at\/wp-content\/uploads\/2020\/12\/Verein-Senioren-2020-DIA.png 506w, https:\/\/www.suso-club.at\/wp-content\/uploads\/2020\/12\/Verein-Senioren-2020-DIA-248x300.png 248w\" sizes=\"(max-width: 506px) 100vw, 506px\" \/><br \/>\n<a href=\"https:\/\/www.oefol.at\/wp-content\/uploads\/2020\/10\/endergebnis_Fu\u00dfOL_2020.pdf\"><br \/>\n<\/a><a href=\"https:\/\/www.oefol.at\/wp-content\/uploads\/2020\/10\/Vereinswertung_FussOL.pdf\">Jahres-Vereinswertung des Verbandes<\/a><\/p>\n<figure id=\"attachment_4635\" aria-describedby=\"caption-attachment-4635\" style=\"width: 604px\" class=\"wp-caption alignnone\"><img decoding=\"async\" loading=\"lazy\" class=\"size-large wp-image-4635\" src=\"http:\/\/www.suso-club.at\/wp-content\/uploads\/2020\/12\/20_Ehrung_Jugend-2-1024x716.jpg\" alt=\"\" width=\"604\" height=\"422\" srcset=\"https:\/\/www.suso-club.at\/wp-content\/uploads\/2020\/12\/20_Ehrung_Jugend-2-1024x716.jpg 1024w, https:\/\/www.suso-club.at\/wp-content\/uploads\/2020\/12\/20_Ehrung_Jugend-2-300x210.jpg 300w, https:\/\/www.suso-club.at\/wp-content\/uploads\/2020\/12\/20_Ehrung_Jugend-2-768x537.jpg 768w\" sizes=\"(max-width: 604px) 100vw, 604px\" \/><figcaption id=\"caption-attachment-4635\" class=\"wp-caption-text\">Das Jahr 2021 kann beginnen!<\/figcaption><\/figure>\n<figure id=\"attachment_4624\" aria-describedby=\"caption-attachment-4624\" style=\"width: 604px\" class=\"wp-caption alignnone\"><img decoding=\"async\" loading=\"lazy\" class=\"size-large wp-image-4624\" src=\"http:\/\/www.suso-club.at\/wp-content\/uploads\/2020\/12\/20_Ehrung_Jugend-4-1024x769.jpg\" alt=\"\" width=\"604\" height=\"454\" srcset=\"https:\/\/www.suso-club.at\/wp-content\/uploads\/2020\/12\/20_Ehrung_Jugend-4-1024x769.jpg 1024w, https:\/\/www.suso-club.at\/wp-content\/uploads\/2020\/12\/20_Ehrung_Jugend-4-300x225.jpg 300w, https:\/\/www.suso-club.at\/wp-content\/uploads\/2020\/12\/20_Ehrung_Jugend-4-768x577.jpg 768w\" sizes=\"(max-width: 604px) 100vw, 604px\" \/><figcaption id=\"caption-attachment-4624\" class=\"wp-caption-text\">Zufriedener Clubchef<\/figcaption><\/figure>\n<p>2021 wird hoffentlich wieder Covid-frei und ebenso, oder noch erfolgreicher!<\/p>\n","protected":false},"excerpt":{"rendered":"<p>Weihnachts\u00fcberraschung durch hohen Besuch aus Wien. Die Verbandspr\u00e4sidentin des \u00f6sterr. Fachverbandes f\u00fcr Orientierungslauf, Elisabeth Kirchmeier, lie\u00df es sich nicht nehmen, unsere Jugendlichen f\u00fcr die Leistungen des abgelaufenen Jahres zu ehren. Jedes Jahr wird der erfolgreichste Verein mit der Urkunde \u201eBester OL-Nachwuchs\u201c ausgezeichnet. Im COVID-19 Jahr wurde diese Auszeichnung unseren Jugendlichen zu teil. Damit steht unser &hellip; <a href=\"https:\/\/www.suso-club.at\/de\/2020\/12\/20\/ehre-wem-ehre-gebuehrt\/\" class=\"more-link\"><span class=\"screen-reader-text\">Ehre, wem Ehre geb\u00fchrt!<\/span> weiterlesen <span class=\"meta-nav\">&rarr;<\/span><\/a><\/p>\n","protected":false},"author":8,"featured_media":4620,"comment_status":"closed","ping_status":"open","sticky":false,"template":"","format":"standard","meta":[],"categories":[1,5,2],"tags":[],"translation":{"provider":"WPGlobus","version":"2.12.2","language":"de","enabled_languages":["en","de"],"languages":{"en":{"title":true,"content":true,"excerpt":false},"de":{"title":false,"content":false,"excerpt":false}}},"_links":{"self":[{"href":"https:\/\/www.suso-club.at\/de\/wp-json\/wp\/v2\/posts\/4617"}],"collection":[{"href":"https:\/\/www.suso-club.at\/de\/wp-json\/wp\/v2\/posts"}],"about":[{"href":"https:\/\/www.suso-club.at\/de\/wp-json\/wp\/v2\/types\/post"}],"author":[{"embeddable":true,"href":"https:\/\/www.suso-club.at\/de\/wp-json\/wp\/v2\/users\/8"}],"replies":[{"embeddable":true,"href":"https:\/\/www.suso-club.at\/de\/wp-json\/wp\/v2\/comments?post=4617"}],"version-history":[{"count":10,"href":"https:\/\/www.suso-club.at\/de\/wp-json\/wp\/v2\/posts\/4617\/revisions"}],"predecessor-version":[{"id":4664,"href":"https:\/\/www.suso-club.at\/de\/wp-json\/wp\/v2\/posts\/4617\/revisions\/4664"}],"wp:featuredmedia":[{"embeddable":true,"href":"https:\/\/www.suso-club.at\/de\/wp-json\/wp\/v2\/media\/4620"}],"wp:attachment":[{"href":"https:\/\/www.suso-club.at\/de\/wp-json\/wp\/v2\/media?parent=4617"}],"wp:term":[{"taxonomy":"category","embeddable":true,"href":"https:\/\/www.suso-club.at\/de\/wp-json\/wp\/v2\/categories?post=4617"},{"taxonomy":"post_tag","embeddable":true,"href":"https:\/\/www.suso-club.at\/de\/wp-json\/wp\/v2\/tags?post=4617"}],"curies":[{"name":"wp","href":"https:\/\/api.w.org\/{rel}","templated":true}]}}