{"id":4768,"date":"2021-04-02T17:09:42","date_gmt":"2021-04-02T15:09:42","guid":{"rendered":"http:\/\/www.suso-club.at\/?p=4768"},"modified":"2021-04-02T17:09:42","modified_gmt":"2021-04-02T15:09:42","slug":"suso-jugend-beim-osterkadertraining","status":"publish","type":"post","link":"https:\/\/www.suso-club.at\/de\/2021\/04\/02\/suso-jugend-beim-osterkadertraining\/","title":{"rendered":"SUSO-Jugend beim Osterkadertraining"},"content":{"rendered":"<p>W\u00e4hrend sich\u00a0unsere\u00a0Vereinsl\u00e4ufer mit Trainings noch etwas gedulden m\u00fcssen, konnten unsere SUSO-Kaderl\u00e4ufer am traditionellen Trainingslehrgang des \u00f6sterreichischen Jugendkaders in K\u00e4rnten teilnehmen. Flora Aigm\u00fcller hat dazu einige Impressionen verfasst:<br \/>\nIn den ersten 5 Tagen der heurigen Osterferien hatten 7 unserer SUSO-Jugend\u00e4ufer die wahnsinnig tolle M\u00f6glichkeit mehrere wundersch\u00f6ne, sehr lehrreiche Trainings rund um den Faakersee zu absolvieren. Die Trainings fanden in den f\u00fcr K\u00e4rnten sehr typischen detailreichen Gebieten statt, die oftmals zur Herausforderung wurden. Ein sehr interessantes Training war eine kreisrunde Karte ohne Nordlinien in Arnoldstein, die ohne Kompass gemeistert werden sollte. Es wurde auf diesem Trainingslager aber nicht nur viel Wert auf technische Verbesserung gelegt, sondern der Fokus lag auch auf den mentalen F\u00e4higkeiten. Wir haben uns Gedanken zu Gegnerkontakt, Abl\u00e4ufen und Routinen gemacht. Geschlafen haben wir im Bundessportzentrum direkt am Faakersee, der mit 4 Grad f\u00fcr eine sehr kalte Erfrischung zwischen den Trainings sorgte. Am Dienstagabend gab es zum Abschluss noch ein besonderes OL Event, den Kerzli-Lauf. Bei diesem galt es in der Nacht, mit Hilfe von Kerzen- und Vollmondschein, ein Postennetz mit verschiedensten Aufgaben in 2er Teams so schnell wie m\u00f6glich zu bew\u00e4ltigen. Das haben wir alle mit viel Spa\u00df gemeistert und uns \u00fcber die Oster-Preise gefreut. Trotz der Corona-Regeln und Einschr\u00e4nkungen wurde es ein wundersch\u00f6nes Lager, f\u00fcr das wir alle sehr dankbar sind!<\/p>\n<figure id=\"attachment_4650\" aria-describedby=\"caption-attachment-4650\" style=\"width: 604px\" class=\"wp-caption alignnone\"><img decoding=\"async\" loading=\"lazy\" class=\"size-large wp-image-4650\" src=\"http:\/\/www.suso-club.at\/wp-content\/uploads\/2020\/12\/20_Ehrung_\u00d6fol-Kaderl\u00e4ufer-1024x670.jpeg\" alt=\"\" width=\"604\" height=\"395\" srcset=\"https:\/\/www.suso-club.at\/wp-content\/uploads\/2020\/12\/20_Ehrung_\u00d6fol-Kaderl\u00e4ufer-1024x670.jpeg 1024w, https:\/\/www.suso-club.at\/wp-content\/uploads\/2020\/12\/20_Ehrung_\u00d6fol-Kaderl\u00e4ufer-300x196.jpeg 300w, https:\/\/www.suso-club.at\/wp-content\/uploads\/2020\/12\/20_Ehrung_\u00d6fol-Kaderl\u00e4ufer-768x503.jpeg 768w, https:\/\/www.suso-club.at\/wp-content\/uploads\/2020\/12\/20_Ehrung_\u00d6fol-Kaderl\u00e4ufer.jpeg 1680w\" sizes=\"(max-width: 604px) 100vw, 604px\" \/><figcaption id=\"caption-attachment-4650\" class=\"wp-caption-text\">Unsere Kaderl\u00e4ufer*innen<\/figcaption><\/figure>\n<figure id=\"attachment_4775\" aria-describedby=\"caption-attachment-4775\" style=\"width: 604px\" class=\"wp-caption alignnone\"><img decoding=\"async\" loading=\"lazy\" class=\"size-large wp-image-4775\" src=\"http:\/\/www.suso-club.at\/wp-content\/uploads\/2021\/04\/TL-Kader-3-1024x698.jpg\" alt=\"\" width=\"604\" height=\"412\" srcset=\"https:\/\/www.suso-club.at\/wp-content\/uploads\/2021\/04\/TL-Kader-3-1024x698.jpg 1024w, https:\/\/www.suso-club.at\/wp-content\/uploads\/2021\/04\/TL-Kader-3-300x204.jpg 300w, https:\/\/www.suso-club.at\/wp-content\/uploads\/2021\/04\/TL-Kader-3-768x523.jpg 768w\" sizes=\"(max-width: 604px) 100vw, 604px\" \/><figcaption id=\"caption-attachment-4775\" class=\"wp-caption-text\">Gustav Greiner im Dobratsch Bergsturz<\/figcaption><\/figure>\n<figure id=\"attachment_4777\" aria-describedby=\"caption-attachment-4777\" style=\"width: 604px\" class=\"wp-caption alignnone\"><img decoding=\"async\" loading=\"lazy\" class=\"size-large wp-image-4777\" src=\"http:\/\/www.suso-club.at\/wp-content\/uploads\/2021\/04\/Bergsturzkarte-ohne-Nordlinien-1018x1024.jpg\" alt=\"\" width=\"604\" height=\"608\" srcset=\"https:\/\/www.suso-club.at\/wp-content\/uploads\/2021\/04\/Bergsturzkarte-ohne-Nordlinien-1018x1024.jpg 1018w, https:\/\/www.suso-club.at\/wp-content\/uploads\/2021\/04\/Bergsturzkarte-ohne-Nordlinien-150x150.jpg 150w, https:\/\/www.suso-club.at\/wp-content\/uploads\/2021\/04\/Bergsturzkarte-ohne-Nordlinien-298x300.jpg 298w, https:\/\/www.suso-club.at\/wp-content\/uploads\/2021\/04\/Bergsturzkarte-ohne-Nordlinien-768x773.jpg 768w, https:\/\/www.suso-club.at\/wp-content\/uploads\/2021\/04\/Bergsturzkarte-ohne-Nordlinien.jpg 1123w\" sizes=\"(max-width: 604px) 100vw, 604px\" \/><figcaption id=\"caption-attachment-4777\" class=\"wp-caption-text\">Bergsturzkarte ohne Nordlinien<\/figcaption><\/figure>\n<figure id=\"attachment_4773\" aria-describedby=\"caption-attachment-4773\" style=\"width: 604px\" class=\"wp-caption alignnone\"><img decoding=\"async\" loading=\"lazy\" class=\"size-large wp-image-4773\" src=\"http:\/\/www.suso-club.at\/wp-content\/uploads\/2021\/04\/TL-Kader-1-1024x657.jpg\" alt=\"\" width=\"604\" height=\"388\" srcset=\"https:\/\/www.suso-club.at\/wp-content\/uploads\/2021\/04\/TL-Kader-1-1024x657.jpg 1024w, https:\/\/www.suso-club.at\/wp-content\/uploads\/2021\/04\/TL-Kader-1-300x193.jpg 300w, https:\/\/www.suso-club.at\/wp-content\/uploads\/2021\/04\/TL-Kader-1-768x493.jpg 768w\" sizes=\"(max-width: 604px) 100vw, 604px\" \/><figcaption id=\"caption-attachment-4773\" class=\"wp-caption-text\">Sprung in den Faakersee bei 4\u00b0<\/figcaption><\/figure>\n","protected":false},"excerpt":{"rendered":"<p>W\u00e4hrend sich\u00a0unsere\u00a0Vereinsl\u00e4ufer mit Trainings noch etwas gedulden m\u00fcssen, konnten unsere SUSO-Kaderl\u00e4ufer am traditionellen Trainingslehrgang des \u00f6sterreichischen Jugendkaders in K\u00e4rnten teilnehmen. Flora Aigm\u00fcller hat dazu einige Impressionen verfasst: In den ersten 5 Tagen der heurigen Osterferien hatten 7 unserer SUSO-Jugend\u00e4ufer die wahnsinnig tolle M\u00f6glichkeit mehrere wundersch\u00f6ne, sehr lehrreiche Trainings rund um den Faakersee zu absolvieren. Die &hellip; <a href=\"https:\/\/www.suso-club.at\/de\/2021\/04\/02\/suso-jugend-beim-osterkadertraining\/\" class=\"more-link\"><span class=\"screen-reader-text\">SUSO-Jugend beim Osterkadertraining<\/span> weiterlesen <span class=\"meta-nav\">&rarr;<\/span><\/a><\/p>\n","protected":false},"author":8,"featured_media":4774,"comment_status":"closed","ping_status":"open","sticky":false,"template":"","format":"standard","meta":[],"categories":[1,11],"tags":[],"translation":{"provider":"WPGlobus","version":"2.12.2","language":"de","enabled_languages":["en","de"],"languages":{"en":{"title":true,"content":true,"excerpt":false},"de":{"title":false,"content":false,"excerpt":false}}},"_links":{"self":[{"href":"https:\/\/www.suso-club.at\/de\/wp-json\/wp\/v2\/posts\/4768"}],"collection":[{"href":"https:\/\/www.suso-club.at\/de\/wp-json\/wp\/v2\/posts"}],"about":[{"href":"https:\/\/www.suso-club.at\/de\/wp-json\/wp\/v2\/types\/post"}],"author":[{"embeddable":true,"href":"https:\/\/www.suso-club.at\/de\/wp-json\/wp\/v2\/users\/8"}],"replies":[{"embeddable":true,"href":"https:\/\/www.suso-club.at\/de\/wp-json\/wp\/v2\/comments?post=4768"}],"version-history":[{"count":6,"href":"https:\/\/www.suso-club.at\/de\/wp-json\/wp\/v2\/posts\/4768\/revisions"}],"predecessor-version":[{"id":4779,"href":"https:\/\/www.suso-club.at\/de\/wp-json\/wp\/v2\/posts\/4768\/revisions\/4779"}],"wp:featuredmedia":[{"embeddable":true,"href":"https:\/\/www.suso-club.at\/de\/wp-json\/wp\/v2\/media\/4774"}],"wp:attachment":[{"href":"https:\/\/www.suso-club.at\/de\/wp-json\/wp\/v2\/media?parent=4768"}],"wp:term":[{"taxonomy":"category","embeddable":true,"href":"https:\/\/www.suso-club.at\/de\/wp-json\/wp\/v2\/categories?post=4768"},{"taxonomy":"post_tag","embeddable":true,"href":"https:\/\/www.suso-club.at\/de\/wp-json\/wp\/v2\/tags?post=4768"}],"curies":[{"name":"wp","href":"https:\/\/api.w.org\/{rel}","templated":true}]}}