{"id":5212,"date":"2021-07-03T18:55:27","date_gmt":"2021-07-03T16:55:27","guid":{"rendered":"http:\/\/www.suso-club.at\/?p=5212"},"modified":"2021-07-03T18:58:10","modified_gmt":"2021-07-03T16:58:10","slug":"das-brenta-massiv-als-kulisse","status":"publish","type":"post","link":"https:\/\/www.suso-club.at\/de\/2021\/07\/03\/das-brenta-massiv-als-kulisse\/","title":{"rendered":"Das Brenta-Massiv als Kulisse"},"content":{"rendered":"<p>Wie schon 2019 war der Ausflug in die Dolomiten zum 5-Tage-OL von Italien ein wahrer Leckerbissen. Der Start erfolgte mit dem Stadt-OL in Fai della Paganella, es folgten zwei Etappen an den S\u00fcdh\u00e4ngen der Brenta-Gruppe n\u00f6rdlich von Andalo. Am vierten Tag ging es mit der Seilbahn zur Mittelstation ins\u00a0Skigebiet der Paganella Gruppe, also\u00a0auf die andere Ortsseite von Andalo. Die 5.Etappe entpuppte sich als gro\u00dfe \u00dcberraschung. Entlang eines schmalen Waldstreifens mit vielen kleinen Gel\u00e4ndedetails, bevor das Plateau um den Ort Fai della Paganella\u00a0\u00a0mit senkrechten Felsb\u00e4ndern ins Etschtal abbricht, waren perfekte Bahnen geplant, die an die Orientierer h\u00f6chste techn. Anforderungen stellten.<\/p>\n<figure id=\"attachment_5201\" aria-describedby=\"caption-attachment-5201\" style=\"width: 604px\" class=\"wp-caption alignnone\"><img decoding=\"async\" loading=\"lazy\" class=\"size-large wp-image-5201\" src=\"http:\/\/www.suso-club.at\/wp-content\/uploads\/2021\/07\/ITA-Flora-Kopie-1024x684.jpg\" alt=\"\" width=\"604\" height=\"403\" srcset=\"https:\/\/www.suso-club.at\/wp-content\/uploads\/2021\/07\/ITA-Flora-Kopie-1024x684.jpg 1024w, https:\/\/www.suso-club.at\/wp-content\/uploads\/2021\/07\/ITA-Flora-Kopie-300x200.jpg 300w, https:\/\/www.suso-club.at\/wp-content\/uploads\/2021\/07\/ITA-Flora-Kopie-768x513.jpg 768w\" sizes=\"(max-width: 604px) 100vw, 604px\" \/><figcaption id=\"caption-attachment-5201\" class=\"wp-caption-text\">Flora Aigm\u00fcller lieferte!<\/figcaption><\/figure>\n<p><strong>Flora Aigm\u00fcller<\/strong> lieferte an allen Etappen eine souver\u00e4ne Leistung und wurde mit dem \u00fcberlegenen Sieg in Damen-18\u00a0belohnt. Ebenfalls um den Titel lief <strong>Camilla Aigm\u00fcller<\/strong> in der Kategorie D-16. Sie musste sich aber trotz des Sieges auf der letzten Etappe mit Platz 2 zufrieden geben. <strong>Theresa Monsberger<\/strong> verfehlte den Podestplatz nur knapp.<br \/>\nF\u00fcr alle anderen SUSO-L\u00e4ufer*innen waren diese wundersch\u00f6nen Wettk\u00e4mpfe wichtige Erfahrungen, die sie hoffentlich beim n\u00e4chsten Austria-Cup Mitte Juli im Lungau positiv umsetzen k\u00f6nnen.<\/p>\n<figure id=\"attachment_5214\" aria-describedby=\"caption-attachment-5214\" style=\"width: 604px\" class=\"wp-caption alignnone\"><img decoding=\"async\" loading=\"lazy\" class=\"size-large wp-image-5214\" src=\"http:\/\/www.suso-club.at\/wp-content\/uploads\/2021\/07\/5daysITA-40-1024x370.jpg\" alt=\"\" width=\"604\" height=\"218\" srcset=\"https:\/\/www.suso-club.at\/wp-content\/uploads\/2021\/07\/5daysITA-40-1024x370.jpg 1024w, https:\/\/www.suso-club.at\/wp-content\/uploads\/2021\/07\/5daysITA-40-300x108.jpg 300w, https:\/\/www.suso-club.at\/wp-content\/uploads\/2021\/07\/5daysITA-40-768x277.jpg 768w, https:\/\/www.suso-club.at\/wp-content\/uploads\/2021\/07\/5daysITA-40.jpg 1600w\" sizes=\"(max-width: 604px) 100vw, 604px\" \/><figcaption id=\"caption-attachment-5214\" class=\"wp-caption-text\">Die Gewinner der 5-days of Italy von allen Kategorien<\/figcaption><\/figure>\n<p><a href=\"https:\/\/www.5daysitaly.it\/competition\/results\/\">Ergebnisse der 5-days of Italy<\/a><\/p>\n<figure id=\"attachment_5217\" aria-describedby=\"caption-attachment-5217\" style=\"width: 604px\" class=\"wp-caption alignnone\"><img decoding=\"async\" loading=\"lazy\" class=\"size-large wp-image-5217\" src=\"http:\/\/www.suso-club.at\/wp-content\/uploads\/2021\/07\/5daysITA-38-1024x706.jpg\" alt=\"\" width=\"604\" height=\"416\" srcset=\"https:\/\/www.suso-club.at\/wp-content\/uploads\/2021\/07\/5daysITA-38-1024x706.jpg 1024w, https:\/\/www.suso-club.at\/wp-content\/uploads\/2021\/07\/5daysITA-38-300x207.jpg 300w, https:\/\/www.suso-club.at\/wp-content\/uploads\/2021\/07\/5daysITA-38-768x529.jpg 768w, https:\/\/www.suso-club.at\/wp-content\/uploads\/2021\/07\/5daysITA-38.jpg 1062w\" sizes=\"(max-width: 604px) 100vw, 604px\" \/><figcaption id=\"caption-attachment-5217\" class=\"wp-caption-text\">Camilla Aigm\u00fcller hatte starke Auftritte<\/figcaption><\/figure>\n<figure id=\"attachment_5215\" aria-describedby=\"caption-attachment-5215\" style=\"width: 604px\" class=\"wp-caption alignnone\"><img decoding=\"async\" loading=\"lazy\" class=\"size-large wp-image-5215\" src=\"http:\/\/www.suso-club.at\/wp-content\/uploads\/2021\/07\/5daysITA-43-1024x727.jpg\" alt=\"\" width=\"604\" height=\"429\" srcset=\"https:\/\/www.suso-club.at\/wp-content\/uploads\/2021\/07\/5daysITA-43-1024x727.jpg 1024w, https:\/\/www.suso-club.at\/wp-content\/uploads\/2021\/07\/5daysITA-43-300x213.jpg 300w, https:\/\/www.suso-club.at\/wp-content\/uploads\/2021\/07\/5daysITA-43-768x545.jpg 768w, https:\/\/www.suso-club.at\/wp-content\/uploads\/2021\/07\/5daysITA-43.jpg 1164w\" sizes=\"(max-width: 604px) 100vw, 604px\" \/><figcaption id=\"caption-attachment-5215\" class=\"wp-caption-text\">Gustav Greiner k\u00e4mpfte vorbildlich<\/figcaption><\/figure>\n<figure id=\"attachment_5216\" aria-describedby=\"caption-attachment-5216\" style=\"width: 604px\" class=\"wp-caption alignnone\"><img decoding=\"async\" loading=\"lazy\" class=\"size-large wp-image-5216\" src=\"http:\/\/www.suso-club.at\/wp-content\/uploads\/2021\/07\/5daysITA-45-1024x690.jpg\" alt=\"\" width=\"604\" height=\"407\" srcset=\"https:\/\/www.suso-club.at\/wp-content\/uploads\/2021\/07\/5daysITA-45-1024x690.jpg 1024w, https:\/\/www.suso-club.at\/wp-content\/uploads\/2021\/07\/5daysITA-45-300x202.jpg 300w, https:\/\/www.suso-club.at\/wp-content\/uploads\/2021\/07\/5daysITA-45-768x518.jpg 768w, https:\/\/www.suso-club.at\/wp-content\/uploads\/2021\/07\/5daysITA-45.jpg 1074w\" sizes=\"(max-width: 604px) 100vw, 604px\" \/><figcaption id=\"caption-attachment-5216\" class=\"wp-caption-text\">Lotte Brischnik bei ihrem ersten internationalen Auftritt<\/figcaption><\/figure>\n<figure id=\"attachment_5202\" aria-describedby=\"caption-attachment-5202\" style=\"width: 604px\" class=\"wp-caption alignnone\"><img decoding=\"async\" loading=\"lazy\" class=\"size-large wp-image-5202\" src=\"http:\/\/www.suso-club.at\/wp-content\/uploads\/2021\/07\/ITA-Hannah-Kopie-1024x759.jpg\" alt=\"\" width=\"604\" height=\"448\" srcset=\"https:\/\/www.suso-club.at\/wp-content\/uploads\/2021\/07\/ITA-Hannah-Kopie-1024x759.jpg 1024w, https:\/\/www.suso-club.at\/wp-content\/uploads\/2021\/07\/ITA-Hannah-Kopie-300x222.jpg 300w, https:\/\/www.suso-club.at\/wp-content\/uploads\/2021\/07\/ITA-Hannah-Kopie-768x569.jpg 768w\" sizes=\"(max-width: 604px) 100vw, 604px\" \/><figcaption id=\"caption-attachment-5202\" class=\"wp-caption-text\">Hannah Winkler hatte Verletzungsprobleme<\/figcaption><\/figure>\n<figure id=\"attachment_5204\" aria-describedby=\"caption-attachment-5204\" style=\"width: 604px\" class=\"wp-caption alignnone\"><img decoding=\"async\" loading=\"lazy\" class=\"size-large wp-image-5204\" src=\"http:\/\/www.suso-club.at\/wp-content\/uploads\/2021\/07\/5daysITA-35-1024x775.jpg\" alt=\"\" width=\"604\" height=\"457\" srcset=\"https:\/\/www.suso-club.at\/wp-content\/uploads\/2021\/07\/5daysITA-35-1024x775.jpg 1024w, https:\/\/www.suso-club.at\/wp-content\/uploads\/2021\/07\/5daysITA-35-300x227.jpg 300w, https:\/\/www.suso-club.at\/wp-content\/uploads\/2021\/07\/5daysITA-35-768x581.jpg 768w, https:\/\/www.suso-club.at\/wp-content\/uploads\/2021\/07\/5daysITA-35.jpg 1286w\" sizes=\"(max-width: 604px) 100vw, 604px\" \/><figcaption id=\"caption-attachment-5204\" class=\"wp-caption-text\">Lukas Hofer duellierte sich mit Felix Klingenberg<\/figcaption><\/figure>\n<figure id=\"attachment_5205\" aria-describedby=\"caption-attachment-5205\" style=\"width: 604px\" class=\"wp-caption alignnone\"><img decoding=\"async\" loading=\"lazy\" class=\"size-large wp-image-5205\" src=\"http:\/\/www.suso-club.at\/wp-content\/uploads\/2021\/07\/5daysITA-37-1024x768.jpg\" alt=\"\" width=\"604\" height=\"453\" srcset=\"https:\/\/www.suso-club.at\/wp-content\/uploads\/2021\/07\/5daysITA-37-1024x768.jpg 1024w, https:\/\/www.suso-club.at\/wp-content\/uploads\/2021\/07\/5daysITA-37-300x225.jpg 300w, https:\/\/www.suso-club.at\/wp-content\/uploads\/2021\/07\/5daysITA-37-768x576.jpg 768w, https:\/\/www.suso-club.at\/wp-content\/uploads\/2021\/07\/5daysITA-37.jpg 1600w\" sizes=\"(max-width: 604px) 100vw, 604px\" \/><figcaption id=\"caption-attachment-5205\" class=\"wp-caption-text\">Amelie Stracke f\u00fchlte sich wohl<\/figcaption><\/figure>\n<figure id=\"attachment_5200\" aria-describedby=\"caption-attachment-5200\" style=\"width: 604px\" class=\"wp-caption alignnone\"><img decoding=\"async\" loading=\"lazy\" class=\"size-large wp-image-5200\" src=\"http:\/\/www.suso-club.at\/wp-content\/uploads\/2021\/07\/ITA-Tanja-Kopie-1024x666.jpg\" alt=\"\" width=\"604\" height=\"393\" srcset=\"https:\/\/www.suso-club.at\/wp-content\/uploads\/2021\/07\/ITA-Tanja-Kopie-1024x666.jpg 1024w, https:\/\/www.suso-club.at\/wp-content\/uploads\/2021\/07\/ITA-Tanja-Kopie-300x195.jpg 300w, https:\/\/www.suso-club.at\/wp-content\/uploads\/2021\/07\/ITA-Tanja-Kopie-768x500.jpg 768w\" sizes=\"(max-width: 604px) 100vw, 604px\" \/><figcaption id=\"caption-attachment-5200\" class=\"wp-caption-text\">Tanja Peinsith erstmalig international im Einsatz<\/figcaption><\/figure>\n<figure id=\"attachment_5207\" aria-describedby=\"caption-attachment-5207\" style=\"width: 604px\" class=\"wp-caption alignnone\"><img decoding=\"async\" loading=\"lazy\" class=\"size-large wp-image-5207\" src=\"http:\/\/www.suso-club.at\/wp-content\/uploads\/2021\/07\/5daysITA-42-1024x683.jpg\" alt=\"\" width=\"604\" height=\"403\" srcset=\"https:\/\/www.suso-club.at\/wp-content\/uploads\/2021\/07\/5daysITA-42-1024x683.jpg 1024w, https:\/\/www.suso-club.at\/wp-content\/uploads\/2021\/07\/5daysITA-42-300x200.jpg 300w, https:\/\/www.suso-club.at\/wp-content\/uploads\/2021\/07\/5daysITA-42-768x512.jpg 768w, https:\/\/www.suso-club.at\/wp-content\/uploads\/2021\/07\/5daysITA-42.jpg 1599w\" sizes=\"(max-width: 604px) 100vw, 604px\" \/><figcaption id=\"caption-attachment-5207\" class=\"wp-caption-text\">Hannes Pacher versuchte es auf Jung in H45<\/figcaption><\/figure>\n<figure id=\"attachment_5210\" aria-describedby=\"caption-attachment-5210\" style=\"width: 604px\" class=\"wp-caption alignnone\"><img decoding=\"async\" loading=\"lazy\" class=\"size-large wp-image-5210\" src=\"http:\/\/www.suso-club.at\/wp-content\/uploads\/2021\/07\/5daysITA-48-1024x768.jpg\" alt=\"\" width=\"604\" height=\"453\" srcset=\"https:\/\/www.suso-club.at\/wp-content\/uploads\/2021\/07\/5daysITA-48-1024x768.jpg 1024w, https:\/\/www.suso-club.at\/wp-content\/uploads\/2021\/07\/5daysITA-48-300x225.jpg 300w, https:\/\/www.suso-club.at\/wp-content\/uploads\/2021\/07\/5daysITA-48-768x576.jpg 768w, https:\/\/www.suso-club.at\/wp-content\/uploads\/2021\/07\/5daysITA-48.jpg 1600w\" sizes=\"(max-width: 604px) 100vw, 604px\" \/><figcaption id=\"caption-attachment-5210\" class=\"wp-caption-text\">Gerald Pischinger spazierte aus gesundheitlichen Gr\u00fcnden nur gem\u00fctlich<\/figcaption><\/figure>\n<figure id=\"attachment_5209\" aria-describedby=\"caption-attachment-5209\" style=\"width: 604px\" class=\"wp-caption alignnone\"><img decoding=\"async\" loading=\"lazy\" class=\"size-large wp-image-5209\" src=\"http:\/\/www.suso-club.at\/wp-content\/uploads\/2021\/07\/5daysITA-47-1024x612.jpg\" alt=\"\" width=\"604\" height=\"361\" srcset=\"https:\/\/www.suso-club.at\/wp-content\/uploads\/2021\/07\/5daysITA-47-1024x612.jpg 1024w, https:\/\/www.suso-club.at\/wp-content\/uploads\/2021\/07\/5daysITA-47-300x179.jpg 300w, https:\/\/www.suso-club.at\/wp-content\/uploads\/2021\/07\/5daysITA-47-768x459.jpg 768w, https:\/\/www.suso-club.at\/wp-content\/uploads\/2021\/07\/5daysITA-47.jpg 1027w\" sizes=\"(max-width: 604px) 100vw, 604px\" \/><figcaption id=\"caption-attachment-5209\" class=\"wp-caption-text\">Eva Monsberger sch\u00f6pfte viel Erfahrung<\/figcaption><\/figure>\n<figure id=\"attachment_5206\" aria-describedby=\"caption-attachment-5206\" style=\"width: 604px\" class=\"wp-caption alignnone\"><img decoding=\"async\" loading=\"lazy\" class=\"size-large wp-image-5206\" src=\"http:\/\/www.suso-club.at\/wp-content\/uploads\/2021\/07\/5daysITA-41-1024x641.jpg\" alt=\"\" width=\"604\" height=\"378\" srcset=\"https:\/\/www.suso-club.at\/wp-content\/uploads\/2021\/07\/5daysITA-41-1024x641.jpg 1024w, https:\/\/www.suso-club.at\/wp-content\/uploads\/2021\/07\/5daysITA-41-300x188.jpg 300w, https:\/\/www.suso-club.at\/wp-content\/uploads\/2021\/07\/5daysITA-41-768x480.jpg 768w, https:\/\/www.suso-club.at\/wp-content\/uploads\/2021\/07\/5daysITA-41.jpg 1600w\" sizes=\"(max-width: 604px) 100vw, 604px\" \/><figcaption id=\"caption-attachment-5206\" class=\"wp-caption-text\">Das SUSO-Team war in Gedanken bei Rainer Kalliany<\/figcaption><\/figure>\n","protected":false},"excerpt":{"rendered":"<p>Wie schon 2019 war der Ausflug in die Dolomiten zum 5-Tage-OL von Italien ein wahrer Leckerbissen. Der Start erfolgte mit dem Stadt-OL in Fai della Paganella, es folgten zwei Etappen an den S\u00fcdh\u00e4ngen der Brenta-Gruppe n\u00f6rdlich von Andalo. Am vierten Tag ging es mit der Seilbahn zur Mittelstation ins\u00a0Skigebiet der Paganella Gruppe, also\u00a0auf die andere &hellip; <a href=\"https:\/\/www.suso-club.at\/de\/2021\/07\/03\/das-brenta-massiv-als-kulisse\/\" class=\"more-link\"><span class=\"screen-reader-text\">Das Brenta-Massiv als Kulisse<\/span> weiterlesen <span class=\"meta-nav\">&rarr;<\/span><\/a><\/p>\n","protected":false},"author":8,"featured_media":0,"comment_status":"closed","ping_status":"open","sticky":false,"template":"","format":"standard","meta":[],"categories":[1,8,11,4],"tags":[],"translation":{"provider":"WPGlobus","version":"2.12.2","language":"de","enabled_languages":["en","de"],"languages":{"en":{"title":true,"content":true,"excerpt":false},"de":{"title":false,"content":false,"excerpt":false}}},"_links":{"self":[{"href":"https:\/\/www.suso-club.at\/de\/wp-json\/wp\/v2\/posts\/5212"}],"collection":[{"href":"https:\/\/www.suso-club.at\/de\/wp-json\/wp\/v2\/posts"}],"about":[{"href":"https:\/\/www.suso-club.at\/de\/wp-json\/wp\/v2\/types\/post"}],"author":[{"embeddable":true,"href":"https:\/\/www.suso-club.at\/de\/wp-json\/wp\/v2\/users\/8"}],"replies":[{"embeddable":true,"href":"https:\/\/www.suso-club.at\/de\/wp-json\/wp\/v2\/comments?post=5212"}],"version-history":[{"count":5,"href":"https:\/\/www.suso-club.at\/de\/wp-json\/wp\/v2\/posts\/5212\/revisions"}],"predecessor-version":[{"id":5221,"href":"https:\/\/www.suso-club.at\/de\/wp-json\/wp\/v2\/posts\/5212\/revisions\/5221"}],"wp:attachment":[{"href":"https:\/\/www.suso-club.at\/de\/wp-json\/wp\/v2\/media?parent=5212"}],"wp:term":[{"taxonomy":"category","embeddable":true,"href":"https:\/\/www.suso-club.at\/de\/wp-json\/wp\/v2\/categories?post=5212"},{"taxonomy":"post_tag","embeddable":true,"href":"https:\/\/www.suso-club.at\/de\/wp-json\/wp\/v2\/tags?post=5212"}],"curies":[{"name":"wp","href":"https:\/\/api.w.org\/{rel}","templated":true}]}}