{"id":5234,"date":"2021-07-12T10:28:38","date_gmt":"2021-07-12T08:28:38","guid":{"rendered":"http:\/\/www.suso-club.at\/?p=5234"},"modified":"2021-07-14T17:30:12","modified_gmt":"2021-07-14T15:30:12","slug":"vs-statteg-im-ol-fieber","status":"publish","type":"post","link":"https:\/\/www.suso-club.at\/de\/2021\/07\/12\/vs-statteg-im-ol-fieber\/","title":{"rendered":"VS Statteg im OL-Fieber!"},"content":{"rendered":"<div>Am 7. Juli wurde im Rahmen des Sporttages der Volksschule Stattegg erstmals auch Orientierungslaufen vorgestellt.<\/div>\n<div>\n<p>Doris Nesitka und Carsten Fink \u00fcbernahmen mit Freude\u00a0f\u00fcr die SU Sch\u00f6ckl die Aufgabe den Kindern einen Einblick in unseren erlebnisreichen Sport zu\u00a0erm\u00f6glichen.<\/p>\n<figure id=\"attachment_5232\" aria-describedby=\"caption-attachment-5232\" style=\"width: 524px\" class=\"wp-caption alignnone\"><img decoding=\"async\" loading=\"lazy\" class=\"size-full wp-image-5232\" src=\"http:\/\/www.suso-club.at\/wp-content\/uploads\/2021\/07\/VS-Stattegg11.jpg\" alt=\"\" width=\"524\" height=\"364\" srcset=\"https:\/\/www.suso-club.at\/wp-content\/uploads\/2021\/07\/VS-Stattegg11.jpg 524w, https:\/\/www.suso-club.at\/wp-content\/uploads\/2021\/07\/VS-Stattegg11-300x208.jpg 300w\" sizes=\"(max-width: 524px) 100vw, 524px\" \/><figcaption id=\"caption-attachment-5232\" class=\"wp-caption-text\">Carsten Fink erkl\u00e4rt Orientierungslauf<\/figcaption><\/figure>\n<figure id=\"attachment_5228\" aria-describedby=\"caption-attachment-5228\" style=\"width: 478px\" class=\"wp-caption alignnone\"><img decoding=\"async\" loading=\"lazy\" class=\"size-full wp-image-5228\" src=\"http:\/\/www.suso-club.at\/wp-content\/uploads\/2021\/07\/VS-Stattegg5.jpg\" alt=\"\" width=\"478\" height=\"370\" srcset=\"https:\/\/www.suso-club.at\/wp-content\/uploads\/2021\/07\/VS-Stattegg5.jpg 478w, https:\/\/www.suso-club.at\/wp-content\/uploads\/2021\/07\/VS-Stattegg5-300x232.jpg 300w\" sizes=\"(max-width: 478px) 100vw, 478px\" \/><figcaption id=\"caption-attachment-5228\" class=\"wp-caption-text\">Doris Nesitka motiviert die VS-Sch\u00fcler*innen<\/figcaption><\/figure>\n<\/div>\n<div>Die beiden 3. Klassen der VS Stattegg konnten\u00a0in jeweils 1 1\/2 Stunden zahlreiche\u00a0Spiele erproben. Ein\u00a0abschlie\u00dfender Orientierungslauf, im Hochwasserr\u00fcckhaltebecken in Stattegg, f\u00fchrte sie mit viel Spa\u00df und Freude an diese Sportart heran.<\/div>\n<div>Aufgrund der Begeisterung von\u00a0Sch\u00fclern und Lehrern wurden wir gebeten,\u00a0\u00a0auch im September wieder beim Herbstsporttag teilzunehmen.<\/div>\n<div>\n<figure id=\"attachment_5231\" aria-describedby=\"caption-attachment-5231\" style=\"width: 560px\" class=\"wp-caption alignnone\"><img decoding=\"async\" loading=\"lazy\" class=\"size-full wp-image-5231\" src=\"http:\/\/www.suso-club.at\/wp-content\/uploads\/2021\/07\/VS-Stattegg10.jpg\" alt=\"\" width=\"560\" height=\"392\" srcset=\"https:\/\/www.suso-club.at\/wp-content\/uploads\/2021\/07\/VS-Stattegg10.jpg 560w, https:\/\/www.suso-club.at\/wp-content\/uploads\/2021\/07\/VS-Stattegg10-300x210.jpg 300w\" sizes=\"(max-width: 560px) 100vw, 560px\" \/><figcaption id=\"caption-attachment-5231\" class=\"wp-caption-text\">Begeisterte Volkssch\u00fcler<\/figcaption><\/figure>\n<figure id=\"attachment_5233\" aria-describedby=\"caption-attachment-5233\" style=\"width: 604px\" class=\"wp-caption alignnone\"><img decoding=\"async\" loading=\"lazy\" class=\"size-large wp-image-5233\" src=\"http:\/\/www.suso-club.at\/wp-content\/uploads\/2021\/07\/VS-Stattegg1-901x1024.jpg\" alt=\"\" width=\"604\" height=\"686\" srcset=\"https:\/\/www.suso-club.at\/wp-content\/uploads\/2021\/07\/VS-Stattegg1-901x1024.jpg 901w, https:\/\/www.suso-club.at\/wp-content\/uploads\/2021\/07\/VS-Stattegg1-264x300.jpg 264w, https:\/\/www.suso-club.at\/wp-content\/uploads\/2021\/07\/VS-Stattegg1-768x873.jpg 768w, https:\/\/www.suso-club.at\/wp-content\/uploads\/2021\/07\/VS-Stattegg1.jpg 1518w\" sizes=\"(max-width: 604px) 100vw, 604px\" \/><figcaption id=\"caption-attachment-5233\" class=\"wp-caption-text\">Fortsetzung folgt<\/figcaption><\/figure>\n<\/div>\n","protected":false},"excerpt":{"rendered":"<p>Am 7. Juli wurde im Rahmen des Sporttages der Volksschule Stattegg erstmals auch Orientierungslaufen vorgestellt. Doris Nesitka und Carsten Fink \u00fcbernahmen mit Freude\u00a0f\u00fcr die SU Sch\u00f6ckl die Aufgabe den Kindern einen Einblick in unseren erlebnisreichen Sport zu\u00a0erm\u00f6glichen. Die beiden 3. Klassen der VS Stattegg konnten\u00a0in jeweils 1 1\/2 Stunden zahlreiche\u00a0Spiele erproben. Ein\u00a0abschlie\u00dfender Orientierungslauf, im Hochwasserr\u00fcckhaltebecken &hellip; <a href=\"https:\/\/www.suso-club.at\/de\/2021\/07\/12\/vs-statteg-im-ol-fieber\/\" class=\"more-link\"><span class=\"screen-reader-text\">VS Statteg im OL-Fieber!<\/span> weiterlesen <span class=\"meta-nav\">&rarr;<\/span><\/a><\/p>\n","protected":false},"author":8,"featured_media":5229,"comment_status":"closed","ping_status":"open","sticky":false,"template":"","format":"standard","meta":[],"categories":[1,24,11],"tags":[],"translation":{"provider":"WPGlobus","version":"2.12.2","language":"de","enabled_languages":["en","de"],"languages":{"en":{"title":true,"content":true,"excerpt":false},"de":{"title":false,"content":false,"excerpt":false}}},"_links":{"self":[{"href":"https:\/\/www.suso-club.at\/de\/wp-json\/wp\/v2\/posts\/5234"}],"collection":[{"href":"https:\/\/www.suso-club.at\/de\/wp-json\/wp\/v2\/posts"}],"about":[{"href":"https:\/\/www.suso-club.at\/de\/wp-json\/wp\/v2\/types\/post"}],"author":[{"embeddable":true,"href":"https:\/\/www.suso-club.at\/de\/wp-json\/wp\/v2\/users\/8"}],"replies":[{"embeddable":true,"href":"https:\/\/www.suso-club.at\/de\/wp-json\/wp\/v2\/comments?post=5234"}],"version-history":[{"count":5,"href":"https:\/\/www.suso-club.at\/de\/wp-json\/wp\/v2\/posts\/5234\/revisions"}],"predecessor-version":[{"id":5250,"href":"https:\/\/www.suso-club.at\/de\/wp-json\/wp\/v2\/posts\/5234\/revisions\/5250"}],"wp:featuredmedia":[{"embeddable":true,"href":"https:\/\/www.suso-club.at\/de\/wp-json\/wp\/v2\/media\/5229"}],"wp:attachment":[{"href":"https:\/\/www.suso-club.at\/de\/wp-json\/wp\/v2\/media?parent=5234"}],"wp:term":[{"taxonomy":"category","embeddable":true,"href":"https:\/\/www.suso-club.at\/de\/wp-json\/wp\/v2\/categories?post=5234"},{"taxonomy":"post_tag","embeddable":true,"href":"https:\/\/www.suso-club.at\/de\/wp-json\/wp\/v2\/tags?post=5234"}],"curies":[{"name":"wp","href":"https:\/\/api.w.org\/{rel}","templated":true}]}}