{"id":5285,"date":"2021-08-10T17:57:55","date_gmt":"2021-08-10T15:57:55","guid":{"rendered":"http:\/\/www.suso-club.at\/?p=5285"},"modified":"2021-08-10T17:57:55","modified_gmt":"2021-08-10T15:57:55","slug":"jugend-sommer","status":"publish","type":"post","link":"https:\/\/www.suso-club.at\/de\/2021\/08\/10\/jugend-sommer\/","title":{"rendered":"Jugend-Sommer"},"content":{"rendered":"<p>In den Sommermonaten ist Eigeninitiative gefragt.<br \/>\nGustav Greiner sowie Hannah Winkler, Flora und Camilla Aigm\u00fcller mit Familie haben diese Zeit genutzt, um an internationalen Wettk\u00e4mpfen weitere Erfahrung zu sammeln.<br \/>\nDazu kurze Bericht vom Croatia Open und vom Tibro Trippeln bzw. der Ungdomens-10-Mila in Schweden.<\/p>\n<p><strong>Silber f\u00fcr Gustav Greiner<br \/>\n<\/strong><em>Am 1. August machte sich eine kleine Abordnung \u00f6sterreichischer Nachwuchsl\u00e4ufer in Begleitung von Erik Adenstedt auf den Weg nach Kroatien, um an den diesj\u00e4hrigen Croatia Open teilzunehmen. Mit dabei war auch unser Nachwuchstalent Gustav Greiner. Auf dem Programm standen zwei Mitteldistanzen, eine Langdistanz, sowie zwei Sprintdistanzen, wobei ein Sprint in einem schnellen, flachen Waldgebiet ausgetragen wurde.<br \/>\n<\/em><em>Gustav startete souver\u00e4n in den Wettkampf und konnte sich von Beginn an im Spitzenfeld platzieren. Ein besonderes Highlight bot die zweite Etappe: Ein Sprint in der K\u00fcstenstadt Omi\u0161alj. Gestartet wurde in einem sehr verwinkelten und detailreichen Altstadtgebiet. Anschlie\u00dfend folgte eine Routenwahl in den direkt am Meer gelegen Teil der Karte. Der Zielposten befand sich nur wenige Meter entfernt vom Adriatischen Meer.<br \/>\n<\/em><em>Bis zur letzten Etappe lag Gustav wegen seinen konstant guten Leistungen in F\u00fchrung. Seinem Verfolger und Jugendkaderkollegen Simon Tobler (HSV Pinkafeld) fehlten allerdings nur zwei Minuten auf den jungen Grazer, was eine spannende Entscheidung versprach. Am Ende konnte sich leider doch sein burgenl\u00e4ndischer Mitstreiter durchsetzen, der auf der letzten Etappe nochmal den Turbo z\u00fcndete.<br \/>\n<\/em><em>Dennoch kann Gustav mit den Ergebnissen zufrieden sein, hatte er mehrere Spitzenl\u00e4ufer aus anderen Nationen deutlich hinter sich gelassen. Die Form f\u00fcr die Herbstsaison scheint auf jeden Fall schon zu stimmen.<br \/>\n<\/em><em>Moritz Czech, Jugendkader<\/em><\/p>\n<figure id=\"attachment_5278\" aria-describedby=\"caption-attachment-5278\" style=\"width: 656px\" class=\"wp-caption alignnone\"><img decoding=\"async\" loading=\"lazy\" class=\"size-full wp-image-5278\" src=\"http:\/\/www.suso-club.at\/wp-content\/uploads\/2021\/08\/Bild2-Kopie.jpg\" alt=\"\" width=\"656\" height=\"558\" srcset=\"https:\/\/www.suso-club.at\/wp-content\/uploads\/2021\/08\/Bild2-Kopie.jpg 656w, https:\/\/www.suso-club.at\/wp-content\/uploads\/2021\/08\/Bild2-Kopie-300x255.jpg 300w\" sizes=\"(max-width: 656px) 100vw, 656px\" \/><figcaption id=\"caption-attachment-5278\" class=\"wp-caption-text\">Sprint in Altstadt<\/figcaption><\/figure>\n<figure id=\"attachment_5279\" aria-describedby=\"caption-attachment-5279\" style=\"width: 686px\" class=\"wp-caption alignnone\"><img decoding=\"async\" loading=\"lazy\" class=\"size-full wp-image-5279\" src=\"http:\/\/www.suso-club.at\/wp-content\/uploads\/2021\/08\/Bild1-Kopie.jpg\" alt=\"\" width=\"686\" height=\"534\" srcset=\"https:\/\/www.suso-club.at\/wp-content\/uploads\/2021\/08\/Bild1-Kopie.jpg 686w, https:\/\/www.suso-club.at\/wp-content\/uploads\/2021\/08\/Bild1-Kopie-300x234.jpg 300w\" sizes=\"(max-width: 686px) 100vw, 686px\" \/><figcaption id=\"caption-attachment-5279\" class=\"wp-caption-text\">Silber f\u00fcr Gustav Greiner<\/figcaption><\/figure>\n<p><strong>Orientierungslauf -&#8222;Urlaub&#8220; in Schweden<br \/>\n<\/strong><em>Im Rahmen unseres Schwedenurlaubs nahmen wir an einem Orientierungslaufevent westlich von Stockholm in Tibro teil. Der 3-Tage Lauf war in einem sehr detailreichen, schwierigen Gebiet, das nicht nur f\u00fcr die Erwachsenen eine gro\u00dfe Herausforderung war.\u00a0 Unz\u00e4hlige Mulden und R\u00fccken pr\u00e4gten das Gel\u00e4nde, mit ungewohntem Bewuchs und Untergrund, was das Richtunghalten erschwerte.<br \/>\n<\/em><em>Zeitgleich fand die Jugend 10-mila statt, eine 10er Staffel, bei der Camilla und Flora das \u00f6sterreichische Juniorenteam gemeinsam mit Hannah Winkler erg\u00e4nzten. Der Startschuss fiel um 2:45 mit vielen Stirnlampen. Camilla ging als 5. ins Rennen, um 7:15 war dann Flora als 7. L\u00e4uferin dran. Hannah bildete als vorletzte L\u00e4uferin fast den Schluss. Gemeinsam gelang uns unter 60 Teams der 20. Platz, mit dem wir unter den vielen schnellen Schweden sehr zufrieden waren.<\/em><\/p>\n<figure id=\"attachment_5281\" aria-describedby=\"caption-attachment-5281\" style=\"width: 604px\" class=\"wp-caption alignnone\"><img decoding=\"async\" loading=\"lazy\" class=\"size-large wp-image-5281\" src=\"http:\/\/www.suso-club.at\/wp-content\/uploads\/2021\/08\/image7-1024x768.jpeg\" alt=\"\" width=\"604\" height=\"453\" srcset=\"https:\/\/www.suso-club.at\/wp-content\/uploads\/2021\/08\/image7-1024x768.jpeg 1024w, https:\/\/www.suso-club.at\/wp-content\/uploads\/2021\/08\/image7-300x225.jpeg 300w, https:\/\/www.suso-club.at\/wp-content\/uploads\/2021\/08\/image7-768x576.jpeg 768w\" sizes=\"(max-width: 604px) 100vw, 604px\" \/><figcaption id=\"caption-attachment-5281\" class=\"wp-caption-text\">Gel\u00e4nde in Schweden<\/figcaption><\/figure>\n<figure id=\"attachment_5282\" aria-describedby=\"caption-attachment-5282\" style=\"width: 604px\" class=\"wp-caption alignnone\"><img decoding=\"async\" loading=\"lazy\" class=\"size-large wp-image-5282\" src=\"http:\/\/www.suso-club.at\/wp-content\/uploads\/2021\/08\/image6-1024x808.jpeg\" alt=\"\" width=\"604\" height=\"477\" srcset=\"https:\/\/www.suso-club.at\/wp-content\/uploads\/2021\/08\/image6-1024x808.jpeg 1024w, https:\/\/www.suso-club.at\/wp-content\/uploads\/2021\/08\/image6-300x237.jpeg 300w, https:\/\/www.suso-club.at\/wp-content\/uploads\/2021\/08\/image6-768x606.jpeg 768w\" sizes=\"(max-width: 604px) 100vw, 604px\" \/><figcaption id=\"caption-attachment-5282\" class=\"wp-caption-text\">Camilla Aigm\u00fcller<\/figcaption><\/figure>\n<figure id=\"attachment_5283\" aria-describedby=\"caption-attachment-5283\" style=\"width: 604px\" class=\"wp-caption alignnone\"><img decoding=\"async\" loading=\"lazy\" class=\"size-large wp-image-5283\" src=\"http:\/\/www.suso-club.at\/wp-content\/uploads\/2021\/08\/image5-1024x772.jpeg\" alt=\"\" width=\"604\" height=\"455\" srcset=\"https:\/\/www.suso-club.at\/wp-content\/uploads\/2021\/08\/image5-1024x772.jpeg 1024w, https:\/\/www.suso-club.at\/wp-content\/uploads\/2021\/08\/image5-300x226.jpeg 300w, https:\/\/www.suso-club.at\/wp-content\/uploads\/2021\/08\/image5-768x579.jpeg 768w, https:\/\/www.suso-club.at\/wp-content\/uploads\/2021\/08\/image5.jpeg 1530w\" sizes=\"(max-width: 604px) 100vw, 604px\" \/><figcaption id=\"caption-attachment-5283\" class=\"wp-caption-text\">Staffelwechsel<\/figcaption><\/figure>\n<figure id=\"attachment_5284\" aria-describedby=\"caption-attachment-5284\" style=\"width: 604px\" class=\"wp-caption alignnone\"><img decoding=\"async\" loading=\"lazy\" class=\"size-large wp-image-5284\" src=\"http:\/\/www.suso-club.at\/wp-content\/uploads\/2021\/08\/image2-1024x772.jpeg\" alt=\"\" width=\"604\" height=\"455\" srcset=\"https:\/\/www.suso-club.at\/wp-content\/uploads\/2021\/08\/image2-1024x772.jpeg 1024w, https:\/\/www.suso-club.at\/wp-content\/uploads\/2021\/08\/image2-300x226.jpeg 300w, https:\/\/www.suso-club.at\/wp-content\/uploads\/2021\/08\/image2-768x579.jpeg 768w\" sizes=\"(max-width: 604px) 100vw, 604px\" \/><figcaption id=\"caption-attachment-5284\" class=\"wp-caption-text\">Familien-OL-Urlaub<\/figcaption><\/figure>\n","protected":false},"excerpt":{"rendered":"<p>In den Sommermonaten ist Eigeninitiative gefragt. Gustav Greiner sowie Hannah Winkler, Flora und Camilla Aigm\u00fcller mit Familie haben diese Zeit genutzt, um an internationalen Wettk\u00e4mpfen weitere Erfahrung zu sammeln. Dazu kurze Bericht vom Croatia Open und vom Tibro Trippeln bzw. der Ungdomens-10-Mila in Schweden. Silber f\u00fcr Gustav Greiner Am 1. August machte sich eine kleine &hellip; <a href=\"https:\/\/www.suso-club.at\/de\/2021\/08\/10\/jugend-sommer\/\" class=\"more-link\"><span class=\"screen-reader-text\">Jugend-Sommer<\/span> weiterlesen <span class=\"meta-nav\">&rarr;<\/span><\/a><\/p>\n","protected":false},"author":8,"featured_media":5288,"comment_status":"closed","ping_status":"open","sticky":false,"template":"","format":"standard","meta":[],"categories":[1],"tags":[],"translation":{"provider":"WPGlobus","version":"2.12.2","language":"de","enabled_languages":["en","de"],"languages":{"en":{"title":true,"content":true,"excerpt":false},"de":{"title":false,"content":false,"excerpt":false}}},"_links":{"self":[{"href":"https:\/\/www.suso-club.at\/de\/wp-json\/wp\/v2\/posts\/5285"}],"collection":[{"href":"https:\/\/www.suso-club.at\/de\/wp-json\/wp\/v2\/posts"}],"about":[{"href":"https:\/\/www.suso-club.at\/de\/wp-json\/wp\/v2\/types\/post"}],"author":[{"embeddable":true,"href":"https:\/\/www.suso-club.at\/de\/wp-json\/wp\/v2\/users\/8"}],"replies":[{"embeddable":true,"href":"https:\/\/www.suso-club.at\/de\/wp-json\/wp\/v2\/comments?post=5285"}],"version-history":[{"count":4,"href":"https:\/\/www.suso-club.at\/de\/wp-json\/wp\/v2\/posts\/5285\/revisions"}],"predecessor-version":[{"id":5290,"href":"https:\/\/www.suso-club.at\/de\/wp-json\/wp\/v2\/posts\/5285\/revisions\/5290"}],"wp:featuredmedia":[{"embeddable":true,"href":"https:\/\/www.suso-club.at\/de\/wp-json\/wp\/v2\/media\/5288"}],"wp:attachment":[{"href":"https:\/\/www.suso-club.at\/de\/wp-json\/wp\/v2\/media?parent=5285"}],"wp:term":[{"taxonomy":"category","embeddable":true,"href":"https:\/\/www.suso-club.at\/de\/wp-json\/wp\/v2\/categories?post=5285"},{"taxonomy":"post_tag","embeddable":true,"href":"https:\/\/www.suso-club.at\/de\/wp-json\/wp\/v2\/tags?post=5285"}],"curies":[{"name":"wp","href":"https:\/\/api.w.org\/{rel}","templated":true}]}}