{"id":5300,"date":"2021-08-23T20:24:39","date_gmt":"2021-08-23T18:24:39","guid":{"rendered":"http:\/\/www.suso-club.at\/?p=5300"},"modified":"2021-08-25T10:01:56","modified_gmt":"2021-08-25T08:01:56","slug":"jugend-em-als-benchmark","status":"publish","type":"post","link":"https:\/\/www.suso-club.at\/de\/2021\/08\/23\/jugend-em-als-benchmark\/","title":{"rendered":"Jugend-EM als Benchmark"},"content":{"rendered":"<p>Mit Camilla und Flora Aigm\u00fcller, Laura K\u00f6nig, Theresa Monsberger und Hannah Winkler waren gleich 5\u00a0SUSO-L\u00e4uferinnen bei der Jugend-EM (EYOC) in Litauen im \u00f6sterreichischen Team vertreten. Damit stellte unser Club das gr\u00f6\u00dfte Kontingent. Wie immer geht es bei diesen Meisterschaften um eine Standortbestimmung im internationalen Vergleich.<\/p>\n<figure id=\"attachment_5292\" aria-describedby=\"caption-attachment-5292\" style=\"width: 604px\" class=\"wp-caption alignnone\"><img decoding=\"async\" loading=\"lazy\" class=\"size-large wp-image-5292\" src=\"http:\/\/www.suso-club.at\/wp-content\/uploads\/2021\/08\/2021_EYOC-1-1024x801.jpg\" alt=\"\" width=\"604\" height=\"472\" srcset=\"https:\/\/www.suso-club.at\/wp-content\/uploads\/2021\/08\/2021_EYOC-1-1024x801.jpg 1024w, https:\/\/www.suso-club.at\/wp-content\/uploads\/2021\/08\/2021_EYOC-1-300x235.jpg 300w, https:\/\/www.suso-club.at\/wp-content\/uploads\/2021\/08\/2021_EYOC-1-768x600.jpg 768w\" sizes=\"(max-width: 604px) 100vw, 604px\" \/><figcaption id=\"caption-attachment-5292\" class=\"wp-caption-text\">Unsere SUSO-Damen in Vilnius bei der Jugend EM<\/figcaption><\/figure>\n<p>&gt;&gt; Die Eindr\u00fccke unserer Jung-Damen sind hier nachzulesen:<br \/>\n<em><br \/>\nDer erste Lauf startete, am Freitag dem 20.08.2021, mit einer Langdistanz. <\/em><br \/>\n<em>Das fein kupierte Gel\u00e4nde, mit vielen H\u00fcgeln, Senken und Gr\u00e4ben und Grundschattierung Gr\u00fcn, stellte uns vor eine gro\u00dfe Herausforderung. Theresa kam mit dieser Herausforderung ganz gut zurecht, nur zum Schluss lie\u00df die Konzentration etwas nach und sie blieb im Sumpf stecken, trotzdem konnte sie sich den sehr soliden 37. Platz sichern.<br \/>\n<\/em><\/p>\n<figure id=\"attachment_5297\" aria-describedby=\"caption-attachment-5297\" style=\"width: 712px\" class=\"wp-caption alignnone\"><img decoding=\"async\" loading=\"lazy\" class=\"size-full wp-image-5297\" src=\"http:\/\/www.suso-club.at\/wp-content\/uploads\/2021\/08\/2021_EYOC-Theri.jpg\" alt=\"\" width=\"712\" height=\"505\" srcset=\"https:\/\/www.suso-club.at\/wp-content\/uploads\/2021\/08\/2021_EYOC-Theri.jpg 712w, https:\/\/www.suso-club.at\/wp-content\/uploads\/2021\/08\/2021_EYOC-Theri-300x213.jpg 300w\" sizes=\"(max-width: 712px) 100vw, 712px\" \/><figcaption id=\"caption-attachment-5297\" class=\"wp-caption-text\">Theresa Monsberger<\/figcaption><\/figure>\n<p><em>Auch Flora und Laura waren am Ende nach einigen Anfangsschwierigkeiten zufrieden. <\/em><\/p>\n<figure id=\"attachment_5294\" aria-describedby=\"caption-attachment-5294\" style=\"width: 763px\" class=\"wp-caption alignnone\"><img decoding=\"async\" loading=\"lazy\" class=\"size-full wp-image-5294\" src=\"http:\/\/www.suso-club.at\/wp-content\/uploads\/2021\/08\/2021_EYOC-Flora.jpg\" alt=\"\" width=\"763\" height=\"548\" srcset=\"https:\/\/www.suso-club.at\/wp-content\/uploads\/2021\/08\/2021_EYOC-Flora.jpg 763w, https:\/\/www.suso-club.at\/wp-content\/uploads\/2021\/08\/2021_EYOC-Flora-300x215.jpg 300w\" sizes=\"(max-width: 763px) 100vw, 763px\" \/><figcaption id=\"caption-attachment-5294\" class=\"wp-caption-text\">Flora Aigm\u00fcller<\/figcaption><\/figure>\n<figure id=\"attachment_5296\" aria-describedby=\"caption-attachment-5296\" style=\"width: 700px\" class=\"wp-caption alignnone\"><img decoding=\"async\" loading=\"lazy\" class=\"size-full wp-image-5296\" src=\"http:\/\/www.suso-club.at\/wp-content\/uploads\/2021\/08\/2021_EYOC-Laura.jpg\" alt=\"\" width=\"700\" height=\"512\" srcset=\"https:\/\/www.suso-club.at\/wp-content\/uploads\/2021\/08\/2021_EYOC-Laura.jpg 700w, https:\/\/www.suso-club.at\/wp-content\/uploads\/2021\/08\/2021_EYOC-Laura-300x219.jpg 300w\" sizes=\"(max-width: 700px) 100vw, 700px\" \/><figcaption id=\"caption-attachment-5296\" class=\"wp-caption-text\">Laura K\u00f6nig<\/figcaption><\/figure>\n<p><em>Am n\u00e4chsten Tag ging es mit der Staffel weiter. Theresa war Startl\u00e4uferin, Camilla lief auf der zweiten Strecke und Emily Adenstedt (Orienteering Klosterneuburg) machte den Abschluss.<br \/>\n<\/em><\/p>\n<figure id=\"attachment_5293\" aria-describedby=\"caption-attachment-5293\" style=\"width: 604px\" class=\"wp-caption alignnone\"><img decoding=\"async\" loading=\"lazy\" class=\"size-large wp-image-5293\" src=\"http:\/\/www.suso-club.at\/wp-content\/uploads\/2021\/08\/2021_EYOC-Camilla-1024x697.jpg\" alt=\"\" width=\"604\" height=\"411\" srcset=\"https:\/\/www.suso-club.at\/wp-content\/uploads\/2021\/08\/2021_EYOC-Camilla-1024x697.jpg 1024w, https:\/\/www.suso-club.at\/wp-content\/uploads\/2021\/08\/2021_EYOC-Camilla-300x204.jpg 300w, https:\/\/www.suso-club.at\/wp-content\/uploads\/2021\/08\/2021_EYOC-Camilla-768x523.jpg 768w, https:\/\/www.suso-club.at\/wp-content\/uploads\/2021\/08\/2021_EYOC-Camilla.jpg 1616w\" sizes=\"(max-width: 604px) 100vw, 604px\" \/><figcaption id=\"caption-attachment-5293\" class=\"wp-caption-text\">Camilla Aigm\u00fcller<\/figcaption><\/figure>\n<figure id=\"attachment_5295\" aria-describedby=\"caption-attachment-5295\" style=\"width: 671px\" class=\"wp-caption alignnone\"><img decoding=\"async\" loading=\"lazy\" class=\"size-full wp-image-5295\" src=\"http:\/\/www.suso-club.at\/wp-content\/uploads\/2021\/08\/2021_EYOC-Hannah.jpg\" alt=\"\" width=\"671\" height=\"503\" srcset=\"https:\/\/www.suso-club.at\/wp-content\/uploads\/2021\/08\/2021_EYOC-Hannah.jpg 671w, https:\/\/www.suso-club.at\/wp-content\/uploads\/2021\/08\/2021_EYOC-Hannah-300x225.jpg 300w\" sizes=\"(max-width: 671px) 100vw, 671px\" \/><figcaption id=\"caption-attachment-5295\" class=\"wp-caption-text\">Hanna Winkler beim Staffelstart (ganz links)<\/figcaption><\/figure>\n<p><em>Bei Damen-18 begann Hannah und \u00fcbergab an Livia Radon (NF Wien), Flora bildete den Abschluss. Das Gebiet war auf der selben Karte wie die Langdistanz, deshalb kannten wir den Wald diesmal schon etwas besser, was sich auch in unseren Ergebnissen widerspiegelte. Flora gelang auf der Schluss Strecke ein sehr guter Lauf und verhalf dem Team somit zu dem 16. Platz. Bei Damen-16 konnte Camilla mit ihrem guten Lauf 3 Pl\u00e4tze gutmachen, was zu einem guten 12. Platz f\u00fchrte. <\/em><\/p>\n<p><em>Der Sprint am letzten Tag fand in der sehr sch\u00f6n Altstadt von Vilnius statt. Endlich konnte Hannah ihre St\u00e4rken nutzen, was zu einem zufrieden stellenden Ergebnis (50.Platz) f\u00fchrte. Laura und Flora landeten knapp hinter Hannah. Theresa und Camilla kamen mit den verwinkelten Gassen von Vilnius nicht ganz zurecht und fanden nicht besonders gut ins Rennen.<br \/>\n<\/em><\/p>\n<figure id=\"attachment_5305\" aria-describedby=\"caption-attachment-5305\" style=\"width: 604px\" class=\"wp-caption alignnone\"><img decoding=\"async\" loading=\"lazy\" class=\"size-large wp-image-5305\" src=\"http:\/\/www.suso-club.at\/wp-content\/uploads\/2021\/08\/2021_EYOC-Sprint-1-1024x683.jpg\" alt=\"\" width=\"604\" height=\"403\" srcset=\"https:\/\/www.suso-club.at\/wp-content\/uploads\/2021\/08\/2021_EYOC-Sprint-1-1024x683.jpg 1024w, https:\/\/www.suso-club.at\/wp-content\/uploads\/2021\/08\/2021_EYOC-Sprint-1-300x200.jpg 300w, https:\/\/www.suso-club.at\/wp-content\/uploads\/2021\/08\/2021_EYOC-Sprint-1-768x512.jpg 768w\" sizes=\"(max-width: 604px) 100vw, 604px\" \/><figcaption id=\"caption-attachment-5305\" class=\"wp-caption-text\">Startbox &#8211; Sprint<\/figcaption><\/figure>\n<figure id=\"attachment_5306\" aria-describedby=\"caption-attachment-5306\" style=\"width: 604px\" class=\"wp-caption alignnone\"><img decoding=\"async\" loading=\"lazy\" class=\"size-large wp-image-5306\" src=\"http:\/\/www.suso-club.at\/wp-content\/uploads\/2021\/08\/2021_EYOC-SprintHannah-1024x683.jpg\" alt=\"\" width=\"604\" height=\"403\" srcset=\"https:\/\/www.suso-club.at\/wp-content\/uploads\/2021\/08\/2021_EYOC-SprintHannah-1024x683.jpg 1024w, https:\/\/www.suso-club.at\/wp-content\/uploads\/2021\/08\/2021_EYOC-SprintHannah-300x200.jpg 300w, https:\/\/www.suso-club.at\/wp-content\/uploads\/2021\/08\/2021_EYOC-SprintHannah-768x512.jpg 768w\" sizes=\"(max-width: 604px) 100vw, 604px\" \/><figcaption id=\"caption-attachment-5306\" class=\"wp-caption-text\">Hannah Winkler beim Sprint<\/figcaption><\/figure>\n<p><em><br \/>\n<\/em><br \/>\n<em>Insgesamt war es eine unglaublich tolle Erfahrung, sich mit Jugendlichen aus ganz Europa vergleichen zu k\u00f6nnen, noch dazu in einem sehr herausfordernden Gel\u00e4nde. Diese Veranstaltung hat uns auf jeden Fall noch mehr Ansporn gegeben uns weiter zu verbessern.<\/em><\/p>\n<figure id=\"attachment_5299\" aria-describedby=\"caption-attachment-5299\" style=\"width: 604px\" class=\"wp-caption alignnone\"><img decoding=\"async\" loading=\"lazy\" class=\"size-large wp-image-5299\" src=\"http:\/\/www.suso-club.at\/wp-content\/uploads\/2021\/08\/2021_EYOC-TEam-1024x683.jpg\" alt=\"\" width=\"604\" height=\"403\" srcset=\"https:\/\/www.suso-club.at\/wp-content\/uploads\/2021\/08\/2021_EYOC-TEam.jpg 1024w, https:\/\/www.suso-club.at\/wp-content\/uploads\/2021\/08\/2021_EYOC-TEam-300x200.jpg 300w, https:\/\/www.suso-club.at\/wp-content\/uploads\/2021\/08\/2021_EYOC-TEam-768x512.jpg 768w\" sizes=\"(max-width: 604px) 100vw, 604px\" \/><figcaption id=\"caption-attachment-5299\" class=\"wp-caption-text\">Das Team Austria<\/figcaption><\/figure>\n<p><a href=\"https:\/\/eyoc2021.lt\">Veranstalter-Homepage<\/a>\u00a0mit allen Details<\/p>\n","protected":false},"excerpt":{"rendered":"<p>Mit Camilla und Flora Aigm\u00fcller, Laura K\u00f6nig, Theresa Monsberger und Hannah Winkler waren gleich 5\u00a0SUSO-L\u00e4uferinnen bei der Jugend-EM (EYOC) in Litauen im \u00f6sterreichischen Team vertreten. Damit stellte unser Club das gr\u00f6\u00dfte Kontingent. Wie immer geht es bei diesen Meisterschaften um eine Standortbestimmung im internationalen Vergleich. &gt;&gt; Die Eindr\u00fccke unserer Jung-Damen sind hier nachzulesen: Der erste &hellip; <a href=\"https:\/\/www.suso-club.at\/de\/2021\/08\/23\/jugend-em-als-benchmark\/\" class=\"more-link\"><span class=\"screen-reader-text\">Jugend-EM als Benchmark<\/span> weiterlesen <span class=\"meta-nav\">&rarr;<\/span><\/a><\/p>\n","protected":false},"author":8,"featured_media":5298,"comment_status":"closed","ping_status":"open","sticky":false,"template":"","format":"standard","meta":[],"categories":[1,8,4],"tags":[],"translation":{"provider":"WPGlobus","version":"2.12.2","language":"de","enabled_languages":["en","de"],"languages":{"en":{"title":true,"content":true,"excerpt":false},"de":{"title":false,"content":false,"excerpt":false}}},"_links":{"self":[{"href":"https:\/\/www.suso-club.at\/de\/wp-json\/wp\/v2\/posts\/5300"}],"collection":[{"href":"https:\/\/www.suso-club.at\/de\/wp-json\/wp\/v2\/posts"}],"about":[{"href":"https:\/\/www.suso-club.at\/de\/wp-json\/wp\/v2\/types\/post"}],"author":[{"embeddable":true,"href":"https:\/\/www.suso-club.at\/de\/wp-json\/wp\/v2\/users\/8"}],"replies":[{"embeddable":true,"href":"https:\/\/www.suso-club.at\/de\/wp-json\/wp\/v2\/comments?post=5300"}],"version-history":[{"count":6,"href":"https:\/\/www.suso-club.at\/de\/wp-json\/wp\/v2\/posts\/5300\/revisions"}],"predecessor-version":[{"id":5327,"href":"https:\/\/www.suso-club.at\/de\/wp-json\/wp\/v2\/posts\/5300\/revisions\/5327"}],"wp:featuredmedia":[{"embeddable":true,"href":"https:\/\/www.suso-club.at\/de\/wp-json\/wp\/v2\/media\/5298"}],"wp:attachment":[{"href":"https:\/\/www.suso-club.at\/de\/wp-json\/wp\/v2\/media?parent=5300"}],"wp:term":[{"taxonomy":"category","embeddable":true,"href":"https:\/\/www.suso-club.at\/de\/wp-json\/wp\/v2\/categories?post=5300"},{"taxonomy":"post_tag","embeddable":true,"href":"https:\/\/www.suso-club.at\/de\/wp-json\/wp\/v2\/tags?post=5300"}],"curies":[{"name":"wp","href":"https:\/\/api.w.org\/{rel}","templated":true}]}}