{"id":5319,"date":"2021-08-22T22:10:36","date_gmt":"2021-08-22T20:10:36","guid":{"rendered":"http:\/\/www.suso-club.at\/?p=5319"},"modified":"2021-08-25T10:08:23","modified_gmt":"2021-08-25T08:08:23","slug":"senioren-wm-als-revival","status":"publish","type":"post","link":"https:\/\/www.suso-club.at\/de\/2021\/08\/22\/senioren-wm-als-revival\/","title":{"rendered":"Senioren-WM als Revival"},"content":{"rendered":"<p>1983 fand die &#8222;richtige&#8220; WM in Ungarn statt. Inzwischen sind Jahre vergangen und der 12.WM-Platz schon verj\u00e4hrt. 2021 sprang Ungarn als Ersatzort der Masters f\u00fcr Japan ein. Ein Grund f\u00fcr mich Erinnerungen aufleben zu lassen. Gemeinsam mit Martin Brantner (der bisher einzige \u00f6sterreichische Gewinner eines Weltcuplaufs) setzten wir uns Ende Juni das Ziel, in Ungarn (Szekesfeharvar) dabei zu sein. Die Vorbereitung war also sehr kurzfristig. Als kleines Warm-up starteten wir beide Ende Juli beim OOCup in Slowenien in der Kategorie-Ultimate (ohne Wege!). Wenige Wege waren dann auch im Vertesgebirge neben B\u00fcschen und Dornen die gro\u00dfe Orientierungs-Herausforderung.<\/p>\n<figure id=\"attachment_5317\" aria-describedby=\"caption-attachment-5317\" style=\"width: 604px\" class=\"wp-caption alignnone\"><img decoding=\"async\" loading=\"lazy\" class=\"size-large wp-image-5317\" src=\"http:\/\/www.suso-club.at\/wp-content\/uploads\/2021\/08\/2021_WMOC-16-1024x768.jpg\" alt=\"\" width=\"604\" height=\"453\" srcset=\"https:\/\/www.suso-club.at\/wp-content\/uploads\/2021\/08\/2021_WMOC-16-1024x768.jpg 1024w, https:\/\/www.suso-club.at\/wp-content\/uploads\/2021\/08\/2021_WMOC-16-300x225.jpg 300w, https:\/\/www.suso-club.at\/wp-content\/uploads\/2021\/08\/2021_WMOC-16-768x576.jpg 768w\" sizes=\"(max-width: 604px) 100vw, 604px\" \/><figcaption id=\"caption-attachment-5317\" class=\"wp-caption-text\">Bahn der Mitteldistanz<\/figcaption><\/figure>\n<p>Nicht ganz ohne\u00a0Erwartungen ging es dann am 10.8. zum Qualifikationslauf f\u00fcr die beiden Finall\u00e4ufe \u00fcber die Mittel- bzw. Langdistanz, obwohl man ja nie wei\u00df, wer wirklich am Start ist.<br \/>\nDie unmittelbare Wettkampfvorbereitung wurde mir fast zum Verh\u00e4ngnis. In praller Hitze verteilte ich noch auf gef\u00fchlte 1000 Autos kurz vor meinem Start die Flyer f\u00fcr unsere Veranstaltung &#8222;Austrian 6 days&#8220;\u00a0im n\u00e4chsten Jahr. Dann waren meine Batterien im Kopf bei 34 Grad nach\u00a0der H\u00e4lfte meines Laufs leer.<br \/>\nDer gr\u00f6\u00dfte Fehler meiner letzten Jahre von ca. 12 Minuten(!) kostete mich fast den A-Finaleinzug.<\/p>\n<figure id=\"attachment_5314\" aria-describedby=\"caption-attachment-5314\" style=\"width: 604px\" class=\"wp-caption alignnone\"><img decoding=\"async\" loading=\"lazy\" class=\"size-large wp-image-5314\" src=\"http:\/\/www.suso-club.at\/wp-content\/uploads\/2021\/08\/2021_WMOC-11-zuP9-1024x824.jpeg\" alt=\"\" width=\"604\" height=\"486\" srcset=\"https:\/\/www.suso-club.at\/wp-content\/uploads\/2021\/08\/2021_WMOC-11-zuP9-1024x824.jpeg 1024w, https:\/\/www.suso-club.at\/wp-content\/uploads\/2021\/08\/2021_WMOC-11-zuP9-300x241.jpeg 300w, https:\/\/www.suso-club.at\/wp-content\/uploads\/2021\/08\/2021_WMOC-11-zuP9-768x618.jpeg 768w\" sizes=\"(max-width: 604px) 100vw, 604px\" \/><figcaption id=\"caption-attachment-5314\" class=\"wp-caption-text\">Schaut einfach aus, war es f\u00fcr mich aber nicht<\/figcaption><\/figure>\n<figure id=\"attachment_5312\" aria-describedby=\"caption-attachment-5312\" style=\"width: 1000px\" class=\"wp-caption alignnone\"><img decoding=\"async\" loading=\"lazy\" class=\"size-full wp-image-5312\" src=\"http:\/\/www.suso-club.at\/wp-content\/uploads\/2021\/08\/2021_WMOC-9Fehler.png\" alt=\"\" width=\"1000\" height=\"682\" srcset=\"https:\/\/www.suso-club.at\/wp-content\/uploads\/2021\/08\/2021_WMOC-9Fehler.png 1000w, https:\/\/www.suso-club.at\/wp-content\/uploads\/2021\/08\/2021_WMOC-9Fehler-300x205.png 300w, https:\/\/www.suso-club.at\/wp-content\/uploads\/2021\/08\/2021_WMOC-9Fehler-768x524.png 768w\" sizes=\"(max-width: 1000px) 100vw, 1000px\" \/><figcaption id=\"caption-attachment-5312\" class=\"wp-caption-text\">Das GPS kannte sich nicht mehr aus &#8211; ich mich auch nicht!<\/figcaption><\/figure>\n<figure id=\"attachment_5313\" aria-describedby=\"caption-attachment-5313\" style=\"width: 604px\" class=\"wp-caption alignnone\"><img decoding=\"async\" loading=\"lazy\" class=\"size-large wp-image-5313\" src=\"http:\/\/www.suso-club.at\/wp-content\/uploads\/2021\/08\/2021_WMOC-11-Fehler-1024x626.jpeg\" alt=\"\" width=\"604\" height=\"369\" srcset=\"https:\/\/www.suso-club.at\/wp-content\/uploads\/2021\/08\/2021_WMOC-11-Fehler-1024x626.jpeg 1024w, https:\/\/www.suso-club.at\/wp-content\/uploads\/2021\/08\/2021_WMOC-11-Fehler-300x184.jpeg 300w, https:\/\/www.suso-club.at\/wp-content\/uploads\/2021\/08\/2021_WMOC-11-Fehler-768x470.jpeg 768w\" sizes=\"(max-width: 604px) 100vw, 604px\" \/><figcaption id=\"caption-attachment-5313\" class=\"wp-caption-text\">Unglaublich wie falsch man denken kann, wenn der Kopf leer ist. \u00a0\ud83d\ude09<\/figcaption><\/figure>\n<p>Der Einsatz hat jedenfalls gestimmt. Im Mitteldistanz A-Finale war ich orientierungstechnisch im Umgang mit dem Gel\u00e4nde ganz zufrieden. Physisch hatte ich noch den Vortag in den Knochen. Platz 23\u00a0lag ein bisschen unter meiner Erwartung.<\/p>\n<figure id=\"attachment_5310\" aria-describedby=\"caption-attachment-5310\" style=\"width: 604px\" class=\"wp-caption alignnone\"><img decoding=\"async\" loading=\"lazy\" class=\"size-large wp-image-5310\" src=\"http:\/\/www.suso-club.at\/wp-content\/uploads\/2021\/08\/2021_WMOC-2-Kampf-1024x731.jpg\" alt=\"\" width=\"604\" height=\"431\" srcset=\"https:\/\/www.suso-club.at\/wp-content\/uploads\/2021\/08\/2021_WMOC-2-Kampf-1024x731.jpg 1024w, https:\/\/www.suso-club.at\/wp-content\/uploads\/2021\/08\/2021_WMOC-2-Kampf-300x214.jpg 300w, https:\/\/www.suso-club.at\/wp-content\/uploads\/2021\/08\/2021_WMOC-2-Kampf-768x549.jpg 768w\" sizes=\"(max-width: 604px) 100vw, 604px\" \/><figcaption id=\"caption-attachment-5310\" class=\"wp-caption-text\">Kampfgeist wie in jungen Jahren &#8211; nur langsamer. \u00a0\ud83d\ude09<\/figcaption><\/figure>\n<figure id=\"attachment_5316\" aria-describedby=\"caption-attachment-5316\" style=\"width: 604px\" class=\"wp-caption alignnone\"><img decoding=\"async\" loading=\"lazy\" class=\"size-large wp-image-5316\" src=\"http:\/\/www.suso-club.at\/wp-content\/uploads\/2021\/08\/2021_WMOC-15-Einsatz-1024x768.jpg\" alt=\"\" width=\"604\" height=\"453\" srcset=\"https:\/\/www.suso-club.at\/wp-content\/uploads\/2021\/08\/2021_WMOC-15-Einsatz-1024x768.jpg 1024w, https:\/\/www.suso-club.at\/wp-content\/uploads\/2021\/08\/2021_WMOC-15-Einsatz-300x225.jpg 300w, https:\/\/www.suso-club.at\/wp-content\/uploads\/2021\/08\/2021_WMOC-15-Einsatz-768x576.jpg 768w\" sizes=\"(max-width: 604px) 100vw, 604px\" \/><figcaption id=\"caption-attachment-5316\" class=\"wp-caption-text\">Keine K\u00f6rperschonung &#8211; keine Dornen wurden ausgelassen.<\/figcaption><\/figure>\n<p>Nach einem Ruhetag wartete jetzt die Langdistanz. Eine Platzverbesserung war das Ziel.\u00a0Am Beginn lief es auch bestens und in den H\u00e4ngen des\u00a0Vertesgebirges f\u00fchlte ich mich richtig wohl. Doch dann passierte leider das Missgeschick. Bei einem Abhang nach ca. 3\/5 der Strecke blieb ich mit dem Fu\u00df an einen Draht h\u00e4ngen, st\u00fcrzte und konnte mich nur noch ins Ziel schleppen. Es reichte noch zu Platz 25, aber ein Platz unter den Top 10 w\u00e4re an diesem Tag realistisch gewesen. Diagnose zuhause: Muskelfaser-Einriss. Schade, aber so spielt\u00a0das Leben.<br \/>\nEs war in jedem Fall wieder einmal ein w\u00fcrdiges Wettkampferlebnis und das ist schlussendlich das Wichtigste. Gemeinsam mit meinem Freund Martin Brantner, der sich in der Men50 Kategorie durchs Buschwerk k\u00e4mpfte, waren es gro\u00dfartige Tage in der Pannonischen Tiefebene.<\/p>\n<p><a href=\"https:\/\/wmoc2021.hu\/en\/news\/\">Veranstalter-Homepage<\/a><\/p>\n","protected":false},"excerpt":{"rendered":"<p>1983 fand die &#8222;richtige&#8220; WM in Ungarn statt. Inzwischen sind Jahre vergangen und der 12.WM-Platz schon verj\u00e4hrt. 2021 sprang Ungarn als Ersatzort der Masters f\u00fcr Japan ein. Ein Grund f\u00fcr mich Erinnerungen aufleben zu lassen. Gemeinsam mit Martin Brantner (der bisher einzige \u00f6sterreichische Gewinner eines Weltcuplaufs) setzten wir uns Ende Juni das Ziel, in Ungarn &hellip; <a href=\"https:\/\/www.suso-club.at\/de\/2021\/08\/22\/senioren-wm-als-revival\/\" class=\"more-link\"><span class=\"screen-reader-text\">Senioren-WM als Revival<\/span> weiterlesen <span class=\"meta-nav\">&rarr;<\/span><\/a><\/p>\n","protected":false},"author":8,"featured_media":5318,"comment_status":"closed","ping_status":"open","sticky":false,"template":"","format":"standard","meta":[],"categories":[1,8,4],"tags":[],"translation":{"provider":"WPGlobus","version":"2.12.2","language":"de","enabled_languages":["en","de"],"languages":{"en":{"title":true,"content":true,"excerpt":false},"de":{"title":false,"content":false,"excerpt":false}}},"_links":{"self":[{"href":"https:\/\/www.suso-club.at\/de\/wp-json\/wp\/v2\/posts\/5319"}],"collection":[{"href":"https:\/\/www.suso-club.at\/de\/wp-json\/wp\/v2\/posts"}],"about":[{"href":"https:\/\/www.suso-club.at\/de\/wp-json\/wp\/v2\/types\/post"}],"author":[{"embeddable":true,"href":"https:\/\/www.suso-club.at\/de\/wp-json\/wp\/v2\/users\/8"}],"replies":[{"embeddable":true,"href":"https:\/\/www.suso-club.at\/de\/wp-json\/wp\/v2\/comments?post=5319"}],"version-history":[{"count":6,"href":"https:\/\/www.suso-club.at\/de\/wp-json\/wp\/v2\/posts\/5319\/revisions"}],"predecessor-version":[{"id":5329,"href":"https:\/\/www.suso-club.at\/de\/wp-json\/wp\/v2\/posts\/5319\/revisions\/5329"}],"wp:featuredmedia":[{"embeddable":true,"href":"https:\/\/www.suso-club.at\/de\/wp-json\/wp\/v2\/media\/5318"}],"wp:attachment":[{"href":"https:\/\/www.suso-club.at\/de\/wp-json\/wp\/v2\/media?parent=5319"}],"wp:term":[{"taxonomy":"category","embeddable":true,"href":"https:\/\/www.suso-club.at\/de\/wp-json\/wp\/v2\/categories?post=5319"},{"taxonomy":"post_tag","embeddable":true,"href":"https:\/\/www.suso-club.at\/de\/wp-json\/wp\/v2\/tags?post=5319"}],"curies":[{"name":"wp","href":"https:\/\/api.w.org\/{rel}","templated":true}]}}