{"id":5363,"date":"2021-08-28T22:59:07","date_gmt":"2021-08-28T20:59:07","guid":{"rendered":"http:\/\/www.suso-club.at\/?p=5363"},"modified":"2021-09-02T18:10:17","modified_gmt":"2021-09-02T16:10:17","slug":"seeoc-voc-zagreb-wien","status":"publish","type":"post","link":"https:\/\/www.suso-club.at\/de\/2021\/08\/28\/seeoc-voc-zagreb-wien\/","title":{"rendered":"SEEOC \/ VOC = Zagreb \/ Wien"},"content":{"rendered":"<p>Ende August gab es zwei interessante internationale Events in zwei europ\u00e4ischen Hauptst\u00e4dten\u00a0nur\u00a0zwei Autostunden von Graz entfernt.\u00a0<strong>Sara Fend<\/strong> n\u00fctzte einen Besuch bei ihrer Oma in Zagreb mit der Teilnahme am 5-Tage-OL &#8222;Zagreb Open&#8220; im Rahmen der S\u00fcdost-Europameisterschaft (SEEOC) und konnte sich dabei den Sieg in Damen 21A sichern. Ihr Bericht siehe weiter unten.<\/p>\n<figure id=\"attachment_5366\" aria-describedby=\"caption-attachment-5366\" style=\"width: 604px\" class=\"wp-caption alignnone\"><img decoding=\"async\" loading=\"lazy\" class=\"size-large wp-image-5366\" src=\"http:\/\/www.suso-club.at\/wp-content\/uploads\/2021\/09\/Fend_Zagreb_Schloss-1024x683.jpg\" alt=\"\" width=\"604\" height=\"403\" srcset=\"https:\/\/www.suso-club.at\/wp-content\/uploads\/2021\/09\/Fend_Zagreb_Schloss-1024x683.jpg 1024w, https:\/\/www.suso-club.at\/wp-content\/uploads\/2021\/09\/Fend_Zagreb_Schloss-300x200.jpg 300w, https:\/\/www.suso-club.at\/wp-content\/uploads\/2021\/09\/Fend_Zagreb_Schloss-768x512.jpg 768w, https:\/\/www.suso-club.at\/wp-content\/uploads\/2021\/09\/Fend_Zagreb_Schloss.jpg 2048w\" sizes=\"(max-width: 604px) 100vw, 604px\" \/><figcaption id=\"caption-attachment-5366\" class=\"wp-caption-text\">Sara Fend vorm &#8222;Schl\u00f6sserposten&#8220;\u00a0in Zagreb<\/figcaption><\/figure>\n<figure id=\"attachment_5368\" aria-describedby=\"caption-attachment-5368\" style=\"width: 604px\" class=\"wp-caption alignnone\"><img decoding=\"async\" loading=\"lazy\" class=\"size-large wp-image-5368\" src=\"http:\/\/www.suso-club.at\/wp-content\/uploads\/2021\/09\/Karte-SEEMOC_Zagreb-1024x811.jpg\" alt=\"\" width=\"604\" height=\"478\" srcset=\"https:\/\/www.suso-club.at\/wp-content\/uploads\/2021\/09\/Karte-SEEMOC_Zagreb-1024x811.jpg 1024w, https:\/\/www.suso-club.at\/wp-content\/uploads\/2021\/09\/Karte-SEEMOC_Zagreb-300x238.jpg 300w, https:\/\/www.suso-club.at\/wp-content\/uploads\/2021\/09\/Karte-SEEMOC_Zagreb-768x609.jpg 768w, https:\/\/www.suso-club.at\/wp-content\/uploads\/2021\/09\/Karte-SEEMOC_Zagreb.jpg 1797w\" sizes=\"(max-width: 604px) 100vw, 604px\" \/><figcaption id=\"caption-attachment-5368\" class=\"wp-caption-text\">Karte Zagreb &#8211; Altstadt<\/figcaption><\/figure>\n<p>Die <strong>Familie Steiner\/Scheidl<\/strong> nutzte das 3-Tage-Sprintangebot beim ViennaOrienteeringChallenge (VOC). Martina und Klaus Scheidl konnten dabei internationale Luft schnuppern. Leider folgten der Einladung vom Erik Simkovics nur wenige \u00d6sterreicher.<br \/>\nEin ausf\u00fchrlicher, lesenswerter PDF-Bericht von Helmut Steiner\u00a0mit Karten und Fotos:\u00a0<a href=\"http:\/\/www.suso-club.at\/wp-content\/uploads\/2021\/09\/VOC2021.pdf\">VOC2021<\/a><\/p>\n<figure id=\"attachment_5371\" aria-describedby=\"caption-attachment-5371\" style=\"width: 604px\" class=\"wp-caption alignnone\"><img decoding=\"async\" loading=\"lazy\" class=\"size-large wp-image-5371\" src=\"http:\/\/www.suso-club.at\/wp-content\/uploads\/2021\/09\/VOC_Martina-1024x748.jpg\" alt=\"\" width=\"604\" height=\"441\" srcset=\"https:\/\/www.suso-club.at\/wp-content\/uploads\/2021\/09\/VOC_Martina-1024x748.jpg 1024w, https:\/\/www.suso-club.at\/wp-content\/uploads\/2021\/09\/VOC_Martina-300x219.jpg 300w, https:\/\/www.suso-club.at\/wp-content\/uploads\/2021\/09\/VOC_Martina-768x561.jpg 768w\" sizes=\"(max-width: 604px) 100vw, 604px\" \/><figcaption id=\"caption-attachment-5371\" class=\"wp-caption-text\">Martina Scheidl<\/figcaption><\/figure>\n<figure id=\"attachment_5372\" aria-describedby=\"caption-attachment-5372\" style=\"width: 604px\" class=\"wp-caption alignnone\"><img decoding=\"async\" loading=\"lazy\" class=\"size-large wp-image-5372\" src=\"http:\/\/www.suso-club.at\/wp-content\/uploads\/2021\/09\/VOC2-1024x686.jpg\" alt=\"\" width=\"604\" height=\"405\" srcset=\"https:\/\/www.suso-club.at\/wp-content\/uploads\/2021\/09\/VOC2-1024x686.jpg 1024w, https:\/\/www.suso-club.at\/wp-content\/uploads\/2021\/09\/VOC2-300x201.jpg 300w, https:\/\/www.suso-club.at\/wp-content\/uploads\/2021\/09\/VOC2-768x515.jpg 768w\" sizes=\"(max-width: 604px) 100vw, 604px\" \/><figcaption id=\"caption-attachment-5372\" class=\"wp-caption-text\">Klaus Scheidl vor Denkmal<\/figcaption><\/figure>\n<p>Der Bericht von Sara Fend:<\/p>\n<p><em>Gleich am ersten der f\u00fcnf Tage (zwei Sprints, zwei Mitteldistanzen und eine Langdistanz) wurde den L\u00e4uferInnen beim Sprint in Zagreb eine perfekte Stadtbesichtigung geboten: Die Bahnen f\u00fchrten \u00fcber (und sogar durch) die zwei historischen H\u00fcgel Gornji Grad und Kaptol, auf denen sich die Altstadt befindet. Mit der technisch anspruchsvolleren Langdistanz im etwa eine Stunde von der Hauptstadt entfernten Kra\u0161i\u0107 war ein weiteres Highlight dabei, wo aufgrund der vielen, teils tiefen Rinnen und Senken gutes Orientieren im Postenraum gefragt war. Die erste Mitteldistanz und der schnelle Sprint in Karlovac erforderten wenig technisches K\u00f6nnen, rundeten die f\u00fcnf Tage aber gut ab.<\/em><\/p>\n<figure id=\"attachment_5370\" aria-describedby=\"caption-attachment-5370\" style=\"width: 604px\" class=\"wp-caption alignnone\"><img decoding=\"async\" loading=\"lazy\" class=\"size-large wp-image-5370\" src=\"http:\/\/www.suso-club.at\/wp-content\/uploads\/2021\/09\/Karte-SEEMOC_Karlovac-1024x744.jpg\" alt=\"\" width=\"604\" height=\"439\" srcset=\"https:\/\/www.suso-club.at\/wp-content\/uploads\/2021\/09\/Karte-SEEMOC_Karlovac-1024x744.jpg 1024w, https:\/\/www.suso-club.at\/wp-content\/uploads\/2021\/09\/Karte-SEEMOC_Karlovac-300x218.jpg 300w, https:\/\/www.suso-club.at\/wp-content\/uploads\/2021\/09\/Karte-SEEMOC_Karlovac-768x558.jpg 768w, https:\/\/www.suso-club.at\/wp-content\/uploads\/2021\/09\/Karte-SEEMOC_Karlovac.jpg 1567w\" sizes=\"(max-width: 604px) 100vw, 604px\" \/><figcaption id=\"caption-attachment-5370\" class=\"wp-caption-text\">Karte Karlovac<\/figcaption><\/figure>\n<p><em>Zum Abschluss gab es nach vier Tagen sch\u00f6nen Sp\u00e4tsommerwetters auch noch die Gelegenheit, matschverschmiert und durchn\u00e4sst den letzten Zieleinlauf zu bew\u00e4ltigen.<\/em><\/p>\n<figure id=\"attachment_5369\" aria-describedby=\"caption-attachment-5369\" style=\"width: 604px\" class=\"wp-caption alignnone\"><img decoding=\"async\" loading=\"lazy\" class=\"size-large wp-image-5369\" src=\"http:\/\/www.suso-club.at\/wp-content\/uploads\/2021\/09\/Karte-SEEMOC_Lang-1024x763.jpg\" alt=\"\" width=\"604\" height=\"450\" srcset=\"https:\/\/www.suso-club.at\/wp-content\/uploads\/2021\/09\/Karte-SEEMOC_Lang-1024x763.jpg 1024w, https:\/\/www.suso-club.at\/wp-content\/uploads\/2021\/09\/Karte-SEEMOC_Lang-300x224.jpg 300w, https:\/\/www.suso-club.at\/wp-content\/uploads\/2021\/09\/Karte-SEEMOC_Lang-768x572.jpg 768w, https:\/\/www.suso-club.at\/wp-content\/uploads\/2021\/09\/Karte-SEEMOC_Lang.jpg 1736w\" sizes=\"(max-width: 604px) 100vw, 604px\" \/><figcaption id=\"caption-attachment-5369\" class=\"wp-caption-text\">Langdistanz<\/figcaption><\/figure>\n<p><em>Insgesamt h\u00e4tten die L\u00e4ufe im Gel\u00e4nde durchaus noch anspruchsvoller und l\u00e4nger sein k\u00f6nnen, nichtsdestotrotz hat das Zagreb Open Spa\u00df gemacht und mich zum ersten Mal in die Stadt Karlovac gef\u00fchrt, die die meisten \u00d6sterreicherInnen (aber auch KroatInnen) wohl nur vom Vorbeifahren und vom Bieretikett kennen.<\/em><\/p>\n<p><a href=\"http:\/\/vihor.hr\/en\/seeoc\/\">Homepage SEEMOC<\/a><br \/>\n<a href=\"https:\/\/viennaochallenge.com\">Homepage VOC<\/a><\/p>\n<p><img decoding=\"async\" loading=\"lazy\" class=\"alignnone size-large wp-image-5383\" src=\"http:\/\/www.suso-club.at\/wp-content\/uploads\/2021\/09\/Fend-Zagreb-1-1024x755.jpg\" alt=\"\" width=\"604\" height=\"445\" srcset=\"https:\/\/www.suso-club.at\/wp-content\/uploads\/2021\/09\/Fend-Zagreb-1-1024x755.jpg 1024w, https:\/\/www.suso-club.at\/wp-content\/uploads\/2021\/09\/Fend-Zagreb-1-300x221.jpg 300w, https:\/\/www.suso-club.at\/wp-content\/uploads\/2021\/09\/Fend-Zagreb-1-768x566.jpg 768w\" sizes=\"(max-width: 604px) 100vw, 604px\" \/><\/p>\n","protected":false},"excerpt":{"rendered":"<p>Ende August gab es zwei interessante internationale Events in zwei europ\u00e4ischen Hauptst\u00e4dten\u00a0nur\u00a0zwei Autostunden von Graz entfernt.\u00a0Sara Fend n\u00fctzte einen Besuch bei ihrer Oma in Zagreb mit der Teilnahme am 5-Tage-OL &#8222;Zagreb Open&#8220; im Rahmen der S\u00fcdost-Europameisterschaft (SEEOC) und konnte sich dabei den Sieg in Damen 21A sichern. Ihr Bericht siehe weiter unten. Die Familie Steiner\/Scheidl &hellip; <a href=\"https:\/\/www.suso-club.at\/de\/2021\/08\/28\/seeoc-voc-zagreb-wien\/\" class=\"more-link\"><span class=\"screen-reader-text\">SEEOC \/ VOC = Zagreb \/ Wien<\/span> weiterlesen <span class=\"meta-nav\">&rarr;<\/span><\/a><\/p>\n","protected":false},"author":8,"featured_media":5365,"comment_status":"closed","ping_status":"open","sticky":false,"template":"","format":"standard","meta":[],"categories":[1,8,4],"tags":[],"translation":{"provider":"WPGlobus","version":"2.12.2","language":"de","enabled_languages":["en","de"],"languages":{"en":{"title":true,"content":true,"excerpt":false},"de":{"title":false,"content":false,"excerpt":false}}},"_links":{"self":[{"href":"https:\/\/www.suso-club.at\/de\/wp-json\/wp\/v2\/posts\/5363"}],"collection":[{"href":"https:\/\/www.suso-club.at\/de\/wp-json\/wp\/v2\/posts"}],"about":[{"href":"https:\/\/www.suso-club.at\/de\/wp-json\/wp\/v2\/types\/post"}],"author":[{"embeddable":true,"href":"https:\/\/www.suso-club.at\/de\/wp-json\/wp\/v2\/users\/8"}],"replies":[{"embeddable":true,"href":"https:\/\/www.suso-club.at\/de\/wp-json\/wp\/v2\/comments?post=5363"}],"version-history":[{"count":9,"href":"https:\/\/www.suso-club.at\/de\/wp-json\/wp\/v2\/posts\/5363\/revisions"}],"predecessor-version":[{"id":5386,"href":"https:\/\/www.suso-club.at\/de\/wp-json\/wp\/v2\/posts\/5363\/revisions\/5386"}],"wp:featuredmedia":[{"embeddable":true,"href":"https:\/\/www.suso-club.at\/de\/wp-json\/wp\/v2\/media\/5365"}],"wp:attachment":[{"href":"https:\/\/www.suso-club.at\/de\/wp-json\/wp\/v2\/media?parent=5363"}],"wp:term":[{"taxonomy":"category","embeddable":true,"href":"https:\/\/www.suso-club.at\/de\/wp-json\/wp\/v2\/categories?post=5363"},{"taxonomy":"post_tag","embeddable":true,"href":"https:\/\/www.suso-club.at\/de\/wp-json\/wp\/v2\/tags?post=5363"}],"curies":[{"name":"wp","href":"https:\/\/api.w.org\/{rel}","templated":true}]}}