{"id":5421,"date":"2021-09-19T17:58:57","date_gmt":"2021-09-19T15:58:57","guid":{"rendered":"http:\/\/www.suso-club.at\/?p=5421"},"modified":"2021-09-20T18:53:49","modified_gmt":"2021-09-20T16:53:49","slug":"die-schoeckler-in-den-kitzbuehler-alpen","status":"publish","type":"post","link":"https:\/\/www.suso-club.at\/de\/2021\/09\/19\/die-schoeckler-in-den-kitzbuehler-alpen\/","title":{"rendered":"Die Sch\u00f6ckler in den Kitzb\u00fchler Alpen"},"content":{"rendered":"<p>Mit Blick auf die ber\u00fchmte &#8222;Streif&#8220; am Hahnenkamm in Kitzb\u00fchel erlebten wir zwei wundersch\u00f6ne Austria-Cup-L\u00e4ufe in den Kitzb\u00fchler Alpen. Wie immer mit einer gemischten Gruppe aus Alt und Jung konnten wir diesmal die weite Anreise gemeinsam in einem Reisebus absolvieren. Schon dieAuffahrt mit der Kitzb\u00fchler Hornbahn war ein Erlebnis.<\/p>\n<figure id=\"attachment_5417\" aria-describedby=\"caption-attachment-5417\" style=\"width: 604px\" class=\"wp-caption alignnone\"><img decoding=\"async\" loading=\"lazy\" class=\"size-large wp-image-5417\" src=\"http:\/\/www.suso-club.at\/wp-content\/uploads\/2021\/09\/Trattneralm-1024x524.jpg\" alt=\"\" width=\"604\" height=\"309\" srcset=\"https:\/\/www.suso-club.at\/wp-content\/uploads\/2021\/09\/Trattneralm-1024x524.jpg 1024w, https:\/\/www.suso-club.at\/wp-content\/uploads\/2021\/09\/Trattneralm-300x153.jpg 300w, https:\/\/www.suso-club.at\/wp-content\/uploads\/2021\/09\/Trattneralm-768x393.jpg 768w, https:\/\/www.suso-club.at\/wp-content\/uploads\/2021\/09\/Trattneralm.jpg 2016w\" sizes=\"(max-width: 604px) 100vw, 604px\" \/><figcaption id=\"caption-attachment-5417\" class=\"wp-caption-text\">Trattalmmulde als Sportst\u00e4tte f\u00fcr die Orientierer<\/figcaption><\/figure>\n<p>Unsere Jugend berichtet von dem Wochenende:<\/p>\n<figure id=\"attachment_5420\" aria-describedby=\"caption-attachment-5420\" style=\"width: 844px\" class=\"wp-caption alignnone\"><img decoding=\"async\" loading=\"lazy\" class=\"size-full wp-image-5420\" src=\"http:\/\/www.suso-club.at\/wp-content\/uploads\/2021\/09\/SUSO-Jugend-Kitz.jpg\" alt=\"\" width=\"844\" height=\"559\" srcset=\"https:\/\/www.suso-club.at\/wp-content\/uploads\/2021\/09\/SUSO-Jugend-Kitz.jpg 844w, https:\/\/www.suso-club.at\/wp-content\/uploads\/2021\/09\/SUSO-Jugend-Kitz-300x199.jpg 300w, https:\/\/www.suso-club.at\/wp-content\/uploads\/2021\/09\/SUSO-Jugend-Kitz-768x509.jpg 768w\" sizes=\"(max-width: 844px) 100vw, 844px\" \/><figcaption id=\"caption-attachment-5420\" class=\"wp-caption-text\">SUSO-Jugend am Kitzb\u00fchler Horn<\/figcaption><\/figure>\n<p><em>Mit der Hornbahn sind wir rauf auf das Kitzb\u00fcheler Horn gefahren und hatten den sch\u00f6nsten Ausblick, den wir jemals bei einem Wettkampfzentrum hatten. Das offene Almgbiet war aufgrund der vielen K\u00fche und G\u00e4nge der Murmeltiere teils schwer zu belaufen. Am besten bestritten die Langdistanz die Jugendlichen Suso-&#8222;Stars&#8220; der D16E und D18E Kategorie mit Hannah Winkler, Flora Aigm\u00fcller, Laura K\u00f6nig und Martina Scheidl bzw. mit Camilla Aigm\u00fcller und Theresa Monsberger. Au\u00dferdem belegten Sara Fend, Hannes Pacher, Gertraud Holzer, Martina K\u00f6nig und Klaus Scheidl Podestpl\u00e4tze. <\/em><br \/>\n<em>Am darauffolgenden Tag stand der &#8222;Sprint&#8220; am Programm, der sich in der Kitzb\u00fchler Innenstadt abspielte. Es gab sehr viele Posten mit sehr kurzen Abst\u00e4nden welche gemeinsam mit\u00a0den verwinkelten Gassen f\u00fcr einige L\u00e4ufer:innen eine gro\u00dfe Herausforderung darstellte. Alle am Vortag erfolgreichen L\u00e4ufer:innen konnten sich einen weiteren Podestplatz sichern, zus\u00e4tzlich konnten sich Martin Faccinelli und Ingrid Lueger eine Medaille abholen. <\/em><br \/>\n<em>An beiden Tagen fand die Siegerehrung in der malerischen Altstadt von Kitzb\u00fchel statt. Man konnte sich ein wenig wie die Skistars f\u00fchlen.<\/em><br \/>\n<em>Dieses\u00a0erfolgreiche und lustige Wochenende mit dem coolsten Verein aus Graz ging\u00a0am Wochenende vom 17. bis 19. September \u00fcber die B\u00fchne.<\/em><\/p>\n<figure id=\"attachment_5426\" aria-describedby=\"caption-attachment-5426\" style=\"width: 853px\" class=\"wp-caption alignnone\"><img decoding=\"async\" loading=\"lazy\" class=\"size-full wp-image-5426\" src=\"http:\/\/www.suso-club.at\/wp-content\/uploads\/2021\/09\/Abend-in-Kitz.jpg\" alt=\"\" width=\"853\" height=\"562\" srcset=\"https:\/\/www.suso-club.at\/wp-content\/uploads\/2021\/09\/Abend-in-Kitz.jpg 853w, https:\/\/www.suso-club.at\/wp-content\/uploads\/2021\/09\/Abend-in-Kitz-300x198.jpg 300w, https:\/\/www.suso-club.at\/wp-content\/uploads\/2021\/09\/Abend-in-Kitz-768x506.jpg 768w\" sizes=\"(max-width: 853px) 100vw, 853px\" \/><figcaption id=\"caption-attachment-5426\" class=\"wp-caption-text\">Am Weg zur Siegerehrung in Kitz<\/figcaption><\/figure>\n<figure id=\"attachment_5419\" aria-describedby=\"caption-attachment-5419\" style=\"width: 604px\" class=\"wp-caption alignnone\"><img decoding=\"async\" loading=\"lazy\" class=\"size-large wp-image-5419\" src=\"http:\/\/www.suso-club.at\/wp-content\/uploads\/2021\/09\/Karte-KitzHorn-H18-1024x498.jpg\" alt=\"\" width=\"604\" height=\"294\" srcset=\"https:\/\/www.suso-club.at\/wp-content\/uploads\/2021\/09\/Karte-KitzHorn-H18-1024x498.jpg 1024w, https:\/\/www.suso-club.at\/wp-content\/uploads\/2021\/09\/Karte-KitzHorn-H18-300x146.jpg 300w, https:\/\/www.suso-club.at\/wp-content\/uploads\/2021\/09\/Karte-KitzHorn-H18-768x373.jpg 768w, https:\/\/www.suso-club.at\/wp-content\/uploads\/2021\/09\/Karte-KitzHorn-H18.jpg 1599w\" sizes=\"(max-width: 604px) 100vw, 604px\" \/><figcaption id=\"caption-attachment-5419\" class=\"wp-caption-text\">Karte am Kitzb\u00fchler Horn H18<\/figcaption><\/figure>\n<figure id=\"attachment_5438\" aria-describedby=\"caption-attachment-5438\" style=\"width: 604px\" class=\"wp-caption alignnone\"><img decoding=\"async\" loading=\"lazy\" class=\"size-large wp-image-5438\" src=\"http:\/\/www.suso-club.at\/wp-content\/uploads\/2021\/09\/Carsten-in-Kitz-1024x703.jpg\" alt=\"\" width=\"604\" height=\"415\" srcset=\"https:\/\/www.suso-club.at\/wp-content\/uploads\/2021\/09\/Carsten-in-Kitz-1024x703.jpg 1024w, https:\/\/www.suso-club.at\/wp-content\/uploads\/2021\/09\/Carsten-in-Kitz-300x206.jpg 300w, https:\/\/www.suso-club.at\/wp-content\/uploads\/2021\/09\/Carsten-in-Kitz-768x527.jpg 768w, https:\/\/www.suso-club.at\/wp-content\/uploads\/2021\/09\/Carsten-in-Kitz.jpg 1154w\" sizes=\"(max-width: 604px) 100vw, 604px\" \/><figcaption id=\"caption-attachment-5438\" class=\"wp-caption-text\">Carsten im Zielsprint<\/figcaption><\/figure>\n<figure id=\"attachment_5430\" aria-describedby=\"caption-attachment-5430\" style=\"width: 604px\" class=\"wp-caption alignnone\"><img decoding=\"async\" loading=\"lazy\" class=\"size-large wp-image-5430\" src=\"http:\/\/www.suso-club.at\/wp-content\/uploads\/2021\/09\/Viki-im-Ziel-1024x646.jpg\" alt=\"\" width=\"604\" height=\"381\" srcset=\"https:\/\/www.suso-club.at\/wp-content\/uploads\/2021\/09\/Viki-im-Ziel-1024x646.jpg 1024w, https:\/\/www.suso-club.at\/wp-content\/uploads\/2021\/09\/Viki-im-Ziel-300x189.jpg 300w, https:\/\/www.suso-club.at\/wp-content\/uploads\/2021\/09\/Viki-im-Ziel-768x484.jpg 768w, https:\/\/www.suso-club.at\/wp-content\/uploads\/2021\/09\/Viki-im-Ziel.jpg 1920w\" sizes=\"(max-width: 604px) 100vw, 604px\" \/><figcaption id=\"caption-attachment-5430\" class=\"wp-caption-text\">Viki Knauder wieder einmal in Damen 21 Elite dabei \u00a0 \u00a0 \u00a0 \u00a0 \u00a0Foto: Hoffer<\/figcaption><\/figure>\n<figure id=\"attachment_5431\" aria-describedby=\"caption-attachment-5431\" style=\"width: 604px\" class=\"wp-caption alignnone\"><img decoding=\"async\" loading=\"lazy\" class=\"size-large wp-image-5431\" src=\"http:\/\/www.suso-club.at\/wp-content\/uploads\/2021\/09\/Start-MArtina-1024x679.jpg\" alt=\"\" width=\"604\" height=\"401\" srcset=\"https:\/\/www.suso-club.at\/wp-content\/uploads\/2021\/09\/Start-MArtina-1024x679.jpg 1024w, https:\/\/www.suso-club.at\/wp-content\/uploads\/2021\/09\/Start-MArtina-300x199.jpg 300w, https:\/\/www.suso-club.at\/wp-content\/uploads\/2021\/09\/Start-MArtina-768x509.jpg 768w, https:\/\/www.suso-club.at\/wp-content\/uploads\/2021\/09\/Start-MArtina.jpg 1920w\" sizes=\"(max-width: 604px) 100vw, 604px\" \/><figcaption id=\"caption-attachment-5431\" class=\"wp-caption-text\">Martina K\u00f6nig bei ihrem ersten Einsatz auf Langdistanz. \u00a0 \u00a0Foto: Hoffer<\/figcaption><\/figure>\n<figure id=\"attachment_5432\" aria-describedby=\"caption-attachment-5432\" style=\"width: 604px\" class=\"wp-caption alignnone\"><img decoding=\"async\" loading=\"lazy\" class=\"size-large wp-image-5432\" src=\"http:\/\/www.suso-club.at\/wp-content\/uploads\/2021\/09\/D18-Dreifachsieg-1024x697.jpg\" alt=\"\" width=\"604\" height=\"411\" srcset=\"https:\/\/www.suso-club.at\/wp-content\/uploads\/2021\/09\/D18-Dreifachsieg-1024x697.jpg 1024w, https:\/\/www.suso-club.at\/wp-content\/uploads\/2021\/09\/D18-Dreifachsieg-300x204.jpg 300w, https:\/\/www.suso-club.at\/wp-content\/uploads\/2021\/09\/D18-Dreifachsieg-768x522.jpg 768w, https:\/\/www.suso-club.at\/wp-content\/uploads\/2021\/09\/D18-Dreifachsieg.jpg 1920w\" sizes=\"(max-width: 604px) 100vw, 604px\" \/><figcaption id=\"caption-attachment-5432\" class=\"wp-caption-text\">Siegreiche SUSO-Jugend D18. \u00a0 \u00a0 \u00a0 \u00a0Foto: Hoffer<\/figcaption><\/figure>\n<figure id=\"attachment_5429\" aria-describedby=\"caption-attachment-5429\" style=\"width: 604px\" class=\"wp-caption alignnone\"><img decoding=\"async\" loading=\"lazy\" class=\"size-large wp-image-5429\" src=\"http:\/\/www.suso-club.at\/wp-content\/uploads\/2021\/09\/Senioreinnen-1024x833.jpg\" alt=\"\" width=\"604\" height=\"491\" srcset=\"https:\/\/www.suso-club.at\/wp-content\/uploads\/2021\/09\/Senioreinnen-1024x833.jpg 1024w, https:\/\/www.suso-club.at\/wp-content\/uploads\/2021\/09\/Senioreinnen-300x244.jpg 300w, https:\/\/www.suso-club.at\/wp-content\/uploads\/2021\/09\/Senioreinnen-768x625.jpg 768w, https:\/\/www.suso-club.at\/wp-content\/uploads\/2021\/09\/Senioreinnen.jpg 1357w\" sizes=\"(max-width: 604px) 100vw, 604px\" \/><figcaption id=\"caption-attachment-5429\" class=\"wp-caption-text\">Unsere Seniorinnen &#8211; K\u00f6nig, Lueger, Holzer. \u00a0 \u00a0 \u00a0Foto: Hoffer<\/figcaption><\/figure>\n<figure id=\"attachment_5434\" aria-describedby=\"caption-attachment-5434\" style=\"width: 604px\" class=\"wp-caption alignnone\"><img decoding=\"async\" loading=\"lazy\" class=\"size-large wp-image-5434\" src=\"http:\/\/www.suso-club.at\/wp-content\/uploads\/2021\/09\/Eisessen-1024x636.jpg\" alt=\"\" width=\"604\" height=\"375\" srcset=\"https:\/\/www.suso-club.at\/wp-content\/uploads\/2021\/09\/Eisessen-1024x636.jpg 1024w, https:\/\/www.suso-club.at\/wp-content\/uploads\/2021\/09\/Eisessen-300x186.jpg 300w, https:\/\/www.suso-club.at\/wp-content\/uploads\/2021\/09\/Eisessen-768x477.jpg 768w, https:\/\/www.suso-club.at\/wp-content\/uploads\/2021\/09\/Eisessen.jpg 1920w\" sizes=\"(max-width: 604px) 100vw, 604px\" \/><figcaption id=\"caption-attachment-5434\" class=\"wp-caption-text\">Auch das muss sein &#8211; kleine Belohnung. \u00a0 \u00a0 \u00a0 \u00a0 Foto: Hoffer<\/figcaption><\/figure>\n<p><a href=\"https:\/\/www.oefol.at\/anne\/files\/uploaded\/event_3321_ac-07-2021.html\">Ergebnisse AC-Langdistanz Kitzb\u00fchler Horn<\/a><br \/>\n<a href=\"https:\/\/www.oefol.at\/anne\/files\/uploaded\/event_3322_ac-08-2021.html\">Ergebnisse AC Sprint in Kitzb\u00fchel<\/a><\/p>\n","protected":false},"excerpt":{"rendered":"<p>Mit Blick auf die ber\u00fchmte &#8222;Streif&#8220; am Hahnenkamm in Kitzb\u00fchel erlebten wir zwei wundersch\u00f6ne Austria-Cup-L\u00e4ufe in den Kitzb\u00fchler Alpen. Wie immer mit einer gemischten Gruppe aus Alt und Jung konnten wir diesmal die weite Anreise gemeinsam in einem Reisebus absolvieren. Schon dieAuffahrt mit der Kitzb\u00fchler Hornbahn war ein Erlebnis. Unsere Jugend berichtet von dem Wochenende: &hellip; <a href=\"https:\/\/www.suso-club.at\/de\/2021\/09\/19\/die-schoeckler-in-den-kitzbuehler-alpen\/\" class=\"more-link\"><span class=\"screen-reader-text\">Die Sch\u00f6ckler in den Kitzb\u00fchler Alpen<\/span> weiterlesen <span class=\"meta-nav\">&rarr;<\/span><\/a><\/p>\n","protected":false},"author":8,"featured_media":5416,"comment_status":"closed","ping_status":"open","sticky":false,"template":"","format":"standard","meta":[],"categories":[1,5,4],"tags":[],"translation":{"provider":"WPGlobus","version":"2.12.2","language":"de","enabled_languages":["en","de"],"languages":{"en":{"title":true,"content":true,"excerpt":false},"de":{"title":false,"content":false,"excerpt":false}}},"_links":{"self":[{"href":"https:\/\/www.suso-club.at\/de\/wp-json\/wp\/v2\/posts\/5421"}],"collection":[{"href":"https:\/\/www.suso-club.at\/de\/wp-json\/wp\/v2\/posts"}],"about":[{"href":"https:\/\/www.suso-club.at\/de\/wp-json\/wp\/v2\/types\/post"}],"author":[{"embeddable":true,"href":"https:\/\/www.suso-club.at\/de\/wp-json\/wp\/v2\/users\/8"}],"replies":[{"embeddable":true,"href":"https:\/\/www.suso-club.at\/de\/wp-json\/wp\/v2\/comments?post=5421"}],"version-history":[{"count":6,"href":"https:\/\/www.suso-club.at\/de\/wp-json\/wp\/v2\/posts\/5421\/revisions"}],"predecessor-version":[{"id":5476,"href":"https:\/\/www.suso-club.at\/de\/wp-json\/wp\/v2\/posts\/5421\/revisions\/5476"}],"wp:featuredmedia":[{"embeddable":true,"href":"https:\/\/www.suso-club.at\/de\/wp-json\/wp\/v2\/media\/5416"}],"wp:attachment":[{"href":"https:\/\/www.suso-club.at\/de\/wp-json\/wp\/v2\/media?parent=5421"}],"wp:term":[{"taxonomy":"category","embeddable":true,"href":"https:\/\/www.suso-club.at\/de\/wp-json\/wp\/v2\/categories?post=5421"},{"taxonomy":"post_tag","embeddable":true,"href":"https:\/\/www.suso-club.at\/de\/wp-json\/wp\/v2\/tags?post=5421"}],"curies":[{"name":"wp","href":"https:\/\/api.w.org\/{rel}","templated":true}]}}