{"id":5672,"date":"2021-11-17T19:25:07","date_gmt":"2021-11-17T18:25:07","guid":{"rendered":"http:\/\/www.suso-club.at\/?p=5672"},"modified":"2021-11-17T19:25:07","modified_gmt":"2021-11-17T18:25:07","slug":"unsere-kaderlaeufer-in-ruhe","status":"publish","type":"post","link":"https:\/\/www.suso-club.at\/de\/2021\/11\/17\/unsere-kaderlaeufer-in-ruhe\/","title":{"rendered":"Unsere Kaderl\u00e4ufer in Ruhe"},"content":{"rendered":"<p>Nach Abschluss der nationalen Saison werden vom \u00f6sterr. Verband die Kaderl\u00e4ufer nominiert. Mit Stolz bef\u00fcllen wir den Jugend bzw. Juniorenkader mit 8\u00a0Mitgliedern.<br \/>\nNach der Ruhe-und \u00dcbergangsphase starten unsere Aush\u00e4ngeschilder wieder mit dem Training.<br \/>\nWie sie zum OL gekommen sind und was sie motiviert, erfahren sie durch die\u00a0angef\u00fcgten Kurzportraits:<\/p>\n<figure id=\"attachment_5664\" aria-describedby=\"caption-attachment-5664\" style=\"width: 604px\" class=\"wp-caption alignnone\"><img decoding=\"async\" loading=\"lazy\" class=\"size-large wp-image-5664\" src=\"http:\/\/www.suso-club.at\/wp-content\/uploads\/2021\/11\/Flora-1024x1024.jpg\" alt=\"\" width=\"604\" height=\"604\" srcset=\"https:\/\/www.suso-club.at\/wp-content\/uploads\/2021\/11\/Flora-1024x1024.jpg 1024w, https:\/\/www.suso-club.at\/wp-content\/uploads\/2021\/11\/Flora-150x150.jpg 150w, https:\/\/www.suso-club.at\/wp-content\/uploads\/2021\/11\/Flora-300x300.jpg 300w, https:\/\/www.suso-club.at\/wp-content\/uploads\/2021\/11\/Flora-768x768.jpg 768w, https:\/\/www.suso-club.at\/wp-content\/uploads\/2021\/11\/Flora.jpg 2000w\" sizes=\"(max-width: 604px) 100vw, 604px\" \/><figcaption id=\"caption-attachment-5664\" class=\"wp-caption-text\">Flora Aigm\u00fcller<\/figcaption><\/figure>\n<p><em>Mein Name ist Flora Aigm\u00fcller und ich bin am 30.10.2004 geboren worden, das hei\u00dft ich bin gerade 17 geworden. Ich bin in der 1. Klasse Gymnasium \u00fcber das Freifach zu Orientierungslauf gekommen und hatte das Gl\u00fcck, dass gleichzeitig Marie und Theri mit mir begonnen haben, was mir den Einstieg sehr erleichtert hat. Besonders gerne an Orientierungslauf mag ich, dass nicht nur das Laufen im Vordergrund steht, sondern auch das Orientieren mit K\u00f6pfchen. Ich war schon immer gerne im Wald und liebe Herausforderungen. Besonders sch\u00e4tze ich aber auch die Gemeinschaft im Verein, aber auch mit allen meinen Freunden in ganz \u00d6sterreich. F\u00fcr dieses Jahr sind meine Ziele eine gute Performance bei der Eyoc und eine zufriedenstellende Leistung bei der Jwoc. Meine beruflichen Ziele wei\u00df ich noch nicht, ich m\u00f6chte aber auf jeden Fall studieren und danach einen Beruf aus\u00fcben, bei dem man viel denken muss und Abwechslung ha<\/em>t.<\/p>\n<figure id=\"attachment_5668\" aria-describedby=\"caption-attachment-5668\" style=\"width: 604px\" class=\"wp-caption alignnone\"><img decoding=\"async\" loading=\"lazy\" class=\"size-large wp-image-5668\" src=\"http:\/\/www.suso-club.at\/wp-content\/uploads\/2021\/11\/Laura-1021x1024.jpg\" alt=\"\" width=\"604\" height=\"606\" srcset=\"https:\/\/www.suso-club.at\/wp-content\/uploads\/2021\/11\/Laura-1021x1024.jpg 1021w, https:\/\/www.suso-club.at\/wp-content\/uploads\/2021\/11\/Laura-150x150.jpg 150w, https:\/\/www.suso-club.at\/wp-content\/uploads\/2021\/11\/Laura-300x300.jpg 300w, https:\/\/www.suso-club.at\/wp-content\/uploads\/2021\/11\/Laura-768x770.jpg 768w, https:\/\/www.suso-club.at\/wp-content\/uploads\/2021\/11\/Laura.jpg 2000w\" sizes=\"(max-width: 604px) 100vw, 604px\" \/><figcaption id=\"caption-attachment-5668\" class=\"wp-caption-text\">Laura K\u00f6nig<\/figcaption><\/figure>\n<p><em>Laura K\u00f6nig, 25.05.2004<\/em><br \/>\n<em>Ich mache seit der 2.Klasse Gymnasium OL und bin auch \u00fcber die Schule dazu gekommen.<\/em><br \/>\n<em>Ich sch\u00e4tze an OL, dass jeder Lauf aufs Neue, ein Abenteuer und eine Herausforderung sind.\u00a0Mein Ziel ist es mich sportlich weiterzuentwickeln, also weiter zu trainieren und das Beste aus mir selbst rauszuholen.\u00a0Mein Berufswunsch ist Architektin.<\/em><\/p>\n<figure id=\"attachment_5666\" aria-describedby=\"caption-attachment-5666\" style=\"width: 604px\" class=\"wp-caption alignnone\"><img decoding=\"async\" loading=\"lazy\" class=\"size-large wp-image-5666\" src=\"http:\/\/www.suso-club.at\/wp-content\/uploads\/2021\/11\/Hannah-1024x1024.jpg\" alt=\"\" width=\"604\" height=\"604\" srcset=\"https:\/\/www.suso-club.at\/wp-content\/uploads\/2021\/11\/Hannah-1024x1024.jpg 1024w, https:\/\/www.suso-club.at\/wp-content\/uploads\/2021\/11\/Hannah-150x150.jpg 150w, https:\/\/www.suso-club.at\/wp-content\/uploads\/2021\/11\/Hannah-300x300.jpg 300w, https:\/\/www.suso-club.at\/wp-content\/uploads\/2021\/11\/Hannah-768x767.jpg 768w, https:\/\/www.suso-club.at\/wp-content\/uploads\/2021\/11\/Hannah.jpg 2000w\" sizes=\"(max-width: 604px) 100vw, 604px\" \/><figcaption id=\"caption-attachment-5666\" class=\"wp-caption-text\">Hannah Winkler<\/figcaption><\/figure>\n<p><em>Ich hei\u00dfe Hannah Winkler und bin am 28. 10. 2003 geboren. Ich mache OL seit 7 Jahren und bin seit 4 Jahren im Kader. Ich bin durch die Schule zu OL gekommen und mir gef\u00e4llt das schnelle Kartenlesen und das quer durch den Wald laufen. Auch die Gemeinschaft und in der Natur Sport machen. Meine Ziele sind heuer die Teilnahme an der Jwoc und sp\u00e4ter die Aufnahme in den Elitekader und eine Teilnahme an einer Woc. Beruflich m\u00f6chte ich sp\u00e4ter einmal Physiotherapeutin werden.<\/em><\/p>\n<figure id=\"attachment_5667\" aria-describedby=\"caption-attachment-5667\" style=\"width: 604px\" class=\"wp-caption alignnone\"><img decoding=\"async\" loading=\"lazy\" class=\"size-large wp-image-5667\" src=\"http:\/\/www.suso-club.at\/wp-content\/uploads\/2021\/11\/Gustav-1024x1002.jpeg\" alt=\"\" width=\"604\" height=\"591\" srcset=\"https:\/\/www.suso-club.at\/wp-content\/uploads\/2021\/11\/Gustav-1024x1002.jpeg 1024w, https:\/\/www.suso-club.at\/wp-content\/uploads\/2021\/11\/Gustav-300x294.jpeg 300w, https:\/\/www.suso-club.at\/wp-content\/uploads\/2021\/11\/Gustav-768x752.jpeg 768w, https:\/\/www.suso-club.at\/wp-content\/uploads\/2021\/11\/Gustav.jpeg 2000w\" sizes=\"(max-width: 604px) 100vw, 604px\" \/><figcaption id=\"caption-attachment-5667\" class=\"wp-caption-text\">Gustav Greiner<\/figcaption><\/figure>\n<p><em>Mein Name ist Gustav-Gustl-Greiner und ich bin am 11. Mai 2004 geboren.<\/em><br \/>\n<em>Erste Ber\u00fchrungen mit diesem Sport hatte ich bereits 2018. Dem OL-Game auf nationaler Ebene bin ich im Fr\u00fchjahr 2019 beigetreten. Seit 2020 betreibe ich den Orientierungslauf-Sport als Leistungssport \u2013 mehr oder weniger erfolgreich.<\/em><br \/>\n<em>Ich sch\u00e4tze die Kombination zweier Komponenten, wie beim Biathlon zum Beispiel. Ebenso gef\u00e4llt mir die F\u00e4higkeit sich den immer wechselnden Umst\u00e4nden anzupassen. Au\u00dferdem bringt der Umfang der Disziplinen immer Abwechslung mit sich.<\/em><br \/>\n<em>Meine Ziele sind eine EYOC (Jugend-EM) und\/oder JWOC (Junioren-WM) Teilnahme 2022, sowie eine \u00d6M Medaille w\u00e4hrend der kommenden Saison. Beide Ziele konnte ich im Verlauf der letzten Saison aufgrund vielen Faktoren nicht umsetzen. Zus\u00e4tzlich strebe ich eine Aufnahme im Heeressportzentrum im folgenden Jahr an.<\/em><br \/>\n<em>Mein berufliches Ziel ist ein Studium (vermutlich etwas Technisches oder Naturwissenschaftliches) in Graz oder in der n\u00e4heren Umgebung nach Ableisten des Grundwehrdienstes in \u00d6sterreich.<\/em><\/p>\n<figure id=\"attachment_5670\" aria-describedby=\"caption-attachment-5670\" style=\"width: 604px\" class=\"wp-caption alignnone\"><img decoding=\"async\" loading=\"lazy\" class=\"size-large wp-image-5670\" src=\"http:\/\/www.suso-club.at\/wp-content\/uploads\/2021\/11\/Theri-1024x1024.jpg\" alt=\"\" width=\"604\" height=\"604\" srcset=\"https:\/\/www.suso-club.at\/wp-content\/uploads\/2021\/11\/Theri-1024x1024.jpg 1024w, https:\/\/www.suso-club.at\/wp-content\/uploads\/2021\/11\/Theri-150x150.jpg 150w, https:\/\/www.suso-club.at\/wp-content\/uploads\/2021\/11\/Theri-300x300.jpg 300w, https:\/\/www.suso-club.at\/wp-content\/uploads\/2021\/11\/Theri-768x767.jpg 768w, https:\/\/www.suso-club.at\/wp-content\/uploads\/2021\/11\/Theri.jpg 2000w\" sizes=\"(max-width: 604px) 100vw, 604px\" \/><figcaption id=\"caption-attachment-5670\" class=\"wp-caption-text\">Theresa Monsberger<\/figcaption><\/figure>\n<p><em>Ich hei\u00dfe Theresa Monsberger, bin jetzt 16. Jahre alt und wurde am 12.3.2005 geboren. OL habe ich das erste Mal 2015, bei einem Schnupper-Lauf in der Volkschule, gemacht. Als ich ins Gymnasium gekommen bin, war f\u00fcr mich klar, dass ich die unverbindliche \u00dcbung besuchen will. Und dass es dabei nicht geblieben ist, sieht man ja jetzt \ud83d\ude09 An OL begeistert mich, dass man gleichzeitig sowohl physisch als auch psychisch voll bei der Sache sein muss. Eine kleine Unkonzentriertheit kann schnell zum Verh\u00e4ngnis werden, aber daf\u00fcr ist es f\u00fcr mich immer ein Erfolgserlebnis und Gl\u00fccksgef\u00fchl, wenn ich einen Posten perfekt finde. Au\u00dferdem fasziniert mich, dass kein OL gleich ist und man nie so genau wei\u00df, was einen erwartet und nat\u00fcrlich, dass man an Orte kommt, die man sonst nie sehen w\u00fcrde, manchmal positiv \u00fcberrascht ist wie sch\u00f6n sie sind und manchmal auch Gegenden sieht, die wenn man sie nicht mit OL Augen betrachtet, eher uninteressant w\u00e4ren. Ein weiterer entscheidender Faktor warum ich diesen Sport so liebe ist die Gemeinschaft, in der ich ihn aus\u00fcbe. Ich kann mich wahrlich gl\u00fccklich sch\u00e4tzen einen Verein gefunden zu haben, der mittlerweile wohl wie eine Familie f\u00fcr mich ist und einen bestm\u00f6glich unterst\u00fctzt OL als Leistungssport auszu\u00fcben. Mein Ziel f\u00fcr das kommende Jahr ist eine Teilnahme an der Eyoc mit stabileren Ergebnissen als letztes Jahr und generell mehr internationale Erfahrungen zu sammeln. Au\u00dferdem m\u00f6chte ich um den Gesamtsieg im Austria Cup mitmischen und mich nat\u00fcrlich l\u00e4uferisch und OL-Technisch stetig verbessern. N\u00e4chstes Schuljahr m\u00f6chte ich die Matura machen und danach zu studieren beginnen. Vielleicht mit einem Jahr Pause in dem ich trainieren und in unterschiedlichen L\u00e4ndern OL machen m\u00f6chte, Arbeitserfahrungen im In- und Ausland sammle und einen anderen Alltag neben dem Schulalltag kennenlerne kann.<\/em><\/p>\n<figure id=\"attachment_5665\" aria-describedby=\"caption-attachment-5665\" style=\"width: 604px\" class=\"wp-caption alignnone\"><img decoding=\"async\" loading=\"lazy\" class=\"size-large wp-image-5665\" src=\"http:\/\/www.suso-club.at\/wp-content\/uploads\/2021\/11\/Camilla-1024x1024.jpg\" alt=\"\" width=\"604\" height=\"604\" srcset=\"https:\/\/www.suso-club.at\/wp-content\/uploads\/2021\/11\/Camilla-1024x1024.jpg 1024w, https:\/\/www.suso-club.at\/wp-content\/uploads\/2021\/11\/Camilla-150x150.jpg 150w, https:\/\/www.suso-club.at\/wp-content\/uploads\/2021\/11\/Camilla-300x300.jpg 300w, https:\/\/www.suso-club.at\/wp-content\/uploads\/2021\/11\/Camilla-768x769.jpg 768w, https:\/\/www.suso-club.at\/wp-content\/uploads\/2021\/11\/Camilla.jpg 2000w\" sizes=\"(max-width: 604px) 100vw, 604px\" \/><figcaption id=\"caption-attachment-5665\" class=\"wp-caption-text\">Camilla Aigm\u00fcller<\/figcaption><\/figure>\n<p><em>Ich bin Camilla Aigm\u00fcller und wurde am 02.10.2006 geboren. Ich bin vor ungef\u00e4hr 6 Jahren, da war ich 9, zum Orientierungslauf durch Flora gekommen. Durch sie habe ich mit meiner Familie bei den OL Treffs mitgemacht und bei einzelnen Wettk\u00e4mpfen, bis ich selbst in den Verein gekommen bin. Dort habe ich dann aktiv mit OL begonnen. Ich finde diesen Sport unglaublich toll weil man w\u00e4hrend man l\u00e4uft auch noch viel denken muss und dadurch manchmal vergisst, dass man gerade l\u00e4uft. Ein gro\u00dfes Ziel von mir ist es, bei der EYOC mitzufahre, mit besseren Ergebnissen und auch in den folgenden Jahren bei einigen Internationalen Wettk\u00e4mpfen teilzunehmen.<\/em><\/p>\n<figure id=\"attachment_5669\" aria-describedby=\"caption-attachment-5669\" style=\"width: 604px\" class=\"wp-caption alignnone\"><img decoding=\"async\" loading=\"lazy\" class=\"size-large wp-image-5669\" src=\"http:\/\/www.suso-club.at\/wp-content\/uploads\/2021\/11\/Lotte-1009x1024.jpg\" alt=\"\" width=\"604\" height=\"613\" srcset=\"https:\/\/www.suso-club.at\/wp-content\/uploads\/2021\/11\/Lotte-1009x1024.jpg 1009w, https:\/\/www.suso-club.at\/wp-content\/uploads\/2021\/11\/Lotte-296x300.jpg 296w, https:\/\/www.suso-club.at\/wp-content\/uploads\/2021\/11\/Lotte-768x780.jpg 768w, https:\/\/www.suso-club.at\/wp-content\/uploads\/2021\/11\/Lotte.jpg 2000w\" sizes=\"(max-width: 604px) 100vw, 604px\" \/><figcaption id=\"caption-attachment-5669\" class=\"wp-caption-text\">Charlotte Brischnik<\/figcaption><\/figure>\n<p><em>Ich hei\u00dfe Charlotte Brischnik und wurde am 09. 02. 2007 geboren.<\/em><br \/>\n<em>Zum Orientieren bin ich durch die Familie Aigm\u00fcller gekommen, da diese mich anfangs zu einigen Trainings mitnahmen. Mittlerweile betreibe ich Orientierungslauf seit Sommer 2020 regelm\u00e4\u00dfig. Ich bin immer schon gerne gelaufen. Die Kombination aus Kartenlesen und Laufen in immerzu neuen Gebieten gef\u00e4llt mir einfach gut. Ich hoffe, dass ich in Zukunft noch an vielen weiteren OLs teilnehmen kann.<\/em><\/p>\n<p>Moritz Greiner:<br \/>\n<em>Ist aufgrund seiner Krankheit auf Abruf im Kader<\/em><\/p>\n<p>Wie sich unsere Sch\u00fctzlinge auf einen Wettkampf vorbereiten sehen sie in diesem<br \/>\n<a href=\"https:\/\/drive.google.com\/file\/d\/10wv5N7JsCS2qQKyC7HC_dZDqKMKBzht6\/view\">Kader-Video<\/a><\/p>\n","protected":false},"excerpt":{"rendered":"<p>Nach Abschluss der nationalen Saison werden vom \u00f6sterr. Verband die Kaderl\u00e4ufer nominiert. Mit Stolz bef\u00fcllen wir den Jugend bzw. Juniorenkader mit 8\u00a0Mitgliedern. Nach der Ruhe-und \u00dcbergangsphase starten unsere Aush\u00e4ngeschilder wieder mit dem Training. Wie sie zum OL gekommen sind und was sie motiviert, erfahren sie durch die\u00a0angef\u00fcgten Kurzportraits: Mein Name ist Flora Aigm\u00fcller und ich &hellip; <a href=\"https:\/\/www.suso-club.at\/de\/2021\/11\/17\/unsere-kaderlaeufer-in-ruhe\/\" class=\"more-link\"><span class=\"screen-reader-text\">Unsere Kaderl\u00e4ufer in Ruhe<\/span> weiterlesen <span class=\"meta-nav\">&rarr;<\/span><\/a><\/p>\n","protected":false},"author":8,"featured_media":5671,"comment_status":"closed","ping_status":"open","sticky":false,"template":"","format":"standard","meta":[],"categories":[1,11],"tags":[],"translation":{"provider":"WPGlobus","version":"2.12.2","language":"de","enabled_languages":["en","de"],"languages":{"en":{"title":true,"content":true,"excerpt":false},"de":{"title":false,"content":false,"excerpt":false}}},"_links":{"self":[{"href":"https:\/\/www.suso-club.at\/de\/wp-json\/wp\/v2\/posts\/5672"}],"collection":[{"href":"https:\/\/www.suso-club.at\/de\/wp-json\/wp\/v2\/posts"}],"about":[{"href":"https:\/\/www.suso-club.at\/de\/wp-json\/wp\/v2\/types\/post"}],"author":[{"embeddable":true,"href":"https:\/\/www.suso-club.at\/de\/wp-json\/wp\/v2\/users\/8"}],"replies":[{"embeddable":true,"href":"https:\/\/www.suso-club.at\/de\/wp-json\/wp\/v2\/comments?post=5672"}],"version-history":[{"count":5,"href":"https:\/\/www.suso-club.at\/de\/wp-json\/wp\/v2\/posts\/5672\/revisions"}],"predecessor-version":[{"id":5677,"href":"https:\/\/www.suso-club.at\/de\/wp-json\/wp\/v2\/posts\/5672\/revisions\/5677"}],"wp:featuredmedia":[{"embeddable":true,"href":"https:\/\/www.suso-club.at\/de\/wp-json\/wp\/v2\/media\/5671"}],"wp:attachment":[{"href":"https:\/\/www.suso-club.at\/de\/wp-json\/wp\/v2\/media?parent=5672"}],"wp:term":[{"taxonomy":"category","embeddable":true,"href":"https:\/\/www.suso-club.at\/de\/wp-json\/wp\/v2\/categories?post=5672"},{"taxonomy":"post_tag","embeddable":true,"href":"https:\/\/www.suso-club.at\/de\/wp-json\/wp\/v2\/tags?post=5672"}],"curies":[{"name":"wp","href":"https:\/\/api.w.org\/{rel}","templated":true}]}}