{"id":5755,"date":"2022-01-17T21:25:48","date_gmt":"2022-01-17T20:25:48","guid":{"rendered":"http:\/\/www.suso-club.at\/?p=5755"},"modified":"2022-01-31T11:26:10","modified_gmt":"2022-01-31T10:26:10","slug":"portugal-mit-erasmus","status":"publish","type":"post","link":"https:\/\/www.suso-club.at\/de\/2022\/01\/17\/portugal-mit-erasmus\/","title":{"rendered":"Portugal mit ERASMUS+"},"content":{"rendered":"<p>Anl\u00e4\u00dflich\u00a0eines ERASMUS+ Projektes haben unsere Top-Nachwuchsl\u00e4uferinnen vom\u00a0BG\/BRG Kirchengasse Graz die M\u00f6glichkeit sich auf die kommende Saison in Portugal vorzubereiten. Zahlreichen Trainings in Stein- und Felsgebieten, D\u00fcnenlandschaften und historischen Altst\u00e4dten stehen im Mittelpunkt.<br \/>\nAm Beginn geht es in Richtung Castelo de Vide mit seiner mittelalterlichen Burg. Dort werden gemeinsame Trainings und ein Austausch mit dem schwedischen OL-Club Malungs OK absolviert.<\/p>\n<figure id=\"attachment_5747\" aria-describedby=\"caption-attachment-5747\" style=\"width: 604px\" class=\"wp-caption alignnone\"><img decoding=\"async\" loading=\"lazy\" class=\"size-large wp-image-5747\" src=\"http:\/\/www.suso-club.at\/wp-content\/uploads\/2022\/01\/burg-castelo-de-vide-1024x682.jpeg\" alt=\"\" width=\"604\" height=\"402\" srcset=\"https:\/\/www.suso-club.at\/wp-content\/uploads\/2022\/01\/burg-castelo-de-vide-1024x682.jpeg 1024w, https:\/\/www.suso-club.at\/wp-content\/uploads\/2022\/01\/burg-castelo-de-vide-300x200.jpeg 300w, https:\/\/www.suso-club.at\/wp-content\/uploads\/2022\/01\/burg-castelo-de-vide-768x512.jpeg 768w, https:\/\/www.suso-club.at\/wp-content\/uploads\/2022\/01\/burg-castelo-de-vide.jpeg 2000w\" sizes=\"(max-width: 604px) 100vw, 604px\" \/><figcaption id=\"caption-attachment-5747\" class=\"wp-caption-text\">Burg von Castelo de Vide<\/figcaption><\/figure>\n<figure id=\"attachment_5748\" aria-describedby=\"caption-attachment-5748\" style=\"width: 604px\" class=\"wp-caption alignnone\"><img decoding=\"async\" loading=\"lazy\" class=\"size-large wp-image-5748\" src=\"http:\/\/www.suso-club.at\/wp-content\/uploads\/2022\/01\/Castelo-de-Vide-Ort-1024x683.jpeg\" alt=\"\" width=\"604\" height=\"403\" srcset=\"https:\/\/www.suso-club.at\/wp-content\/uploads\/2022\/01\/Castelo-de-Vide-Ort-1024x683.jpeg 1024w, https:\/\/www.suso-club.at\/wp-content\/uploads\/2022\/01\/Castelo-de-Vide-Ort-300x200.jpeg 300w, https:\/\/www.suso-club.at\/wp-content\/uploads\/2022\/01\/Castelo-de-Vide-Ort-768x512.jpeg 768w, https:\/\/www.suso-club.at\/wp-content\/uploads\/2022\/01\/Castelo-de-Vide-Ort.jpeg 2048w\" sizes=\"(max-width: 604px) 100vw, 604px\" \/><figcaption id=\"caption-attachment-5748\" class=\"wp-caption-text\">Altstadt de Vide<\/figcaption><\/figure>\n<figure id=\"attachment_5751\" aria-describedby=\"caption-attachment-5751\" style=\"width: 851px\" class=\"wp-caption alignnone\"><img decoding=\"async\" loading=\"lazy\" class=\"size-full wp-image-5751\" src=\"http:\/\/www.suso-club.at\/wp-content\/uploads\/2022\/01\/Steinlandschaft.png\" alt=\"\" width=\"851\" height=\"544\" srcset=\"https:\/\/www.suso-club.at\/wp-content\/uploads\/2022\/01\/Steinlandschaft.png 851w, https:\/\/www.suso-club.at\/wp-content\/uploads\/2022\/01\/Steinlandschaft-300x192.png 300w, https:\/\/www.suso-club.at\/wp-content\/uploads\/2022\/01\/Steinlandschaft-768x491.png 768w\" sizes=\"(max-width: 851px) 100vw, 851px\" \/><figcaption id=\"caption-attachment-5751\" class=\"wp-caption-text\">Steinlandschaften<\/figcaption><\/figure>\n<p>Nach den ersten Tagen im Landesinneren geht es anschlie\u00dfend an die K\u00fcste an die Praia do Pared\u00e3o Barra, 60km s\u00fcdl. von Porto.<\/p>\n<figure id=\"attachment_5750\" aria-describedby=\"caption-attachment-5750\" style=\"width: 604px\" class=\"wp-caption alignnone\"><img decoding=\"async\" loading=\"lazy\" class=\"size-large wp-image-5750\" src=\"http:\/\/www.suso-club.at\/wp-content\/uploads\/2022\/01\/Barra-Beach-1024x576.jpeg\" alt=\"\" width=\"604\" height=\"340\" srcset=\"https:\/\/www.suso-club.at\/wp-content\/uploads\/2022\/01\/Barra-Beach-1024x576.jpeg 1024w, https:\/\/www.suso-club.at\/wp-content\/uploads\/2022\/01\/Barra-Beach-300x169.jpeg 300w, https:\/\/www.suso-club.at\/wp-content\/uploads\/2022\/01\/Barra-Beach-768x432.jpeg 768w, https:\/\/www.suso-club.at\/wp-content\/uploads\/2022\/01\/Barra-Beach.jpeg 1280w\" sizes=\"(max-width: 604px) 100vw, 604px\" \/><figcaption id=\"caption-attachment-5750\" class=\"wp-caption-text\">Barra Beach<\/figcaption><\/figure>\n<figure id=\"attachment_5745\" aria-describedby=\"caption-attachment-5745\" style=\"width: 604px\" class=\"wp-caption alignnone\"><img decoding=\"async\" loading=\"lazy\" class=\"size-large wp-image-5745\" src=\"http:\/\/www.suso-club.at\/wp-content\/uploads\/2022\/01\/Barra-K\u00fcste-1024x683.jpeg\" alt=\"\" width=\"604\" height=\"403\" srcset=\"https:\/\/www.suso-club.at\/wp-content\/uploads\/2022\/01\/Barra-K\u00fcste.jpeg 1024w, https:\/\/www.suso-club.at\/wp-content\/uploads\/2022\/01\/Barra-K\u00fcste-300x200.jpeg 300w, https:\/\/www.suso-club.at\/wp-content\/uploads\/2022\/01\/Barra-K\u00fcste-768x512.jpeg 768w\" sizes=\"(max-width: 604px) 100vw, 604px\" \/><figcaption id=\"caption-attachment-5745\" class=\"wp-caption-text\">K\u00fcste Costa Nova<\/figcaption><\/figure>\n<p>An diesem Ort stehen in erster Linie Trainings in D\u00fcnenlandschaften am Programm. Aber auch ein Ausflug ins Felsengebiet von Aguira de Beira ist Pflicht.<\/p>\n<figure id=\"attachment_5760\" aria-describedby=\"caption-attachment-5760\" style=\"width: 1000px\" class=\"wp-caption alignnone\"><img decoding=\"async\" loading=\"lazy\" class=\"size-full wp-image-5760\" src=\"http:\/\/www.suso-club.at\/wp-content\/uploads\/2022\/01\/D\u00fcnen-Gebiet.png\" alt=\"\" width=\"1000\" height=\"683\" srcset=\"https:\/\/www.suso-club.at\/wp-content\/uploads\/2022\/01\/D\u00fcnen-Gebiet.png 1000w, https:\/\/www.suso-club.at\/wp-content\/uploads\/2022\/01\/D\u00fcnen-Gebiet-300x205.png 300w, https:\/\/www.suso-club.at\/wp-content\/uploads\/2022\/01\/D\u00fcnen-Gebiet-768x525.png 768w\" sizes=\"(max-width: 1000px) 100vw, 1000px\" \/><figcaption id=\"caption-attachment-5760\" class=\"wp-caption-text\">D\u00fcnen von Vagos<\/figcaption><\/figure>\n<figure id=\"attachment_5761\" aria-describedby=\"caption-attachment-5761\" style=\"width: 1000px\" class=\"wp-caption alignnone\"><img decoding=\"async\" loading=\"lazy\" class=\"size-full wp-image-5761\" src=\"http:\/\/www.suso-club.at\/wp-content\/uploads\/2022\/01\/Felsen-Gebiet.png\" alt=\"\" width=\"1000\" height=\"692\" srcset=\"https:\/\/www.suso-club.at\/wp-content\/uploads\/2022\/01\/Felsen-Gebiet.png 1000w, https:\/\/www.suso-club.at\/wp-content\/uploads\/2022\/01\/Felsen-Gebiet-300x208.png 300w, https:\/\/www.suso-club.at\/wp-content\/uploads\/2022\/01\/Felsen-Gebiet-768x531.png 768w\" sizes=\"(max-width: 1000px) 100vw, 1000px\" \/><figcaption id=\"caption-attachment-5761\" class=\"wp-caption-text\">Felsen bei Aguira da Beira<\/figcaption><\/figure>\n<p>Zum Abschluss geht es nach Lissabon, wo neben Sprinttrainings auch ein Treffen\u00a0mit Jugendlichen des \u00f6rtlichen Vereins organisiert ist.<\/p>\n<figure id=\"attachment_5749\" aria-describedby=\"caption-attachment-5749\" style=\"width: 604px\" class=\"wp-caption alignnone\"><img decoding=\"async\" loading=\"lazy\" class=\"size-large wp-image-5749\" src=\"http:\/\/www.suso-club.at\/wp-content\/uploads\/2022\/01\/Lissabon-Ausblick-ueber-die-Stadt-iStock-467824014-1024x636.jpeg\" alt=\"\" width=\"604\" height=\"375\" srcset=\"https:\/\/www.suso-club.at\/wp-content\/uploads\/2022\/01\/Lissabon-Ausblick-ueber-die-Stadt-iStock-467824014-1024x636.jpeg 1024w, https:\/\/www.suso-club.at\/wp-content\/uploads\/2022\/01\/Lissabon-Ausblick-ueber-die-Stadt-iStock-467824014-300x186.jpeg 300w, https:\/\/www.suso-club.at\/wp-content\/uploads\/2022\/01\/Lissabon-Ausblick-ueber-die-Stadt-iStock-467824014-768x477.jpeg 768w\" sizes=\"(max-width: 604px) 100vw, 604px\" \/><figcaption id=\"caption-attachment-5749\" class=\"wp-caption-text\">Lissabon, Altstadt mit Burg<\/figcaption><\/figure>\n<figure id=\"attachment_5746\" aria-describedby=\"caption-attachment-5746\" style=\"width: 700px\" class=\"wp-caption alignnone\"><img decoding=\"async\" loading=\"lazy\" class=\"size-full wp-image-5746\" src=\"http:\/\/www.suso-club.at\/wp-content\/uploads\/2022\/01\/Lissabon-Tram.png\" alt=\"\" width=\"700\" height=\"394\" srcset=\"https:\/\/www.suso-club.at\/wp-content\/uploads\/2022\/01\/Lissabon-Tram.png 700w, https:\/\/www.suso-club.at\/wp-content\/uploads\/2022\/01\/Lissabon-Tram-300x169.png 300w\" sizes=\"(max-width: 700px) 100vw, 700px\" \/><figcaption id=\"caption-attachment-5746\" class=\"wp-caption-text\">Die typischen Trams von Lissabon<\/figcaption><\/figure>\n<p>Das Portugal-Team:<br \/>\nCamilla und Flora Aigm\u00fcller, Eva und Theri Monsberger, Martina Scheidl\u00a0und Hannah Winkler.<br \/>\nEin unvergessliches Erlebnis wartet.\u00a0Hoffentlich l\u00e4sst es COVID zu!<\/p>\n","protected":false},"excerpt":{"rendered":"<p>Anl\u00e4\u00dflich\u00a0eines ERASMUS+ Projektes haben unsere Top-Nachwuchsl\u00e4uferinnen vom\u00a0BG\/BRG Kirchengasse Graz die M\u00f6glichkeit sich auf die kommende Saison in Portugal vorzubereiten. Zahlreichen Trainings in Stein- und Felsgebieten, D\u00fcnenlandschaften und historischen Altst\u00e4dten stehen im Mittelpunkt. Am Beginn geht es in Richtung Castelo de Vide mit seiner mittelalterlichen Burg. Dort werden gemeinsame Trainings und ein Austausch mit dem schwedischen &hellip; <a href=\"https:\/\/www.suso-club.at\/de\/2022\/01\/17\/portugal-mit-erasmus\/\" class=\"more-link\"><span class=\"screen-reader-text\">Portugal mit ERASMUS+<\/span> weiterlesen <span class=\"meta-nav\">&rarr;<\/span><\/a><\/p>\n","protected":false},"author":8,"featured_media":5754,"comment_status":"closed","ping_status":"open","sticky":false,"template":"","format":"standard","meta":[],"categories":[1,11],"tags":[],"translation":{"provider":"WPGlobus","version":"2.12.2","language":"de","enabled_languages":["en","de"],"languages":{"en":{"title":true,"content":true,"excerpt":false},"de":{"title":false,"content":false,"excerpt":false}}},"_links":{"self":[{"href":"https:\/\/www.suso-club.at\/de\/wp-json\/wp\/v2\/posts\/5755"}],"collection":[{"href":"https:\/\/www.suso-club.at\/de\/wp-json\/wp\/v2\/posts"}],"about":[{"href":"https:\/\/www.suso-club.at\/de\/wp-json\/wp\/v2\/types\/post"}],"author":[{"embeddable":true,"href":"https:\/\/www.suso-club.at\/de\/wp-json\/wp\/v2\/users\/8"}],"replies":[{"embeddable":true,"href":"https:\/\/www.suso-club.at\/de\/wp-json\/wp\/v2\/comments?post=5755"}],"version-history":[{"count":12,"href":"https:\/\/www.suso-club.at\/de\/wp-json\/wp\/v2\/posts\/5755\/revisions"}],"predecessor-version":[{"id":5783,"href":"https:\/\/www.suso-club.at\/de\/wp-json\/wp\/v2\/posts\/5755\/revisions\/5783"}],"wp:featuredmedia":[{"embeddable":true,"href":"https:\/\/www.suso-club.at\/de\/wp-json\/wp\/v2\/media\/5754"}],"wp:attachment":[{"href":"https:\/\/www.suso-club.at\/de\/wp-json\/wp\/v2\/media?parent=5755"}],"wp:term":[{"taxonomy":"category","embeddable":true,"href":"https:\/\/www.suso-club.at\/de\/wp-json\/wp\/v2\/categories?post=5755"},{"taxonomy":"post_tag","embeddable":true,"href":"https:\/\/www.suso-club.at\/de\/wp-json\/wp\/v2\/tags?post=5755"}],"curies":[{"name":"wp","href":"https:\/\/api.w.org\/{rel}","templated":true}]}}