{"id":5805,"date":"2022-03-05T13:49:12","date_gmt":"2022-03-05T12:49:12","guid":{"rendered":"http:\/\/www.suso-club.at\/?p=5805"},"modified":"2022-03-06T10:44:29","modified_gmt":"2022-03-06T09:44:29","slug":"mit-erasmus-nach-portugal","status":"publish","type":"post","link":"https:\/\/www.suso-club.at\/de\/2022\/03\/05\/mit-erasmus-nach-portugal\/","title":{"rendered":"Mit ERASMUS+ nach Portugal"},"content":{"rendered":"<p>Im Rahmen eines ERASMUS+ Projektes, durch die Unterst\u00fctzung des Konsortiums EE STYRIA 22, hatten 6 unserer SUSO L\u00e4uferinnen und BGBRG Kirchengasse Sch\u00fclerinnen die Gelegenheit nach Portugal zu fliegen. Das Motto lautete St\u00e4rken st\u00e4rken, physische und psychische Gesundheit sowie kultureller Austausch.<br \/>\nCamilla und Flora Aigm\u00fcller, Eva und Theresa Monsberger, Martina Scheidl und Hannah Winkler traten gemeinsam mit den Betreuern Gerhild und Hannes Pacher die Reise an.<\/p>\n<figure id=\"attachment_5801\" aria-describedby=\"caption-attachment-5801\" style=\"width: 604px\" class=\"wp-caption alignnone\"><img decoding=\"async\" loading=\"lazy\" class=\"size-large wp-image-5801\" src=\"http:\/\/www.suso-club.at\/wp-content\/uploads\/2022\/03\/Porto-16-Kopie-1024x679.jpg\" alt=\"\" width=\"604\" height=\"401\" srcset=\"https:\/\/www.suso-club.at\/wp-content\/uploads\/2022\/03\/Porto-16-Kopie-1024x679.jpg 1024w, https:\/\/www.suso-club.at\/wp-content\/uploads\/2022\/03\/Porto-16-Kopie-300x199.jpg 300w, https:\/\/www.suso-club.at\/wp-content\/uploads\/2022\/03\/Porto-16-Kopie-768x509.jpg 768w\" sizes=\"(max-width: 604px) 100vw, 604px\" \/><figcaption id=\"caption-attachment-5801\" class=\"wp-caption-text\">Unsere M\u00e4dchen in Porto<\/figcaption><\/figure>\n<p>Bereits am Beginn hatten sie in der Umgebung von Castelo de Vide in Alentejo Gelegenheit mit verschiedenen Trainingsgruppen (Polisportivo Bologna, OK Malungs, Svensk O-Finnland) zusammenzutreffen und \u00fcber die unterschiedlichen Sportf\u00f6rderungen sowie Trainingsphilosophien in den einzelnen L\u00e4ndern zu sprechen. Zudem gab es, Dank des unerm\u00fcdlichen Einsatzes von Directora Ana Paula Travassos, einen intensiven Austausch mit den Sch\u00fcler*innen des Gymnasiums in C. de Vide \u00fcber die Schulsysteme beider L\u00e4nder.<\/p>\n<figure id=\"attachment_5795\" aria-describedby=\"caption-attachment-5795\" style=\"width: 604px\" class=\"wp-caption alignnone\"><img decoding=\"async\" loading=\"lazy\" class=\"size-large wp-image-5795\" src=\"http:\/\/www.suso-club.at\/wp-content\/uploads\/2022\/03\/Clubs5-1024x733.jpg\" alt=\"\" width=\"604\" height=\"432\" srcset=\"https:\/\/www.suso-club.at\/wp-content\/uploads\/2022\/03\/Clubs5-1024x733.jpg 1024w, https:\/\/www.suso-club.at\/wp-content\/uploads\/2022\/03\/Clubs5-300x215.jpg 300w, https:\/\/www.suso-club.at\/wp-content\/uploads\/2022\/03\/Clubs5-768x550.jpg 768w\" sizes=\"(max-width: 604px) 100vw, 604px\" \/><figcaption id=\"caption-attachment-5795\" class=\"wp-caption-text\">Die &#8222;schwedischen&#8220; Finnen<\/figcaption><\/figure>\n<figure id=\"attachment_5793\" aria-describedby=\"caption-attachment-5793\" style=\"width: 604px\" class=\"wp-caption alignnone\"><img decoding=\"async\" loading=\"lazy\" class=\"size-large wp-image-5793\" src=\"http:\/\/www.suso-club.at\/wp-content\/uploads\/2022\/03\/Clubs9-1024x768.jpg\" alt=\"\" width=\"604\" height=\"453\" srcset=\"https:\/\/www.suso-club.at\/wp-content\/uploads\/2022\/03\/Clubs9-1024x768.jpg 1024w, https:\/\/www.suso-club.at\/wp-content\/uploads\/2022\/03\/Clubs9-300x225.jpg 300w, https:\/\/www.suso-club.at\/wp-content\/uploads\/2022\/03\/Clubs9-768x576.jpg 768w\" sizes=\"(max-width: 604px) 100vw, 604px\" \/><figcaption id=\"caption-attachment-5793\" class=\"wp-caption-text\">Besprechung mit OK Malungs<\/figcaption><\/figure>\n<figure id=\"attachment_5796\" aria-describedby=\"caption-attachment-5796\" style=\"width: 604px\" class=\"wp-caption alignnone\"><img decoding=\"async\" loading=\"lazy\" class=\"size-large wp-image-5796\" src=\"http:\/\/www.suso-club.at\/wp-content\/uploads\/2022\/03\/Schule-17-Kopie-1024x596.jpg\" alt=\"\" width=\"604\" height=\"352\" srcset=\"https:\/\/www.suso-club.at\/wp-content\/uploads\/2022\/03\/Schule-17-Kopie-1024x596.jpg 1024w, https:\/\/www.suso-club.at\/wp-content\/uploads\/2022\/03\/Schule-17-Kopie-300x175.jpg 300w, https:\/\/www.suso-club.at\/wp-content\/uploads\/2022\/03\/Schule-17-Kopie-768x447.jpg 768w\" sizes=\"(max-width: 604px) 100vw, 604px\" \/><figcaption id=\"caption-attachment-5796\" class=\"wp-caption-text\">Gemeinsames Training und Gespr\u00e4che mit der Schule in C.de Vide<\/figcaption><\/figure>\n<p>Nat\u00fcrlich stand jedoch in erster Linie das Orientierungslauf-Training in sehr selektiven Gebieten im Vordergrund.<br \/>\nUm C. de Vide orientierten die Sportler*innen\/Oder Nachwuchsl\u00e4ufer*innen zwischen unz\u00e4hligen Granitbl\u00f6cken auf Weidelandschaften und bei einem Sprint in der Burgfestungsstadt Marv\u0101o.<\/p>\n<figure id=\"attachment_5794\" aria-describedby=\"caption-attachment-5794\" style=\"width: 604px\" class=\"wp-caption alignnone\"><img decoding=\"async\" loading=\"lazy\" class=\"size-large wp-image-5794\" src=\"http:\/\/www.suso-club.at\/wp-content\/uploads\/2022\/03\/TR1-Marvao-4-Kopie-1024x663.jpg\" alt=\"\" width=\"604\" height=\"391\" srcset=\"https:\/\/www.suso-club.at\/wp-content\/uploads\/2022\/03\/TR1-Marvao-4-Kopie-1024x663.jpg 1024w, https:\/\/www.suso-club.at\/wp-content\/uploads\/2022\/03\/TR1-Marvao-4-Kopie-300x194.jpg 300w, https:\/\/www.suso-club.at\/wp-content\/uploads\/2022\/03\/TR1-Marvao-4-Kopie-768x497.jpg 768w\" sizes=\"(max-width: 604px) 100vw, 604px\" \/><figcaption id=\"caption-attachment-5794\" class=\"wp-caption-text\">Burgort Marv\u0101o<\/figcaption><\/figure>\n<figure id=\"attachment_5792\" aria-describedby=\"caption-attachment-5792\" style=\"width: 604px\" class=\"wp-caption alignnone\"><img decoding=\"async\" loading=\"lazy\" class=\"size-large wp-image-5792\" src=\"http:\/\/www.suso-club.at\/wp-content\/uploads\/2022\/03\/IMG_2196-1024x768.jpg\" alt=\"\" width=\"604\" height=\"453\" srcset=\"https:\/\/www.suso-club.at\/wp-content\/uploads\/2022\/03\/IMG_2196-1024x768.jpg 1024w, https:\/\/www.suso-club.at\/wp-content\/uploads\/2022\/03\/IMG_2196-300x225.jpg 300w, https:\/\/www.suso-club.at\/wp-content\/uploads\/2022\/03\/IMG_2196-768x576.jpg 768w\" sizes=\"(max-width: 604px) 100vw, 604px\" \/><figcaption id=\"caption-attachment-5792\" class=\"wp-caption-text\">Unterwegs im Granitblockwirrwar<\/figcaption><\/figure>\n<p>Nach drei harten Trainingstagen \u00fcbersiedelte das Team an die K\u00fcste nach Praia de Barra, wo sich auch der h\u00f6chste Leuchtturm des Landes Portugal befindet. Auf der Fahrt\u00a0wurde noch die \u00e4lteste Universit\u00e4t in Coimbra besichtigt.<\/p>\n<figure id=\"attachment_5800\" aria-describedby=\"caption-attachment-5800\" style=\"width: 604px\" class=\"wp-caption alignnone\"><img decoding=\"async\" loading=\"lazy\" class=\"size-large wp-image-5800\" src=\"http:\/\/www.suso-club.at\/wp-content\/uploads\/2022\/03\/Leuchtturm-2-1024x768.jpg\" alt=\"\" width=\"604\" height=\"453\" srcset=\"https:\/\/www.suso-club.at\/wp-content\/uploads\/2022\/03\/Leuchtturm-2-1024x768.jpg 1024w, https:\/\/www.suso-club.at\/wp-content\/uploads\/2022\/03\/Leuchtturm-2-300x225.jpg 300w, https:\/\/www.suso-club.at\/wp-content\/uploads\/2022\/03\/Leuchtturm-2-768x576.jpg 768w\" sizes=\"(max-width: 604px) 100vw, 604px\" \/><figcaption id=\"caption-attachment-5800\" class=\"wp-caption-text\">Der Leuchtturm (Farol) de Barra<\/figcaption><\/figure>\n<p>Anschlie\u00dfend folgten ein Training in D\u00fcnenw\u00e4ldern, ein 2 Std.-Ausflug zu den Gebieten der Junioren-WM 2023 und ein Ausflug nach Porto.<\/p>\n<figure id=\"attachment_5797\" aria-describedby=\"caption-attachment-5797\" style=\"width: 604px\" class=\"wp-caption alignnone\"><img decoding=\"async\" loading=\"lazy\" class=\"size-large wp-image-5797\" src=\"http:\/\/www.suso-club.at\/wp-content\/uploads\/2022\/03\/Tr-Agreia-5-Kopie-1024x692.jpg\" alt=\"\" width=\"604\" height=\"408\" srcset=\"https:\/\/www.suso-club.at\/wp-content\/uploads\/2022\/03\/Tr-Agreia-5-Kopie-1024x692.jpg 1024w, https:\/\/www.suso-club.at\/wp-content\/uploads\/2022\/03\/Tr-Agreia-5-Kopie-300x203.jpg 300w, https:\/\/www.suso-club.at\/wp-content\/uploads\/2022\/03\/Tr-Agreia-5-Kopie-768x519.jpg 768w\" sizes=\"(max-width: 604px) 100vw, 604px\" \/><figcaption id=\"caption-attachment-5797\" class=\"wp-caption-text\">Belastbare Felsplatten im Gebiet der JWOC 22<\/figcaption><\/figure>\n<figure id=\"attachment_5811\" aria-describedby=\"caption-attachment-5811\" style=\"width: 604px\" class=\"wp-caption alignnone\"><img decoding=\"async\" loading=\"lazy\" class=\"size-large wp-image-5811\" src=\"http:\/\/www.suso-club.at\/wp-content\/uploads\/2022\/03\/Tr-Agreia-12-Karte-1024x852.jpg\" alt=\"\" width=\"604\" height=\"503\" srcset=\"https:\/\/www.suso-club.at\/wp-content\/uploads\/2022\/03\/Tr-Agreia-12-Karte-1024x852.jpg 1024w, https:\/\/www.suso-club.at\/wp-content\/uploads\/2022\/03\/Tr-Agreia-12-Karte-300x250.jpg 300w, https:\/\/www.suso-club.at\/wp-content\/uploads\/2022\/03\/Tr-Agreia-12-Karte-768x639.jpg 768w\" sizes=\"(max-width: 604px) 100vw, 604px\" \/><figcaption id=\"caption-attachment-5811\" class=\"wp-caption-text\">Extrem anspruchsvolles Gel\u00e4nde<\/figcaption><\/figure>\n<p>Am letzten Wochenende wartete schlie\u00dflich das Highlight der Reise. Bei den beiden Wettk\u00e4mpfen in den D\u00fcnen von Vagos bzw. Mira trafen unsere Damen den amtierenden Weltmeister Kaspar Fosser aus Norwegen.<\/p>\n<figure id=\"attachment_5798\" aria-describedby=\"caption-attachment-5798\" style=\"width: 604px\" class=\"wp-caption alignnone\"><img decoding=\"async\" loading=\"lazy\" class=\"size-large wp-image-5798\" src=\"http:\/\/www.suso-club.at\/wp-content\/uploads\/2022\/03\/Fosser-girls-1024x768.jpg\" alt=\"\" width=\"604\" height=\"453\" srcset=\"https:\/\/www.suso-club.at\/wp-content\/uploads\/2022\/03\/Fosser-girls-1024x768.jpg 1024w, https:\/\/www.suso-club.at\/wp-content\/uploads\/2022\/03\/Fosser-girls-300x225.jpg 300w, https:\/\/www.suso-club.at\/wp-content\/uploads\/2022\/03\/Fosser-girls-768x576.jpg 768w\" sizes=\"(max-width: 604px) 100vw, 604px\" \/><figcaption id=\"caption-attachment-5798\" class=\"wp-caption-text\">Weltmeister Kaspar Fosser mit unseren M\u00e4dls<\/figcaption><\/figure>\n<figure id=\"attachment_5799\" aria-describedby=\"caption-attachment-5799\" style=\"width: 604px\" class=\"wp-caption alignnone\"><img decoding=\"async\" loading=\"lazy\" class=\"size-large wp-image-5799\" src=\"http:\/\/www.suso-club.at\/wp-content\/uploads\/2022\/03\/Karte-6-707x1024.jpg\" alt=\"\" width=\"604\" height=\"875\" srcset=\"https:\/\/www.suso-club.at\/wp-content\/uploads\/2022\/03\/Karte-6-707x1024.jpg 707w, https:\/\/www.suso-club.at\/wp-content\/uploads\/2022\/03\/Karte-6-207x300.jpg 207w, https:\/\/www.suso-club.at\/wp-content\/uploads\/2022\/03\/Karte-6-768x1113.jpg 768w, https:\/\/www.suso-club.at\/wp-content\/uploads\/2022\/03\/Karte-6.jpg 1104w\" sizes=\"(max-width: 604px) 100vw, 604px\" \/><figcaption id=\"caption-attachment-5799\" class=\"wp-caption-text\">Wettkampf &#8222;gegen&#8220; den Weltmeister in den D\u00fcnen<\/figcaption><\/figure>\n<p>Eine Sightseeing-Tour durch Lissabon \u00a0beendete f\u00fcr alle eine lehr- und erlebnisreiche\u00a010-t\u00e4gige Reise.<\/p>\n<figure id=\"attachment_5804\" aria-describedby=\"caption-attachment-5804\" style=\"width: 604px\" class=\"wp-caption alignnone\"><img decoding=\"async\" loading=\"lazy\" class=\"size-large wp-image-5804\" src=\"http:\/\/www.suso-club.at\/wp-content\/uploads\/2022\/03\/Lissabon-33-1024x768.jpg\" alt=\"\" width=\"604\" height=\"453\" srcset=\"https:\/\/www.suso-club.at\/wp-content\/uploads\/2022\/03\/Lissabon-33-1024x768.jpg 1024w, https:\/\/www.suso-club.at\/wp-content\/uploads\/2022\/03\/Lissabon-33-300x225.jpg 300w, https:\/\/www.suso-club.at\/wp-content\/uploads\/2022\/03\/Lissabon-33-768x576.jpg 768w\" sizes=\"(max-width: 604px) 100vw, 604px\" \/><figcaption id=\"caption-attachment-5804\" class=\"wp-caption-text\">Vom Castelo S.Jorge der Blick \u00fcber Lissabon<\/figcaption><\/figure>\n<figure id=\"attachment_5803\" aria-describedby=\"caption-attachment-5803\" style=\"width: 604px\" class=\"wp-caption alignnone\"><img decoding=\"async\" loading=\"lazy\" class=\"size-large wp-image-5803\" src=\"http:\/\/www.suso-club.at\/wp-content\/uploads\/2022\/03\/Lissabon-20-1024x768.jpg\" alt=\"\" width=\"604\" height=\"453\" srcset=\"https:\/\/www.suso-club.at\/wp-content\/uploads\/2022\/03\/Lissabon-20-1024x768.jpg 1024w, https:\/\/www.suso-club.at\/wp-content\/uploads\/2022\/03\/Lissabon-20-300x225.jpg 300w, https:\/\/www.suso-club.at\/wp-content\/uploads\/2022\/03\/Lissabon-20-768x576.jpg 768w\" sizes=\"(max-width: 604px) 100vw, 604px\" \/><figcaption id=\"caption-attachment-5803\" class=\"wp-caption-text\">Unser Motto: Find Your Own Way<\/figcaption><\/figure>\n<p>Der Dank gilt Dir. Daniela Kober, sowie den ERASMUS-Betreuern Maria Pichlbauer und Peter Rindler.<\/p>\n","protected":false},"excerpt":{"rendered":"<p>Im Rahmen eines ERASMUS+ Projektes, durch die Unterst\u00fctzung des Konsortiums EE STYRIA 22, hatten 6 unserer SUSO L\u00e4uferinnen und BGBRG Kirchengasse Sch\u00fclerinnen die Gelegenheit nach Portugal zu fliegen. Das Motto lautete St\u00e4rken st\u00e4rken, physische und psychische Gesundheit sowie kultureller Austausch. Camilla und Flora Aigm\u00fcller, Eva und Theresa Monsberger, Martina Scheidl und Hannah Winkler traten gemeinsam &hellip; <a href=\"https:\/\/www.suso-club.at\/de\/2022\/03\/05\/mit-erasmus-nach-portugal\/\" class=\"more-link\"><span class=\"screen-reader-text\">Mit ERASMUS+ nach Portugal<\/span> weiterlesen <span class=\"meta-nav\">&rarr;<\/span><\/a><\/p>\n","protected":false},"author":8,"featured_media":5802,"comment_status":"closed","ping_status":"open","sticky":false,"template":"","format":"standard","meta":[],"categories":[1,11],"tags":[],"translation":{"provider":"WPGlobus","version":"2.12.2","language":"de","enabled_languages":["en","de"],"languages":{"en":{"title":true,"content":true,"excerpt":false},"de":{"title":false,"content":false,"excerpt":false}}},"_links":{"self":[{"href":"https:\/\/www.suso-club.at\/de\/wp-json\/wp\/v2\/posts\/5805"}],"collection":[{"href":"https:\/\/www.suso-club.at\/de\/wp-json\/wp\/v2\/posts"}],"about":[{"href":"https:\/\/www.suso-club.at\/de\/wp-json\/wp\/v2\/types\/post"}],"author":[{"embeddable":true,"href":"https:\/\/www.suso-club.at\/de\/wp-json\/wp\/v2\/users\/8"}],"replies":[{"embeddable":true,"href":"https:\/\/www.suso-club.at\/de\/wp-json\/wp\/v2\/comments?post=5805"}],"version-history":[{"count":7,"href":"https:\/\/www.suso-club.at\/de\/wp-json\/wp\/v2\/posts\/5805\/revisions"}],"predecessor-version":[{"id":5820,"href":"https:\/\/www.suso-club.at\/de\/wp-json\/wp\/v2\/posts\/5805\/revisions\/5820"}],"wp:featuredmedia":[{"embeddable":true,"href":"https:\/\/www.suso-club.at\/de\/wp-json\/wp\/v2\/media\/5802"}],"wp:attachment":[{"href":"https:\/\/www.suso-club.at\/de\/wp-json\/wp\/v2\/media?parent=5805"}],"wp:term":[{"taxonomy":"category","embeddable":true,"href":"https:\/\/www.suso-club.at\/de\/wp-json\/wp\/v2\/categories?post=5805"},{"taxonomy":"post_tag","embeddable":true,"href":"https:\/\/www.suso-club.at\/de\/wp-json\/wp\/v2\/tags?post=5805"}],"curies":[{"name":"wp","href":"https:\/\/api.w.org\/{rel}","templated":true}]}}