{"id":5817,"date":"2022-03-05T14:10:40","date_gmt":"2022-03-05T13:10:40","guid":{"rendered":"http:\/\/www.suso-club.at\/?p=5817"},"modified":"2022-03-11T14:15:10","modified_gmt":"2022-03-11T13:15:10","slug":"neuer-suso-vorstand","status":"publish","type":"post","link":"https:\/\/www.suso-club.at\/de\/2022\/03\/05\/neuer-suso-vorstand\/","title":{"rendered":"Neuer SUSO-Vorstand"},"content":{"rendered":"<p>Bei der Generalversammlung der Sportunion Sch\u00f6ckl Orienteering (SUSO) wurde am 3.3.2022 ein neuer Vorstand gew\u00e4hlt. \u00a0Zum neuen Pr\u00e4sident wurde Carsten Fink gew\u00e4hlt, der damit Rainer Kund\u00f6rfer, der 8 Jahre die Geschicke und Entwicklung des Vereins steuerte, abl\u00f6st. Neu im Team von SUSO auch der ehemalige Spitzenl\u00e4ufer Martin Brantner, der Sandro Schacher als Verantwortlicher f\u00fcr Jugend und Leistung abl\u00f6st.<br \/>\nDie anderen Mitglieder bleiben weiterhin am Bord, um die n\u00e4chsten Herausforderungen anzugehen.<\/p>\n<figure id=\"attachment_5814\" aria-describedby=\"caption-attachment-5814\" style=\"width: 604px\" class=\"wp-caption alignnone\"><img decoding=\"async\" loading=\"lazy\" class=\"size-large wp-image-5814\" src=\"http:\/\/www.suso-club.at\/wp-content\/uploads\/2022\/03\/Rainer-Kund\u00f6rfer-1024x683.jpg\" alt=\"\" width=\"604\" height=\"403\" srcset=\"https:\/\/www.suso-club.at\/wp-content\/uploads\/2022\/03\/Rainer-Kund\u00f6rfer-1024x683.jpg 1024w, https:\/\/www.suso-club.at\/wp-content\/uploads\/2022\/03\/Rainer-Kund\u00f6rfer-300x200.jpg 300w, https:\/\/www.suso-club.at\/wp-content\/uploads\/2022\/03\/Rainer-Kund\u00f6rfer-768x512.jpg 768w\" sizes=\"(max-width: 604px) 100vw, 604px\" \/><figcaption id=\"caption-attachment-5814\" class=\"wp-caption-text\">Ex-Pr\u00e4sident Rainer Kund\u00f6rfer<\/figcaption><\/figure>\n<figure id=\"attachment_5815\" aria-describedby=\"caption-attachment-5815\" style=\"width: 604px\" class=\"wp-caption alignnone\"><img decoding=\"async\" loading=\"lazy\" class=\"size-large wp-image-5815\" src=\"http:\/\/www.suso-club.at\/wp-content\/uploads\/2022\/03\/2021_WMOC-4-Brantner_Pacher-1024x700.jpeg\" alt=\"\" width=\"604\" height=\"413\" srcset=\"https:\/\/www.suso-club.at\/wp-content\/uploads\/2022\/03\/2021_WMOC-4-Brantner_Pacher-1024x700.jpeg 1024w, https:\/\/www.suso-club.at\/wp-content\/uploads\/2022\/03\/2021_WMOC-4-Brantner_Pacher-300x205.jpeg 300w, https:\/\/www.suso-club.at\/wp-content\/uploads\/2022\/03\/2021_WMOC-4-Brantner_Pacher-768x525.jpeg 768w\" sizes=\"(max-width: 604px) 100vw, 604px\" \/><figcaption id=\"caption-attachment-5815\" class=\"wp-caption-text\">Martin Brantner mit Obmann Hannes Pacher<\/figcaption><\/figure>\n<figure id=\"attachment_5834\" aria-describedby=\"caption-attachment-5834\" style=\"width: 604px\" class=\"wp-caption alignnone\"><img decoding=\"async\" loading=\"lazy\" class=\"size-large wp-image-5834\" src=\"http:\/\/www.suso-club.at\/wp-content\/uploads\/2022\/03\/21_SUSO-OTreff-25-Kopie-1024x734.jpg\" alt=\"\" width=\"604\" height=\"433\" srcset=\"https:\/\/www.suso-club.at\/wp-content\/uploads\/2022\/03\/21_SUSO-OTreff-25-Kopie-1024x734.jpg 1024w, https:\/\/www.suso-club.at\/wp-content\/uploads\/2022\/03\/21_SUSO-OTreff-25-Kopie-300x215.jpg 300w, https:\/\/www.suso-club.at\/wp-content\/uploads\/2022\/03\/21_SUSO-OTreff-25-Kopie-768x550.jpg 768w\" sizes=\"(max-width: 604px) 100vw, 604px\" \/><figcaption id=\"caption-attachment-5834\" class=\"wp-caption-text\">Neo-Pr\u00e4sident Carsten Fink mit Doris Nesitka<\/figcaption><\/figure>\n","protected":false},"excerpt":{"rendered":"<p>Bei der Generalversammlung der Sportunion Sch\u00f6ckl Orienteering (SUSO) wurde am 3.3.2022 ein neuer Vorstand gew\u00e4hlt. \u00a0Zum neuen Pr\u00e4sident wurde Carsten Fink gew\u00e4hlt, der damit Rainer Kund\u00f6rfer, der 8 Jahre die Geschicke und Entwicklung des Vereins steuerte, abl\u00f6st. Neu im Team von SUSO auch der ehemalige Spitzenl\u00e4ufer Martin Brantner, der Sandro Schacher als Verantwortlicher f\u00fcr Jugend &hellip; <a href=\"https:\/\/www.suso-club.at\/de\/2022\/03\/05\/neuer-suso-vorstand\/\" class=\"more-link\"><span class=\"screen-reader-text\">Neuer SUSO-Vorstand<\/span> weiterlesen <span class=\"meta-nav\">&rarr;<\/span><\/a><\/p>\n","protected":false},"author":8,"featured_media":5836,"comment_status":"closed","ping_status":"open","sticky":false,"template":"","format":"standard","meta":[],"categories":[1],"tags":[],"translation":{"provider":"WPGlobus","version":"2.12.2","language":"de","enabled_languages":["en","de"],"languages":{"en":{"title":true,"content":true,"excerpt":false},"de":{"title":false,"content":false,"excerpt":false}}},"_links":{"self":[{"href":"https:\/\/www.suso-club.at\/de\/wp-json\/wp\/v2\/posts\/5817"}],"collection":[{"href":"https:\/\/www.suso-club.at\/de\/wp-json\/wp\/v2\/posts"}],"about":[{"href":"https:\/\/www.suso-club.at\/de\/wp-json\/wp\/v2\/types\/post"}],"author":[{"embeddable":true,"href":"https:\/\/www.suso-club.at\/de\/wp-json\/wp\/v2\/users\/8"}],"replies":[{"embeddable":true,"href":"https:\/\/www.suso-club.at\/de\/wp-json\/wp\/v2\/comments?post=5817"}],"version-history":[{"count":4,"href":"https:\/\/www.suso-club.at\/de\/wp-json\/wp\/v2\/posts\/5817\/revisions"}],"predecessor-version":[{"id":5838,"href":"https:\/\/www.suso-club.at\/de\/wp-json\/wp\/v2\/posts\/5817\/revisions\/5838"}],"wp:featuredmedia":[{"embeddable":true,"href":"https:\/\/www.suso-club.at\/de\/wp-json\/wp\/v2\/media\/5836"}],"wp:attachment":[{"href":"https:\/\/www.suso-club.at\/de\/wp-json\/wp\/v2\/media?parent=5817"}],"wp:term":[{"taxonomy":"category","embeddable":true,"href":"https:\/\/www.suso-club.at\/de\/wp-json\/wp\/v2\/categories?post=5817"},{"taxonomy":"post_tag","embeddable":true,"href":"https:\/\/www.suso-club.at\/de\/wp-json\/wp\/v2\/tags?post=5817"}],"curies":[{"name":"wp","href":"https:\/\/api.w.org\/{rel}","templated":true}]}}