{"id":5871,"date":"2022-03-18T15:52:44","date_gmt":"2022-03-18T14:52:44","guid":{"rendered":"http:\/\/www.suso-club.at\/?p=5871"},"modified":"2022-03-19T19:35:02","modified_gmt":"2022-03-19T18:35:02","slug":"lipica-open-diesmal-ohne-covid","status":"publish","type":"post","link":"https:\/\/www.suso-club.at\/de\/2022\/03\/18\/lipica-open-diesmal-ohne-covid\/","title":{"rendered":"Lipica Open &#8211; diesmal ohne COVID"},"content":{"rendered":"<p><span class=\"\">Nach einer Pause im Jahr 2021 zog es uns dieses Jahr wieder zu den Lipica Open, einem Event, das sowohl f\u00fcr L\u00e4ufer als auch Nichtl\u00e4ufer zu einem der sch\u00f6nsten Orientierungslauf Ausfl\u00fcgen z\u00e4hlt. Der slowenische Karst im Hinterland von Triest bietet von Jahr zu Jahr ein perfektes &#8222;Suchergebnis&#8220;. Das Posten Finden in diesem schwierigen Gebiet grenzt immer wieder an ein Wunder.<br \/>\n<\/span>Aufgrund der noch Corona bedingten unsicheren Lage tauschten wir unsere Standard-Unterkunft in Triest mit dem Hotel Maestoso, direkt neben dem Lipizzaner-Gest\u00fct<\/p>\n<figure id=\"attachment_5868\" aria-describedby=\"caption-attachment-5868\" style=\"width: 604px\" class=\"wp-caption alignnone\"><img decoding=\"async\" loading=\"lazy\" class=\"size-large wp-image-5868\" src=\"http:\/\/www.suso-club.at\/wp-content\/uploads\/2022\/03\/Lipica_Start-1024x684.jpg\" alt=\"\" width=\"604\" height=\"403\" srcset=\"https:\/\/www.suso-club.at\/wp-content\/uploads\/2022\/03\/Lipica_Start-1024x684.jpg 1024w, https:\/\/www.suso-club.at\/wp-content\/uploads\/2022\/03\/Lipica_Start-300x200.jpg 300w, https:\/\/www.suso-club.at\/wp-content\/uploads\/2022\/03\/Lipica_Start-768x513.jpg 768w\" sizes=\"(max-width: 604px) 100vw, 604px\" \/><figcaption id=\"caption-attachment-5868\" class=\"wp-caption-text\">Immervoll Christopher und Kerstin Holzer am Start<\/figcaption><\/figure>\n<figure id=\"attachment_5870\" aria-describedby=\"caption-attachment-5870\" style=\"width: 604px\" class=\"wp-caption alignnone\"><img decoding=\"async\" loading=\"lazy\" class=\"size-large wp-image-5870\" src=\"http:\/\/www.suso-club.at\/wp-content\/uploads\/2022\/03\/Teichmann-1024x737.jpg\" alt=\"\" width=\"604\" height=\"435\" srcset=\"https:\/\/www.suso-club.at\/wp-content\/uploads\/2022\/03\/Teichmann-1024x737.jpg 1024w, https:\/\/www.suso-club.at\/wp-content\/uploads\/2022\/03\/Teichmann-300x216.jpg 300w, https:\/\/www.suso-club.at\/wp-content\/uploads\/2022\/03\/Teichmann-768x553.jpg 768w, https:\/\/www.suso-club.at\/wp-content\/uploads\/2022\/03\/Teichmann.jpg 1883w\" sizes=\"(max-width: 604px) 100vw, 604px\" \/><figcaption id=\"caption-attachment-5870\" class=\"wp-caption-text\">Tobias Teichmann \u00fcberzeugte mit Einsatz und Leistung<\/figcaption><\/figure>\n<figure id=\"attachment_5864\" aria-describedby=\"caption-attachment-5864\" style=\"width: 604px\" class=\"wp-caption alignnone\"><img decoding=\"async\" loading=\"lazy\" class=\"size-large wp-image-5864\" src=\"http:\/\/www.suso-club.at\/wp-content\/uploads\/2022\/03\/LO-Greiner-Gustav-1024x720.jpg\" alt=\"\" width=\"604\" height=\"425\" srcset=\"https:\/\/www.suso-club.at\/wp-content\/uploads\/2022\/03\/LO-Greiner-Gustav-1024x720.jpg 1024w, https:\/\/www.suso-club.at\/wp-content\/uploads\/2022\/03\/LO-Greiner-Gustav-300x211.jpg 300w, https:\/\/www.suso-club.at\/wp-content\/uploads\/2022\/03\/LO-Greiner-Gustav-768x540.jpg 768w, https:\/\/www.suso-club.at\/wp-content\/uploads\/2022\/03\/LO-Greiner-Gustav.jpg 1904w\" sizes=\"(max-width: 604px) 100vw, 604px\" \/><figcaption id=\"caption-attachment-5864\" class=\"wp-caption-text\">Gustav Greiner mit harter Konkurrenz<\/figcaption><\/figure>\n<div class=\"\">\n<div class=\"\"><span class=\"\">Wie jedes Jahr nahmen wieder fast 50 Personen an der Reise teil. Darunter auch einige\u00a0<\/span><strong class=\"\">Neulinge<\/strong><span class=\"\">\u00a0aus dem BGBRG Kirchengasse (Jan Specht, Nora Tandl, Emma Marx und Lilian Pr\u00fcgger), die mit den Anforderungen noch schwer zu k\u00e4mpfen hatten.<\/span><\/div>\n<\/div>\n<div class=\"\">\n<div class=\"\"><span class=\"\">Einen guten Einstand erlebte auch\u00a0<\/span><strong class=\"\">Neuzugang Martin Brantner<\/strong><span class=\"\">, der mit den Jugendlichen t\u00e4glich die L\u00e4ufe analysierte.<\/span><\/div>\n<\/div>\n<figure id=\"attachment_5865\" aria-describedby=\"caption-attachment-5865\" style=\"width: 604px\" class=\"wp-caption alignnone\"><img decoding=\"async\" loading=\"lazy\" class=\"size-large wp-image-5865\" src=\"http:\/\/www.suso-club.at\/wp-content\/uploads\/2022\/03\/LO-Brantner-im-Ziel-1024x740.jpg\" alt=\"\" width=\"604\" height=\"436\" srcset=\"https:\/\/www.suso-club.at\/wp-content\/uploads\/2022\/03\/LO-Brantner-im-Ziel-1024x740.jpg 1024w, https:\/\/www.suso-club.at\/wp-content\/uploads\/2022\/03\/LO-Brantner-im-Ziel-300x217.jpg 300w, https:\/\/www.suso-club.at\/wp-content\/uploads\/2022\/03\/LO-Brantner-im-Ziel-768x555.jpg 768w, https:\/\/www.suso-club.at\/wp-content\/uploads\/2022\/03\/LO-Brantner-im-Ziel.jpg 1347w\" sizes=\"(max-width: 604px) 100vw, 604px\" \/><figcaption id=\"caption-attachment-5865\" class=\"wp-caption-text\">Martin Brantner, neu im SUSO-Team<\/figcaption><\/figure>\n<figure id=\"attachment_5866\" aria-describedby=\"caption-attachment-5866\" style=\"width: 604px\" class=\"wp-caption alignnone\"><img decoding=\"async\" loading=\"lazy\" class=\"size-large wp-image-5866\" src=\"http:\/\/www.suso-club.at\/wp-content\/uploads\/2022\/03\/LO-Knauder-1024x746.jpg\" alt=\"\" width=\"604\" height=\"440\" srcset=\"https:\/\/www.suso-club.at\/wp-content\/uploads\/2022\/03\/LO-Knauder-1024x746.jpg 1024w, https:\/\/www.suso-club.at\/wp-content\/uploads\/2022\/03\/LO-Knauder-300x219.jpg 300w, https:\/\/www.suso-club.at\/wp-content\/uploads\/2022\/03\/LO-Knauder-768x560.jpg 768w, https:\/\/www.suso-club.at\/wp-content\/uploads\/2022\/03\/LO-Knauder.jpg 1893w\" sizes=\"(max-width: 604px) 100vw, 604px\" \/><figcaption id=\"caption-attachment-5866\" class=\"wp-caption-text\">Viki Knauder voll motiviert in der Damen Elite<\/figcaption><\/figure>\n<figure id=\"attachment_5863\" aria-describedby=\"caption-attachment-5863\" style=\"width: 604px\" class=\"wp-caption alignnone\"><img decoding=\"async\" loading=\"lazy\" class=\"size-large wp-image-5863\" src=\"http:\/\/www.suso-club.at\/wp-content\/uploads\/2022\/03\/LO-Hofer-1024x683.jpg\" alt=\"\" width=\"604\" height=\"403\" srcset=\"https:\/\/www.suso-club.at\/wp-content\/uploads\/2022\/03\/LO-Hofer-1024x683.jpg 1024w, https:\/\/www.suso-club.at\/wp-content\/uploads\/2022\/03\/LO-Hofer-300x200.jpg 300w, https:\/\/www.suso-club.at\/wp-content\/uploads\/2022\/03\/LO-Hofer-768x512.jpg 768w, https:\/\/www.suso-club.at\/wp-content\/uploads\/2022\/03\/LO-Hofer.jpg 1935w\" sizes=\"(max-width: 604px) 100vw, 604px\" \/><figcaption id=\"caption-attachment-5863\" class=\"wp-caption-text\">Lukas Hofer an der Belastungsgrenze<\/figcaption><\/figure>\n<figure id=\"attachment_5869\" aria-describedby=\"caption-attachment-5869\" style=\"width: 604px\" class=\"wp-caption alignnone\"><img decoding=\"async\" loading=\"lazy\" class=\"size-large wp-image-5869\" src=\"http:\/\/www.suso-club.at\/wp-content\/uploads\/2022\/03\/LO-Greiner-markus-1024x682.jpg\" alt=\"\" width=\"604\" height=\"402\" srcset=\"https:\/\/www.suso-club.at\/wp-content\/uploads\/2022\/03\/LO-Greiner-markus-1024x682.jpg 1024w, https:\/\/www.suso-club.at\/wp-content\/uploads\/2022\/03\/LO-Greiner-markus-300x200.jpg 300w, https:\/\/www.suso-club.at\/wp-content\/uploads\/2022\/03\/LO-Greiner-markus-768x512.jpg 768w, https:\/\/www.suso-club.at\/wp-content\/uploads\/2022\/03\/LO-Greiner-markus.jpg 2048w\" sizes=\"(max-width: 604px) 100vw, 604px\" \/><figcaption id=\"caption-attachment-5869\" class=\"wp-caption-text\">Markus Greiner nach hartem Kampf<\/figcaption><\/figure>\n<figure id=\"attachment_5842\" aria-describedby=\"caption-attachment-5842\" style=\"width: 604px\" class=\"wp-caption alignnone\"><img decoding=\"async\" loading=\"lazy\" class=\"size-large wp-image-5842\" src=\"http:\/\/www.suso-club.at\/wp-content\/uploads\/2022\/03\/Steiner-Helmut-1024x768.jpg\" alt=\"\" width=\"604\" height=\"453\" srcset=\"https:\/\/www.suso-club.at\/wp-content\/uploads\/2022\/03\/Steiner-Helmut-1024x768.jpg 1024w, https:\/\/www.suso-club.at\/wp-content\/uploads\/2022\/03\/Steiner-Helmut-300x225.jpg 300w, https:\/\/www.suso-club.at\/wp-content\/uploads\/2022\/03\/Steiner-Helmut-768x576.jpg 768w, https:\/\/www.suso-club.at\/wp-content\/uploads\/2022\/03\/Steiner-Helmut.jpg 2048w\" sizes=\"(max-width: 604px) 100vw, 604px\" \/><figcaption id=\"caption-attachment-5842\" class=\"wp-caption-text\">Helmut Steiner gut gelaunt im Ziel<\/figcaption><\/figure>\n<div class=\"\">\n<div class=\"\"><span class=\"\">Zus\u00e4tzlich f\u00fcllten Ausfl\u00fcge nach Triest,\u00a0<\/span><span class=\"\">Koper<\/span><span class=\"\">, zur \u0160<\/span><span class=\"\">kocjan H\u00f6he und ins Gest\u00fct die Tage.\u00a0<\/span><\/div>\n<\/div>\n<div class=\"\">\n<div class=\"\"><span class=\"\">W\u00e4hrend ein Teil der Erwachsenen, Jugendlichen und Kinder nur an 2 Etappen am Wochenende teilnahm, bezwang ein kleinerer Personenkreis \u00a0alle 5 L\u00e4ufe.<\/span><\/div>\n<\/div>\n<figure id=\"attachment_5862\" aria-describedby=\"caption-attachment-5862\" style=\"width: 604px\" class=\"wp-caption alignnone\"><img decoding=\"async\" loading=\"lazy\" class=\"size-large wp-image-5862\" src=\"http:\/\/www.suso-club.at\/wp-content\/uploads\/2022\/03\/LO-Generationenwechsel-Kopie-1024x654.jpeg\" alt=\"\" width=\"604\" height=\"386\" srcset=\"https:\/\/www.suso-club.at\/wp-content\/uploads\/2022\/03\/LO-Generationenwechsel-Kopie-1024x654.jpeg 1024w, https:\/\/www.suso-club.at\/wp-content\/uploads\/2022\/03\/LO-Generationenwechsel-Kopie-300x192.jpeg 300w, https:\/\/www.suso-club.at\/wp-content\/uploads\/2022\/03\/LO-Generationenwechsel-Kopie-768x491.jpeg 768w\" sizes=\"(max-width: 604px) 100vw, 604px\" \/><figcaption id=\"caption-attachment-5862\" class=\"wp-caption-text\">Generationenwechsel &#8211;\u00a0Theo mit Opa Hannes Pacher<\/figcaption><\/figure>\n<figure id=\"attachment_5867\" aria-describedby=\"caption-attachment-5867\" style=\"width: 604px\" class=\"wp-caption alignnone\"><img decoding=\"async\" loading=\"lazy\" class=\"size-large wp-image-5867\" src=\"http:\/\/www.suso-club.at\/wp-content\/uploads\/2022\/03\/Lipica_JulianTheo-10-Kopie-1024x678.jpg\" alt=\"\" width=\"604\" height=\"400\" srcset=\"https:\/\/www.suso-club.at\/wp-content\/uploads\/2022\/03\/Lipica_JulianTheo-10-Kopie-1024x678.jpg 1024w, https:\/\/www.suso-club.at\/wp-content\/uploads\/2022\/03\/Lipica_JulianTheo-10-Kopie-300x199.jpg 300w, https:\/\/www.suso-club.at\/wp-content\/uploads\/2022\/03\/Lipica_JulianTheo-10-Kopie-768x508.jpg 768w\" sizes=\"(max-width: 604px) 100vw, 604px\" \/><figcaption id=\"caption-attachment-5867\" class=\"wp-caption-text\">Theo und Papa Julian Torggler<\/figcaption><\/figure>\n<p>Podestplatz \u00fcber 5 Tage gab es diesmal nur f\u00fcr Irene Greiner-L\u00f6schnig (1. W40) und Emma Marx (3. W12).\u00a0Weitere Top-Ten: Camilla Aigm\u00fcller (4. W16); Eva Monsberger (4. W14); Martin Brantner (5. M21A); Gustav Greiner (6. M18); Christopher Immervoll (7. M21B);\u00a0Tobias Teichmann (10. M21A).<\/p>\n<p><a href=\"http:\/\/www.orienteeringonline.net\/CompetitionBasicInfo.aspx?CompetitionID=9267\">alle Ergebnisse im Detail<\/a><\/p>\n","protected":false},"excerpt":{"rendered":"<p>Nach einer Pause im Jahr 2021 zog es uns dieses Jahr wieder zu den Lipica Open, einem Event, das sowohl f\u00fcr L\u00e4ufer als auch Nichtl\u00e4ufer zu einem der sch\u00f6nsten Orientierungslauf Ausfl\u00fcgen z\u00e4hlt. Der slowenische Karst im Hinterland von Triest bietet von Jahr zu Jahr ein perfektes &#8222;Suchergebnis&#8220;. Das Posten Finden in diesem schwierigen Gebiet grenzt &hellip; <a href=\"https:\/\/www.suso-club.at\/de\/2022\/03\/18\/lipica-open-diesmal-ohne-covid\/\" class=\"more-link\"><span class=\"screen-reader-text\">Lipica Open &#8211; diesmal ohne COVID<\/span> weiterlesen <span class=\"meta-nav\">&rarr;<\/span><\/a><\/p>\n","protected":false},"author":8,"featured_media":5843,"comment_status":"closed","ping_status":"open","sticky":false,"template":"","format":"standard","meta":[],"categories":[1,8,4],"tags":[],"translation":{"provider":"WPGlobus","version":"2.12.2","language":"de","enabled_languages":["en","de"],"languages":{"en":{"title":true,"content":true,"excerpt":false},"de":{"title":false,"content":false,"excerpt":false}}},"_links":{"self":[{"href":"https:\/\/www.suso-club.at\/de\/wp-json\/wp\/v2\/posts\/5871"}],"collection":[{"href":"https:\/\/www.suso-club.at\/de\/wp-json\/wp\/v2\/posts"}],"about":[{"href":"https:\/\/www.suso-club.at\/de\/wp-json\/wp\/v2\/types\/post"}],"author":[{"embeddable":true,"href":"https:\/\/www.suso-club.at\/de\/wp-json\/wp\/v2\/users\/8"}],"replies":[{"embeddable":true,"href":"https:\/\/www.suso-club.at\/de\/wp-json\/wp\/v2\/comments?post=5871"}],"version-history":[{"count":7,"href":"https:\/\/www.suso-club.at\/de\/wp-json\/wp\/v2\/posts\/5871\/revisions"}],"predecessor-version":[{"id":5880,"href":"https:\/\/www.suso-club.at\/de\/wp-json\/wp\/v2\/posts\/5871\/revisions\/5880"}],"wp:featuredmedia":[{"embeddable":true,"href":"https:\/\/www.suso-club.at\/de\/wp-json\/wp\/v2\/media\/5843"}],"wp:attachment":[{"href":"https:\/\/www.suso-club.at\/de\/wp-json\/wp\/v2\/media?parent=5871"}],"wp:term":[{"taxonomy":"category","embeddable":true,"href":"https:\/\/www.suso-club.at\/de\/wp-json\/wp\/v2\/categories?post=5871"},{"taxonomy":"post_tag","embeddable":true,"href":"https:\/\/www.suso-club.at\/de\/wp-json\/wp\/v2\/tags?post=5871"}],"curies":[{"name":"wp","href":"https:\/\/api.w.org\/{rel}","templated":true}]}}