{"id":5898,"date":"2022-03-26T20:35:39","date_gmt":"2022-03-26T19:35:39","guid":{"rendered":"http:\/\/www.suso-club.at\/?p=5898"},"modified":"2022-03-27T21:21:28","modified_gmt":"2022-03-27T19:21:28","slug":"verspaeteter-neujahrstreff-suso-opener","status":"publish","type":"post","link":"https:\/\/www.suso-club.at\/de\/2022\/03\/26\/verspaeteter-neujahrstreff-suso-opener\/","title":{"rendered":"Versp\u00e4teter Neujahrstreff \/ SUSO-Willkommensfeier"},"content":{"rendered":"<p>Mehrmalige Verschiebungen waren notwendig, um endlich das Neujahrstreff 2022 feierlich zu begehen. Das Hauptaugenmerk lag in der Organisation der Austria-Orientierung-Days (8. &#8211; 15.7.2022) in Graz sowie in der Oststeiermark! Anschlie\u00dfend erfolgte der gem\u00fctliche Teil, diesmal am BGBRG \u00a0Kirchengasse.<br \/>\nAusgehend von einem R\u00fcckblick 2022, Danksagungenan den abgetretenen Pr\u00e4sidenten Rainer Kund\u00f6rfer sowie an\u00a0Sandro Schachner als Beirat, wurde der neue Pr\u00e4sident Carsten Fink sowie die Beir\u00e4te Viktoria Knauder und Martin Brantner vorgestellt.<\/p>\n<figure id=\"attachment_5918\" aria-describedby=\"caption-attachment-5918\" style=\"width: 604px\" class=\"wp-caption alignnone\"><img decoding=\"async\" loading=\"lazy\" class=\"size-large wp-image-5918\" src=\"http:\/\/www.suso-club.at\/wp-content\/uploads\/2022\/03\/Kund_Pach-1024x766.jpg\" alt=\"\" width=\"604\" height=\"452\" srcset=\"https:\/\/www.suso-club.at\/wp-content\/uploads\/2022\/03\/Kund_Pach.jpg 1024w, https:\/\/www.suso-club.at\/wp-content\/uploads\/2022\/03\/Kund_Pach-300x224.jpg 300w, https:\/\/www.suso-club.at\/wp-content\/uploads\/2022\/03\/Kund_Pach-768x575.jpg 768w\" sizes=\"(max-width: 604px) 100vw, 604px\" \/><figcaption id=\"caption-attachment-5918\" class=\"wp-caption-text\">Dank an Rainer Kund\u00f6rfer<\/figcaption><\/figure>\n<figure id=\"attachment_5902\" aria-describedby=\"caption-attachment-5902\" style=\"width: 937px\" class=\"wp-caption alignnone\"><img decoding=\"async\" loading=\"lazy\" class=\"size-full wp-image-5902\" src=\"http:\/\/www.suso-club.at\/wp-content\/uploads\/2022\/03\/Carsten-Fink.png\" alt=\"\" width=\"937\" height=\"584\" srcset=\"https:\/\/www.suso-club.at\/wp-content\/uploads\/2022\/03\/Carsten-Fink.png 937w, https:\/\/www.suso-club.at\/wp-content\/uploads\/2022\/03\/Carsten-Fink-300x187.png 300w, https:\/\/www.suso-club.at\/wp-content\/uploads\/2022\/03\/Carsten-Fink-768x479.png 768w\" sizes=\"(max-width: 937px) 100vw, 937px\" \/><figcaption id=\"caption-attachment-5902\" class=\"wp-caption-text\">Neuer Pr\u00e4sident &#8211; Carsten Fink<\/figcaption><\/figure>\n<figure id=\"attachment_5919\" aria-describedby=\"caption-attachment-5919\" style=\"width: 604px\" class=\"wp-caption alignnone\"><img decoding=\"async\" loading=\"lazy\" class=\"size-large wp-image-5919\" src=\"http:\/\/www.suso-club.at\/wp-content\/uploads\/2022\/03\/Pach_Knau-1024x768.jpg\" alt=\"\" width=\"604\" height=\"453\" srcset=\"https:\/\/www.suso-club.at\/wp-content\/uploads\/2022\/03\/Pach_Knau.jpg 1024w, https:\/\/www.suso-club.at\/wp-content\/uploads\/2022\/03\/Pach_Knau-300x225.jpg 300w, https:\/\/www.suso-club.at\/wp-content\/uploads\/2022\/03\/Pach_Knau-768x576.jpg 768w\" sizes=\"(max-width: 604px) 100vw, 604px\" \/><figcaption id=\"caption-attachment-5919\" class=\"wp-caption-text\">Neu im Team &#8211; Viktoria Knauder<\/figcaption><\/figure>\n<figure id=\"attachment_5888\" aria-describedby=\"caption-attachment-5888\" style=\"width: 604px\" class=\"wp-caption alignnone\"><img decoding=\"async\" loading=\"lazy\" class=\"size-large wp-image-5888\" src=\"http:\/\/www.suso-club.at\/wp-content\/uploads\/2022\/03\/2022_Opener-1-1024x661.jpg\" alt=\"\" width=\"604\" height=\"390\" srcset=\"https:\/\/www.suso-club.at\/wp-content\/uploads\/2022\/03\/2022_Opener-1-1024x661.jpg 1024w, https:\/\/www.suso-club.at\/wp-content\/uploads\/2022\/03\/2022_Opener-1-300x194.jpg 300w, https:\/\/www.suso-club.at\/wp-content\/uploads\/2022\/03\/2022_Opener-1-768x496.jpg 768w, https:\/\/www.suso-club.at\/wp-content\/uploads\/2022\/03\/2022_Opener-1.jpg 1236w\" sizes=\"(max-width: 604px) 100vw, 604px\" \/><figcaption id=\"caption-attachment-5888\" class=\"wp-caption-text\">Tanzeinlage der Jugend<\/figcaption><\/figure>\n<figure id=\"attachment_5893\" aria-describedby=\"caption-attachment-5893\" style=\"width: 604px\" class=\"wp-caption alignnone\"><img decoding=\"async\" loading=\"lazy\" class=\"size-large wp-image-5893\" src=\"http:\/\/www.suso-club.at\/wp-content\/uploads\/2022\/03\/2022_Opener-13-1024x607.jpg\" alt=\"\" width=\"604\" height=\"358\" srcset=\"https:\/\/www.suso-club.at\/wp-content\/uploads\/2022\/03\/2022_Opener-13-1024x607.jpg 1024w, https:\/\/www.suso-club.at\/wp-content\/uploads\/2022\/03\/2022_Opener-13-300x178.jpg 300w, https:\/\/www.suso-club.at\/wp-content\/uploads\/2022\/03\/2022_Opener-13-768x455.jpg 768w\" sizes=\"(max-width: 604px) 100vw, 604px\" \/><figcaption id=\"caption-attachment-5893\" class=\"wp-caption-text\">Empfang am BGBRG Kirchengasse<\/figcaption><\/figure>\n<figure id=\"attachment_5892\" aria-describedby=\"caption-attachment-5892\" style=\"width: 604px\" class=\"wp-caption alignnone\"><img decoding=\"async\" loading=\"lazy\" class=\"size-large wp-image-5892\" src=\"http:\/\/www.suso-club.at\/wp-content\/uploads\/2022\/03\/2022_Opener-21-1024x706.jpg\" alt=\"\" width=\"604\" height=\"416\" srcset=\"https:\/\/www.suso-club.at\/wp-content\/uploads\/2022\/03\/2022_Opener-21-1024x706.jpg 1024w, https:\/\/www.suso-club.at\/wp-content\/uploads\/2022\/03\/2022_Opener-21-300x207.jpg 300w, https:\/\/www.suso-club.at\/wp-content\/uploads\/2022\/03\/2022_Opener-21-768x530.jpg 768w\" sizes=\"(max-width: 604px) 100vw, 604px\" \/><figcaption id=\"caption-attachment-5892\" class=\"wp-caption-text\">Anschnitt der SUSO-Torte mit Maja Torggler<\/figcaption><\/figure>\n<p>Begleitet wurde das Programm von einer Tanzeinlage der Jugendlichen in einem bunten Suso-Dress!<br \/>\nZum Abschluss die traditionelle SUSO-Torte als Zeichen der Gemeinschaft und einer erfolgreichen Saison!<\/p>\n","protected":false},"excerpt":{"rendered":"<p>Mehrmalige Verschiebungen waren notwendig, um endlich das Neujahrstreff 2022 feierlich zu begehen. Das Hauptaugenmerk lag in der Organisation der Austria-Orientierung-Days (8. &#8211; 15.7.2022) in Graz sowie in der Oststeiermark! Anschlie\u00dfend erfolgte der gem\u00fctliche Teil, diesmal am BGBRG \u00a0Kirchengasse. Ausgehend von einem R\u00fcckblick 2022, Danksagungenan den abgetretenen Pr\u00e4sidenten Rainer Kund\u00f6rfer sowie an\u00a0Sandro Schachner als Beirat, wurde &hellip; <a href=\"https:\/\/www.suso-club.at\/de\/2022\/03\/26\/verspaeteter-neujahrstreff-suso-opener\/\" class=\"more-link\"><span class=\"screen-reader-text\">Versp\u00e4teter Neujahrstreff \/ SUSO-Willkommensfeier<\/span> weiterlesen <span class=\"meta-nav\">&rarr;<\/span><\/a><\/p>\n","protected":false},"author":8,"featured_media":5889,"comment_status":"closed","ping_status":"open","sticky":false,"template":"","format":"standard","meta":[],"categories":[1],"tags":[],"translation":{"provider":"WPGlobus","version":"2.12.2","language":"de","enabled_languages":["en","de"],"languages":{"en":{"title":true,"content":true,"excerpt":false},"de":{"title":false,"content":false,"excerpt":false}}},"_links":{"self":[{"href":"https:\/\/www.suso-club.at\/de\/wp-json\/wp\/v2\/posts\/5898"}],"collection":[{"href":"https:\/\/www.suso-club.at\/de\/wp-json\/wp\/v2\/posts"}],"about":[{"href":"https:\/\/www.suso-club.at\/de\/wp-json\/wp\/v2\/types\/post"}],"author":[{"embeddable":true,"href":"https:\/\/www.suso-club.at\/de\/wp-json\/wp\/v2\/users\/8"}],"replies":[{"embeddable":true,"href":"https:\/\/www.suso-club.at\/de\/wp-json\/wp\/v2\/comments?post=5898"}],"version-history":[{"count":10,"href":"https:\/\/www.suso-club.at\/de\/wp-json\/wp\/v2\/posts\/5898\/revisions"}],"predecessor-version":[{"id":5920,"href":"https:\/\/www.suso-club.at\/de\/wp-json\/wp\/v2\/posts\/5898\/revisions\/5920"}],"wp:featuredmedia":[{"embeddable":true,"href":"https:\/\/www.suso-club.at\/de\/wp-json\/wp\/v2\/media\/5889"}],"wp:attachment":[{"href":"https:\/\/www.suso-club.at\/de\/wp-json\/wp\/v2\/media?parent=5898"}],"wp:term":[{"taxonomy":"category","embeddable":true,"href":"https:\/\/www.suso-club.at\/de\/wp-json\/wp\/v2\/categories?post=5898"},{"taxonomy":"post_tag","embeddable":true,"href":"https:\/\/www.suso-club.at\/de\/wp-json\/wp\/v2\/tags?post=5898"}],"curies":[{"name":"wp","href":"https:\/\/api.w.org\/{rel}","templated":true}]}}