{"id":5985,"date":"2022-05-16T22:25:02","date_gmt":"2022-05-16T20:25:02","guid":{"rendered":"http:\/\/www.suso-club.at\/?p=5985"},"modified":"2022-05-16T22:25:37","modified_gmt":"2022-05-16T20:25:37","slug":"qualifikation-in-tirol","status":"publish","type":"post","link":"https:\/\/www.suso-club.at\/de\/2022\/05\/16\/qualifikation-in-tirol\/","title":{"rendered":"Qualifikation in Tirol"},"content":{"rendered":"<p>Das zweite AC-Wochenende dieses Jahres fand von 14.-15. Mai in Tirol statt. F\u00fcr unsere Jugendlichen waren die L\u00e4ufe zus\u00e4tzlich die ersten Qualifikationsl\u00e4ufe f\u00fcr die Europameisterschaft Ende Juni.<\/p>\n<p>Am Samstag fand der 3. AC als Mitteldistanz in Wildermieming, einem, in der N\u00e4he von Innsbruck gelegenem Plateau, statt. Der Wald \u00fcberzeugte und forderte mit seinem fein kupierten, steinigen Gel\u00e4nde. Im, prinzipiell recht lichten, F\u00f6hrenwald, wurde einem die Sicht teilweise durch Wachholderb\u00fcsche erschwert. Auch wenn der Wald als ungew\u00f6hnlich \u201eflach\u201c f\u00fcr Tiroler Verh\u00e4ltnisse gilt, hatten es die zwei Steilstufen, die es zu \u00fcberwinden galt, durchaus in sich und brachten alle, in Kombination mit dem schw\u00fclen Wetter, an ihre k\u00f6rperlichen Grenzen. Mit dem untypischen und schwierigem Gel\u00e4nde kamen Flora und Camilla Aigm\u00fcller am besten zurecht. Sie holten jeweils den Sieg in ihrer Kategorie (D16E&amp;D18E) und legten damit einen guten Grundstein f\u00fcr die Qualifikation zur EYOC. Auch Moritz Greiner wusste mit den Anforderungen des Gel\u00e4ndes umzugehen und belegte den 3. Platz in Herren 16E. Weitere Erfolge konnte unser Verein in den Kategorien Herren 21 Lang, wo Martin Faccinelli den 3. Platz belegte und\u00a0 Herren Hobby, in der Reinhold Lueger \u00fcberlegen gewann, feiern.<\/p>\n<p>Am Sonntag stand die \u00d6M f\u00fcr die Jugend und Senioren im Sprint in Hall in Tirol am Programm. Bei diesem Lauf galt es den steten Wechsel zwischen Altstadt, Parkfl\u00e4chen und dem neueren Teil der Stadt zu meistern. Nach einigen kurzen Posten gab es meistens eine Routenwahl zu treffen und so musste man immer einen Schritt voraus sein. Camilla Aigm\u00fcller rannte abermals der Konkurrenz in D16E davon und holte sich den Meistertitel. Theresa Monsberger gewann nach einem durchwachsenen Lauf am Vortag, in D18 Elite. Zweite wurde Flora Aigm\u00fcller. Gustav Greiner startete solide in den Lauf, am Ende reichte es leider nicht f\u00fcr eine Top-Platzierung. Auch Charlotte Brischnik zeigte sich mit ihrem Lauf und ihrer Leistung zufrieden. Einen starken Lauf hatte Irene Greiner-L\u00f6schnigg, sie holte sich den Vizemeistertitel in der Kategorie D 40. Lena Lueger rannte knapp am Stockerl vorbei und belegte den 4. Platz. Die Leistungen von Doris Nesitka, Ingrid Lueger, Carsten Fink, Markus &amp; Anton Greiner und Christopher Immervoll, komplettierten die starken Leistungen des SUSO -Teams.<\/p>\n<p>So geht ein, doch recht erfolgreiches und spannendes, OL Wochenende zu Ende. Ich denk, niemand hat die weite Reise nach Tirol bereut!<\/p>\n<div id='gallery-1' class='gallery galleryid-5985 gallery-columns-3 gallery-size-thumbnail'><figure class='gallery-item'>\n\t\t\t<div class='gallery-icon landscape'>\n\t\t\t\t<a href='https:\/\/www.suso-club.at\/de\/2022\/05\/16\/qualifikation-in-tirol\/1-2\/'><img width=\"150\" height=\"150\" src=\"https:\/\/www.suso-club.at\/wp-content\/uploads\/2022\/05\/1-150x150.jpg\" class=\"attachment-thumbnail size-thumbnail\" alt=\"\" decoding=\"async\" loading=\"lazy\" aria-describedby=\"gallery-1-5991\" \/><\/a>\n\t\t\t<\/div>\n\t\t\t\t<figcaption class='wp-caption-text gallery-caption' id='gallery-1-5991'>\n\t\t\t\tDas Team\n\t\t\t\t<\/figcaption><\/figure><figure class='gallery-item'>\n\t\t\t<div class='gallery-icon landscape'>\n\t\t\t\t<a href='https:\/\/www.suso-club.at\/de\/2022\/05\/16\/qualifikation-in-tirol\/2-3\/'><img width=\"150\" height=\"150\" src=\"https:\/\/www.suso-club.at\/wp-content\/uploads\/2022\/05\/2-150x150.jpg\" class=\"attachment-thumbnail size-thumbnail\" alt=\"\" decoding=\"async\" loading=\"lazy\" aria-describedby=\"gallery-1-5992\" \/><\/a>\n\t\t\t<\/div>\n\t\t\t\t<figcaption class='wp-caption-text gallery-caption' id='gallery-1-5992'>\n\t\t\t\tKurz hat uns der Regen erwischt\n\t\t\t\t<\/figcaption><\/figure><figure class='gallery-item'>\n\t\t\t<div class='gallery-icon landscape'>\n\t\t\t\t<a href='https:\/\/www.suso-club.at\/de\/2022\/05\/16\/qualifikation-in-tirol\/3-3\/'><img width=\"150\" height=\"150\" src=\"https:\/\/www.suso-club.at\/wp-content\/uploads\/2022\/05\/3-150x150.jpg\" class=\"attachment-thumbnail size-thumbnail\" alt=\"\" decoding=\"async\" loading=\"lazy\" aria-describedby=\"gallery-1-5993\" \/><\/a>\n\t\t\t<\/div>\n\t\t\t\t<figcaption class='wp-caption-text gallery-caption' id='gallery-1-5993'>\n\t\t\t\tMarkus im Ziel\n\t\t\t\t<\/figcaption><\/figure><figure class='gallery-item'>\n\t\t\t<div class='gallery-icon landscape'>\n\t\t\t\t<a href='https:\/\/www.suso-club.at\/de\/2022\/05\/16\/qualifikation-in-tirol\/4-2\/'><img width=\"150\" height=\"150\" src=\"https:\/\/www.suso-club.at\/wp-content\/uploads\/2022\/05\/4-150x150.jpg\" class=\"attachment-thumbnail size-thumbnail\" alt=\"\" decoding=\"async\" loading=\"lazy\" aria-describedby=\"gallery-1-5994\" \/><\/a>\n\t\t\t<\/div>\n\t\t\t\t<figcaption class='wp-caption-text gallery-caption' id='gallery-1-5994'>\n\t\t\t\tCarsten auf \u00dcberholkurs\n\t\t\t\t<\/figcaption><\/figure><figure class='gallery-item'>\n\t\t\t<div class='gallery-icon landscape'>\n\t\t\t\t<a href='https:\/\/www.suso-club.at\/de\/2022\/05\/16\/qualifikation-in-tirol\/attachment\/5\/'><img width=\"150\" height=\"150\" src=\"https:\/\/www.suso-club.at\/wp-content\/uploads\/2022\/05\/5-150x150.jpg\" class=\"attachment-thumbnail size-thumbnail\" alt=\"\" decoding=\"async\" loading=\"lazy\" aria-describedby=\"gallery-1-5995\" \/><\/a>\n\t\t\t<\/div>\n\t\t\t\t<figcaption class='wp-caption-text gallery-caption' id='gallery-1-5995'>\n\t\t\t\tAnton zielgerichtet\n\t\t\t\t<\/figcaption><\/figure><figure class='gallery-item'>\n\t\t\t<div class='gallery-icon portrait'>\n\t\t\t\t<a href='https:\/\/www.suso-club.at\/de\/2022\/05\/16\/qualifikation-in-tirol\/7-2\/'><img width=\"150\" height=\"150\" src=\"https:\/\/www.suso-club.at\/wp-content\/uploads\/2022\/05\/7-1-150x150.jpeg\" class=\"attachment-thumbnail size-thumbnail\" alt=\"\" decoding=\"async\" loading=\"lazy\" aria-describedby=\"gallery-1-5997\" \/><\/a>\n\t\t\t<\/div>\n\t\t\t\t<figcaption class='wp-caption-text gallery-caption' id='gallery-1-5997'>\n\t\t\t\tFlora bereit zum Start\n\t\t\t\t<\/figcaption><\/figure><figure class='gallery-item'>\n\t\t\t<div class='gallery-icon portrait'>\n\t\t\t\t<a href='https:\/\/www.suso-club.at\/de\/2022\/05\/16\/qualifikation-in-tirol\/attachment\/6\/'><img width=\"150\" height=\"150\" src=\"https:\/\/www.suso-club.at\/wp-content\/uploads\/2022\/05\/6-150x150.jpg\" class=\"attachment-thumbnail size-thumbnail\" alt=\"\" decoding=\"async\" loading=\"lazy\" aria-describedby=\"gallery-1-5996\" \/><\/a>\n\t\t\t<\/div>\n\t\t\t\t<figcaption class='wp-caption-text gallery-caption' id='gallery-1-5996'>\n\t\t\t\tMartin nach erfolgreichem Lauf\n\t\t\t\t<\/figcaption><\/figure><figure class='gallery-item'>\n\t\t\t<div class='gallery-icon portrait'>\n\t\t\t\t<a href='https:\/\/www.suso-club.at\/de\/2022\/05\/16\/qualifikation-in-tirol\/8-2\/'><img width=\"150\" height=\"150\" src=\"https:\/\/www.suso-club.at\/wp-content\/uploads\/2022\/05\/8-1-150x150.jpeg\" class=\"attachment-thumbnail size-thumbnail\" alt=\"\" decoding=\"async\" loading=\"lazy\" aria-describedby=\"gallery-1-5998\" \/><\/a>\n\t\t\t<\/div>\n\t\t\t\t<figcaption class='wp-caption-text gallery-caption' id='gallery-1-5998'>\n\t\t\t\tTheresa bereit zum Start\n\t\t\t\t<\/figcaption><\/figure><figure class='gallery-item'>\n\t\t\t<div class='gallery-icon portrait'>\n\t\t\t\t<a href='https:\/\/www.suso-club.at\/de\/2022\/05\/16\/qualifikation-in-tirol\/9-2\/'><img width=\"150\" height=\"150\" src=\"https:\/\/www.suso-club.at\/wp-content\/uploads\/2022\/05\/9-1-150x150.jpeg\" class=\"attachment-thumbnail size-thumbnail\" alt=\"\" decoding=\"async\" loading=\"lazy\" aria-describedby=\"gallery-1-5999\" \/><\/a>\n\t\t\t<\/div>\n\t\t\t\t<figcaption class='wp-caption-text gallery-caption' id='gallery-1-5999'>\n\t\t\t\tGustav, Camilla und Moritz sprinten los\n\t\t\t\t<\/figcaption><\/figure><figure class='gallery-item'>\n\t\t\t<div class='gallery-icon portrait'>\n\t\t\t\t<a href='https:\/\/www.suso-club.at\/de\/2022\/05\/16\/qualifikation-in-tirol\/10-2\/'><img width=\"150\" height=\"150\" src=\"https:\/\/www.suso-club.at\/wp-content\/uploads\/2022\/05\/10-1-150x150.jpeg\" class=\"attachment-thumbnail size-thumbnail\" alt=\"\" decoding=\"async\" loading=\"lazy\" aria-describedby=\"gallery-1-6000\" \/><\/a>\n\t\t\t<\/div>\n\t\t\t\t<figcaption class='wp-caption-text gallery-caption' id='gallery-1-6000'>\n\t\t\t\tDoris auf dem Weg zum ersten Posten\n\t\t\t\t<\/figcaption><\/figure><figure class='gallery-item'>\n\t\t\t<div class='gallery-icon landscape'>\n\t\t\t\t<a href='https:\/\/www.suso-club.at\/de\/2022\/05\/16\/qualifikation-in-tirol\/attachment\/11\/'><img width=\"150\" height=\"150\" src=\"https:\/\/www.suso-club.at\/wp-content\/uploads\/2022\/05\/11-150x150.jpg\" class=\"attachment-thumbnail size-thumbnail\" alt=\"\" decoding=\"async\" loading=\"lazy\" aria-describedby=\"gallery-1-6001\" \/><\/a>\n\t\t\t<\/div>\n\t\t\t\t<figcaption class='wp-caption-text gallery-caption' id='gallery-1-6001'>\n\t\t\t\tCamilla gewinnt D16E\n\t\t\t\t<\/figcaption><\/figure><figure class='gallery-item'>\n\t\t\t<div class='gallery-icon landscape'>\n\t\t\t\t<a href='https:\/\/www.suso-club.at\/de\/2022\/05\/16\/qualifikation-in-tirol\/attachment\/12\/'><img width=\"150\" height=\"150\" src=\"https:\/\/www.suso-club.at\/wp-content\/uploads\/2022\/05\/12-150x150.jpg\" class=\"attachment-thumbnail size-thumbnail\" alt=\"\" decoding=\"async\" loading=\"lazy\" aria-describedby=\"gallery-1-6002\" \/><\/a>\n\t\t\t<\/div>\n\t\t\t\t<figcaption class='wp-caption-text gallery-caption' id='gallery-1-6002'>\n\t\t\t\tTheresa und Flora dominieren D18E\n\t\t\t\t<\/figcaption><\/figure>\n\t\t<\/div>\n\n","protected":false},"excerpt":{"rendered":"<p>Das zweite AC-Wochenende dieses Jahres fand von 14.-15. Mai in Tirol statt. F\u00fcr unsere Jugendlichen waren die L\u00e4ufe zus\u00e4tzlich die ersten Qualifikationsl\u00e4ufe f\u00fcr die Europameisterschaft Ende Juni. Am Samstag fand der 3. AC als Mitteldistanz in Wildermieming, einem, in der N\u00e4he von Innsbruck gelegenem Plateau, statt. Der Wald \u00fcberzeugte und forderte mit seinem fein kupierten, &hellip; <a href=\"https:\/\/www.suso-club.at\/de\/2022\/05\/16\/qualifikation-in-tirol\/\" class=\"more-link\"><span class=\"screen-reader-text\">Qualifikation in Tirol<\/span> weiterlesen <span class=\"meta-nav\">&rarr;<\/span><\/a><\/p>\n","protected":false},"author":11,"featured_media":5991,"comment_status":"closed","ping_status":"open","sticky":false,"template":"","format":"standard","meta":[],"categories":[1,5],"tags":[],"translation":{"provider":"WPGlobus","version":"2.12.2","language":"de","enabled_languages":["en","de"],"languages":{"en":{"title":true,"content":true,"excerpt":false},"de":{"title":false,"content":false,"excerpt":false}}},"_links":{"self":[{"href":"https:\/\/www.suso-club.at\/de\/wp-json\/wp\/v2\/posts\/5985"}],"collection":[{"href":"https:\/\/www.suso-club.at\/de\/wp-json\/wp\/v2\/posts"}],"about":[{"href":"https:\/\/www.suso-club.at\/de\/wp-json\/wp\/v2\/types\/post"}],"author":[{"embeddable":true,"href":"https:\/\/www.suso-club.at\/de\/wp-json\/wp\/v2\/users\/11"}],"replies":[{"embeddable":true,"href":"https:\/\/www.suso-club.at\/de\/wp-json\/wp\/v2\/comments?post=5985"}],"version-history":[{"count":3,"href":"https:\/\/www.suso-club.at\/de\/wp-json\/wp\/v2\/posts\/5985\/revisions"}],"predecessor-version":[{"id":6005,"href":"https:\/\/www.suso-club.at\/de\/wp-json\/wp\/v2\/posts\/5985\/revisions\/6005"}],"wp:featuredmedia":[{"embeddable":true,"href":"https:\/\/www.suso-club.at\/de\/wp-json\/wp\/v2\/media\/5991"}],"wp:attachment":[{"href":"https:\/\/www.suso-club.at\/de\/wp-json\/wp\/v2\/media?parent=5985"}],"wp:term":[{"taxonomy":"category","embeddable":true,"href":"https:\/\/www.suso-club.at\/de\/wp-json\/wp\/v2\/categories?post=5985"},{"taxonomy":"post_tag","embeddable":true,"href":"https:\/\/www.suso-club.at\/de\/wp-json\/wp\/v2\/tags?post=5985"}],"curies":[{"name":"wp","href":"https:\/\/api.w.org\/{rel}","templated":true}]}}