{"id":6013,"date":"2022-05-31T13:56:59","date_gmt":"2022-05-31T11:56:59","guid":{"rendered":"http:\/\/www.suso-club.at\/?p=6013"},"modified":"2022-05-31T13:56:59","modified_gmt":"2022-05-31T11:56:59","slug":"qualifikation-geschafft","status":"publish","type":"post","link":"https:\/\/www.suso-club.at\/de\/2022\/05\/31\/qualifikation-geschafft\/","title":{"rendered":"Qualifikation geschafft"},"content":{"rendered":"<p>Das verl\u00e4ngerte Wochenende stand f\u00fcr unsere Jugendlichen ganz im Zeichen der Qualifikationsl\u00e4ufe f\u00fcr die Junioren-WM in Portugal bzw. Jugend-EM in Ungarn. Am Programm stand ein Berglauf in Nieder\u00f6sterreich \u00a0\u00fcber 7 km und 600 H\u00f6henmeter sowie zwei Orientierungsl\u00e4ufe in Miesenbach (Stmk). Flora und Camilla Aigm\u00fcller und Theresa Monsberger konnten das Ticket f\u00fcr die EM in Salgotarjan nord\u00f6stlich von Budapest l\u00f6sen. Anfang Juli (2.-4.7.)\u00a0geht es dann in den steilen H\u00e4ngen des Matragebirges um Medaillen.<br \/>\nF\u00fcr Flora Aigm\u00fcller klappte es auch mit der Qualifikation f\u00fcr Portugal von 11.-16.7. im Hinterland von Porto.\u00a0Gratulation den Qualifizierten!<\/p>\n<figure id=\"attachment_6008\" aria-describedby=\"caption-attachment-6008\" style=\"width: 604px\" class=\"wp-caption alignnone\"><img decoding=\"async\" loading=\"lazy\" class=\"size-large wp-image-6008\" src=\"http:\/\/www.suso-club.at\/wp-content\/uploads\/2022\/05\/Bergklauf-9-Kopie-1024x736.jpg\" alt=\"\" width=\"604\" height=\"434\" srcset=\"https:\/\/www.suso-club.at\/wp-content\/uploads\/2022\/05\/Bergklauf-9-Kopie-1024x736.jpg 1024w, https:\/\/www.suso-club.at\/wp-content\/uploads\/2022\/05\/Bergklauf-9-Kopie-300x216.jpg 300w, https:\/\/www.suso-club.at\/wp-content\/uploads\/2022\/05\/Bergklauf-9-Kopie-768x552.jpg 768w\" sizes=\"(max-width: 604px) 100vw, 604px\" \/><figcaption id=\"caption-attachment-6008\" class=\"wp-caption-text\">Start zum Berglauf mit Flora und Theresa<\/figcaption><\/figure>\n<figure id=\"attachment_6009\" aria-describedby=\"caption-attachment-6009\" style=\"width: 604px\" class=\"wp-caption alignnone\"><img decoding=\"async\" loading=\"lazy\" class=\"size-large wp-image-6009\" src=\"http:\/\/www.suso-club.at\/wp-content\/uploads\/2022\/05\/Bergklauf-14-Kopie-1024x667.jpg\" alt=\"\" width=\"604\" height=\"393\" srcset=\"https:\/\/www.suso-club.at\/wp-content\/uploads\/2022\/05\/Bergklauf-14-Kopie-1024x667.jpg 1024w, https:\/\/www.suso-club.at\/wp-content\/uploads\/2022\/05\/Bergklauf-14-Kopie-300x195.jpg 300w, https:\/\/www.suso-club.at\/wp-content\/uploads\/2022\/05\/Bergklauf-14-Kopie-768x500.jpg 768w\" sizes=\"(max-width: 604px) 100vw, 604px\" \/><figcaption id=\"caption-attachment-6009\" class=\"wp-caption-text\">Kampf gegen die H\u00f6henmeter &#8211; Theresa Monsberger<\/figcaption><\/figure>\n<figure id=\"attachment_6007\" aria-describedby=\"caption-attachment-6007\" style=\"width: 604px\" class=\"wp-caption alignnone\"><img decoding=\"async\" loading=\"lazy\" class=\"size-large wp-image-6007\" src=\"http:\/\/www.suso-club.at\/wp-content\/uploads\/2022\/05\/Bergklauf-1-Kopie-1024x683.jpg\" alt=\"\" width=\"604\" height=\"403\" srcset=\"https:\/\/www.suso-club.at\/wp-content\/uploads\/2022\/05\/Bergklauf-1-Kopie-1024x683.jpg 1024w, https:\/\/www.suso-club.at\/wp-content\/uploads\/2022\/05\/Bergklauf-1-Kopie-300x200.jpg 300w, https:\/\/www.suso-club.at\/wp-content\/uploads\/2022\/05\/Bergklauf-1-Kopie-768x512.jpg 768w\" sizes=\"(max-width: 604px) 100vw, 604px\" \/><figcaption id=\"caption-attachment-6007\" class=\"wp-caption-text\">Flora und Theresa haben es geschafft<\/figcaption><\/figure>\n<p>Leider verpasste Gustav Greiner die Selektion in dem konkurrenzreichen Feld der Junioren klar. Auch Moritz Greiner, nach seiner Krankheit noch nicht ganz fit, und Charlotte Brischnik schafften den Cut leider nicht<\/p>\n<figure id=\"attachment_6011\" aria-describedby=\"caption-attachment-6011\" style=\"width: 604px\" class=\"wp-caption alignnone\"><img decoding=\"async\" loading=\"lazy\" class=\"size-large wp-image-6011\" src=\"http:\/\/www.suso-club.at\/wp-content\/uploads\/2022\/05\/Quali-6-Kopie-1024x670.jpg\" alt=\"\" width=\"604\" height=\"395\" srcset=\"https:\/\/www.suso-club.at\/wp-content\/uploads\/2022\/05\/Quali-6-Kopie-1024x670.jpg 1024w, https:\/\/www.suso-club.at\/wp-content\/uploads\/2022\/05\/Quali-6-Kopie-300x196.jpg 300w, https:\/\/www.suso-club.at\/wp-content\/uploads\/2022\/05\/Quali-6-Kopie-768x502.jpg 768w\" sizes=\"(max-width: 604px) 100vw, 604px\" \/><figcaption id=\"caption-attachment-6011\" class=\"wp-caption-text\">Gustav Greiner k\u00e4mpfte vergebens<\/figcaption><\/figure>\n<figure id=\"attachment_6012\" aria-describedby=\"caption-attachment-6012\" style=\"width: 604px\" class=\"wp-caption alignnone\"><img decoding=\"async\" loading=\"lazy\" class=\"size-large wp-image-6012\" src=\"http:\/\/www.suso-club.at\/wp-content\/uploads\/2022\/05\/Quali-9-Kopie-1024x672.jpg\" alt=\"\" width=\"604\" height=\"396\" srcset=\"https:\/\/www.suso-club.at\/wp-content\/uploads\/2022\/05\/Quali-9-Kopie-1024x672.jpg 1024w, https:\/\/www.suso-club.at\/wp-content\/uploads\/2022\/05\/Quali-9-Kopie-300x197.jpg 300w, https:\/\/www.suso-club.at\/wp-content\/uploads\/2022\/05\/Quali-9-Kopie-768x504.jpg 768w\" sizes=\"(max-width: 604px) 100vw, 604px\" \/><figcaption id=\"caption-attachment-6012\" class=\"wp-caption-text\">Moritz Greiner &#8211; noch nicht ganz fit<\/figcaption><\/figure>\n<p>Hannah Winkler konnte verletzungsbedingt (Meniskus-OP) an den Qualifikationsl\u00e4ufen nicht teilnehmen. Da braucht es jetzt Geduld, um wieder an die Leistungen anschlie\u00dfen zu k\u00f6nnen.<\/p>\n","protected":false},"excerpt":{"rendered":"<p>Das verl\u00e4ngerte Wochenende stand f\u00fcr unsere Jugendlichen ganz im Zeichen der Qualifikationsl\u00e4ufe f\u00fcr die Junioren-WM in Portugal bzw. Jugend-EM in Ungarn. Am Programm stand ein Berglauf in Nieder\u00f6sterreich \u00a0\u00fcber 7 km und 600 H\u00f6henmeter sowie zwei Orientierungsl\u00e4ufe in Miesenbach (Stmk). Flora und Camilla Aigm\u00fcller und Theresa Monsberger konnten das Ticket f\u00fcr die EM in Salgotarjan &hellip; <a href=\"https:\/\/www.suso-club.at\/de\/2022\/05\/31\/qualifikation-geschafft\/\" class=\"more-link\"><span class=\"screen-reader-text\">Qualifikation geschafft<\/span> weiterlesen <span class=\"meta-nav\">&rarr;<\/span><\/a><\/p>\n","protected":false},"author":8,"featured_media":6016,"comment_status":"closed","ping_status":"open","sticky":false,"template":"","format":"standard","meta":[],"categories":[1,4],"tags":[],"translation":{"provider":"WPGlobus","version":"2.12.2","language":"de","enabled_languages":["en","de"],"languages":{"en":{"title":true,"content":true,"excerpt":false},"de":{"title":false,"content":false,"excerpt":false}}},"_links":{"self":[{"href":"https:\/\/www.suso-club.at\/de\/wp-json\/wp\/v2\/posts\/6013"}],"collection":[{"href":"https:\/\/www.suso-club.at\/de\/wp-json\/wp\/v2\/posts"}],"about":[{"href":"https:\/\/www.suso-club.at\/de\/wp-json\/wp\/v2\/types\/post"}],"author":[{"embeddable":true,"href":"https:\/\/www.suso-club.at\/de\/wp-json\/wp\/v2\/users\/8"}],"replies":[{"embeddable":true,"href":"https:\/\/www.suso-club.at\/de\/wp-json\/wp\/v2\/comments?post=6013"}],"version-history":[{"count":5,"href":"https:\/\/www.suso-club.at\/de\/wp-json\/wp\/v2\/posts\/6013\/revisions"}],"predecessor-version":[{"id":6020,"href":"https:\/\/www.suso-club.at\/de\/wp-json\/wp\/v2\/posts\/6013\/revisions\/6020"}],"wp:featuredmedia":[{"embeddable":true,"href":"https:\/\/www.suso-club.at\/de\/wp-json\/wp\/v2\/media\/6016"}],"wp:attachment":[{"href":"https:\/\/www.suso-club.at\/de\/wp-json\/wp\/v2\/media?parent=6013"}],"wp:term":[{"taxonomy":"category","embeddable":true,"href":"https:\/\/www.suso-club.at\/de\/wp-json\/wp\/v2\/categories?post=6013"},{"taxonomy":"post_tag","embeddable":true,"href":"https:\/\/www.suso-club.at\/de\/wp-json\/wp\/v2\/tags?post=6013"}],"curies":[{"name":"wp","href":"https:\/\/api.w.org\/{rel}","templated":true}]}}