{"id":6080,"date":"2022-06-23T19:18:14","date_gmt":"2022-06-23T17:18:14","guid":{"rendered":"http:\/\/www.suso-club.at\/?p=6080"},"modified":"2022-06-23T20:48:22","modified_gmt":"2022-06-23T18:48:22","slug":"unser-mann-in-la-mancha-christoph-wendner","status":"publish","type":"post","link":"https:\/\/www.suso-club.at\/de\/2022\/06\/23\/unser-mann-in-la-mancha-christoph-wendner\/","title":{"rendered":"Unser Mann in la Mancha &#8211; Christoph Wendner"},"content":{"rendered":"<p class=\"p3\"><span class=\"s2\">So schnell kann\u2018s gehen und schon sind 10 Monate in Spanien vorbei! Nach meiner Halbzeit im Februar gab\u2018s bereits einen Beitrag, der die erste H\u00e4lfte meines Erasmusaufenhaltes res\u00fcmiert hat. Nun folgt Part zwei meiner OL Abenteuer, die ich hier in Spanien erleben durfte.<\/span><\/p>\n<p class=\"p3\"><span class=\"s2\">Neben zahlreichen provinziellen und regionalen Wettk\u00e4mpfen haben die spanischen Universit\u00e4tsmeisterschaften definitiv das Highlight aller Wettk\u00e4mpfe hier in Spanien und sogar das Highlight meiner bisherigen OL-Karriere gebildet.<\/span><\/p>\n<p class=\"p3\"><span class=\"s2\">Im Zuge der Auswahl des Teams aus Granada gab es zwei Selektionsl\u00e4ufe in denen ich mich beide Male \u00fcberraschenderweise als 1. Platz von den \u00fcbrigen Teilnehmern absetzen konnte. Somit war\u2018s dann auch gar nicht besonders \u00fcberraschend als dann kurz vor Ostern die Zusage f\u00fcr mich gekommen ist, Teil des OL-Teams aus Granada zu sein!<\/span><\/p>\n<figure id=\"attachment_6074\" aria-describedby=\"caption-attachment-6074\" style=\"width: 604px\" class=\"wp-caption alignnone\"><img decoding=\"async\" loading=\"lazy\" class=\"size-large wp-image-6074\" src=\"http:\/\/www.suso-club.at\/wp-content\/uploads\/2022\/06\/Karten-Spanien-1-718x1024.jpeg\" alt=\"\" width=\"604\" height=\"861\" srcset=\"https:\/\/www.suso-club.at\/wp-content\/uploads\/2022\/06\/Karten-Spanien-1-718x1024.jpeg 718w, https:\/\/www.suso-club.at\/wp-content\/uploads\/2022\/06\/Karten-Spanien-1-210x300.jpeg 210w, https:\/\/www.suso-club.at\/wp-content\/uploads\/2022\/06\/Karten-Spanien-1-768x1095.jpeg 768w\" sizes=\"(max-width: 604px) 100vw, 604px\" \/><figcaption id=\"caption-attachment-6074\" class=\"wp-caption-text\">Selektionslauf 1: Llanos de Silva<\/figcaption><\/figure>\n<figure id=\"attachment_6079\" aria-describedby=\"caption-attachment-6079\" style=\"width: 604px\" class=\"wp-caption alignnone\"><img decoding=\"async\" loading=\"lazy\" class=\"size-large wp-image-6079\" src=\"http:\/\/www.suso-club.at\/wp-content\/uploads\/2022\/06\/Karten-Spanien-2-998x1024.jpeg\" alt=\"\" width=\"604\" height=\"620\" srcset=\"https:\/\/www.suso-club.at\/wp-content\/uploads\/2022\/06\/Karten-Spanien-2-998x1024.jpeg 998w, https:\/\/www.suso-club.at\/wp-content\/uploads\/2022\/06\/Karten-Spanien-2-292x300.jpeg 292w, https:\/\/www.suso-club.at\/wp-content\/uploads\/2022\/06\/Karten-Spanien-2-768x788.jpeg 768w\" sizes=\"(max-width: 604px) 100vw, 604px\" \/><figcaption id=\"caption-attachment-6079\" class=\"wp-caption-text\">Selektionslauf 2: Sierra Elvira<\/figcaption><\/figure>\n<p class=\"p3\"><span class=\"s2\">Von 20. bis 22. Mai war es endlich soweit! Schon am Vortag hat sich unser Team auf den Weg gemacht, da die Meisterschaften im Norden Spaniens, etwa 9 Autostunden von Granada entfernt, ausgetragen wurden.\u00a0<\/span><\/p>\n<p class=\"p3\"><span class=\"s2\">Die Akkreditierung in der Tasche, ging es gleich am ersten Tag der Meisterschaften zum nicht weit entfernten Modelevent.\u00a0<\/span><\/p>\n<figure id=\"attachment_6075\" aria-describedby=\"caption-attachment-6075\" style=\"width: 604px\" class=\"wp-caption alignnone\"><img decoding=\"async\" loading=\"lazy\" class=\"size-large wp-image-6075\" src=\"http:\/\/www.suso-club.at\/wp-content\/uploads\/2022\/06\/Karten-Spanien-3-694x1024.jpeg\" alt=\"\" width=\"604\" height=\"891\" srcset=\"https:\/\/www.suso-club.at\/wp-content\/uploads\/2022\/06\/Karten-Spanien-3-694x1024.jpeg 694w, https:\/\/www.suso-club.at\/wp-content\/uploads\/2022\/06\/Karten-Spanien-3-203x300.jpeg 203w, https:\/\/www.suso-club.at\/wp-content\/uploads\/2022\/06\/Karten-Spanien-3-768x1132.jpeg 768w\" sizes=\"(max-width: 604px) 100vw, 604px\" \/><figcaption id=\"caption-attachment-6075\" class=\"wp-caption-text\">Karte: Modelevent<\/figcaption><\/figure>\n<p class=\"p3\">Am selben Tag nachmittags ging dann endlich der erste Wettkampf \u00fcber die B\u00fchne \u2014 ein Sprint sowohl mit urbanen als auch periurbanen Elementen. Wie Athleten mussten vie unserem Start in Quarant\u00e4ne gehen und hatten dort dann auch erstmals Kontakt zu den \u00fcbrigen Teams aus Spanien! F\u00fcr uns war diese erste Etappe ein guter Gradmesser wie wir uns im Feld der spanischen Studenten, die unter anderem einen guten Teil des Nationalteams stellen, schlagen k\u00f6nnen. So konnten wir die Pl\u00e4tze 14. (Christoph Wendner), 23. (Andr\u00e9s Barrio), 32. (Miguel Angel Maza) und bei den Damen 30. (Vera Collado) belegen.<\/p>\n<figure id=\"attachment_6077\" aria-describedby=\"caption-attachment-6077\" style=\"width: 604px\" class=\"wp-caption alignnone\"><img decoding=\"async\" loading=\"lazy\" class=\"size-large wp-image-6077\" src=\"http:\/\/www.suso-club.at\/wp-content\/uploads\/2022\/06\/Karten-Spanien-5-714x1024.jpeg\" alt=\"\" width=\"604\" height=\"866\" srcset=\"https:\/\/www.suso-club.at\/wp-content\/uploads\/2022\/06\/Karten-Spanien-5-714x1024.jpeg 714w, https:\/\/www.suso-club.at\/wp-content\/uploads\/2022\/06\/Karten-Spanien-5-209x300.jpeg 209w, https:\/\/www.suso-club.at\/wp-content\/uploads\/2022\/06\/Karten-Spanien-5-768x1101.jpeg 768w, https:\/\/www.suso-club.at\/wp-content\/uploads\/2022\/06\/Karten-Spanien-5.jpeg 1428w\" sizes=\"(max-width: 604px) 100vw, 604px\" \/><figcaption id=\"caption-attachment-6077\" class=\"wp-caption-text\">Karte: Sprint<\/figcaption><\/figure>\n<p class=\"p3\">Am folgenden Tag stand eine technisch hochanspruchsvolle Mitteldistanz am Programm, die s\u00e4mtlichen L\u00e4ufern sowohl von technischer als auch von l\u00e4uferischer Seite alles abverlangt hat. Dies hat sich auch in den Zielzeiten der L\u00e4ufer niedergeschlagen und so stand der Gewinner nach knapp unter 40 Minuten im Ziel. An diesem Tag belegten die Teammitglieder aus Granada die Pl\u00e4tze 18. (Christoph Wendner), 19. (Andr\u00e9s Barrio), 29. (Miguel Angel Maza) und 30. (Vera Collado).<\/p>\n<figure id=\"attachment_6078\" aria-describedby=\"caption-attachment-6078\" style=\"width: 604px\" class=\"wp-caption alignnone\"><img decoding=\"async\" loading=\"lazy\" class=\"size-large wp-image-6078\" src=\"http:\/\/www.suso-club.at\/wp-content\/uploads\/2022\/06\/Karten-Spanien-6-1024x676.jpeg\" alt=\"\" width=\"604\" height=\"399\" srcset=\"https:\/\/www.suso-club.at\/wp-content\/uploads\/2022\/06\/Karten-Spanien-6.jpeg 1024w, https:\/\/www.suso-club.at\/wp-content\/uploads\/2022\/06\/Karten-Spanien-6-300x198.jpeg 300w, https:\/\/www.suso-club.at\/wp-content\/uploads\/2022\/06\/Karten-Spanien-6-768x507.jpeg 768w\" sizes=\"(max-width: 604px) 100vw, 604px\" \/><figcaption id=\"caption-attachment-6078\" class=\"wp-caption-text\">Karte: Mitteldistanz<\/figcaption><\/figure>\n<p class=\"p3\"><span class=\"s2\">Am Nachmittag desselben Tages stand eine besondere, in \u00d6sterreich wenig praktizierte Disziplin, am Programm \u2014 Trail-O oder auch Pr\u00e4zisions-OL. Trail-O ist eine Form von Orientieren f\u00fcr k\u00f6rperlich eingeschr\u00e4nkte Person. Es geht hierbei nicht darum eine bestimmte Route schnellstm\u00f6glich zu absolvieren, sondern vielmehr darum aus einer bestimmten Distanz mit Hilfe einer gew\u00f6hnlichen OL-Karte zu erkennen, ob der Posten korrekt platziert wurde oder nicht. In diesem Fall galt es 20 Posten zu bewerten, wobei in diesem Fall nicht zwischen Herren und Damen in der Wertung unterschieden wurde. Besonders ist diesmal die Leistung von meinem Teamkollegen Andr\u00e9s hervorzuheben, der lediglich zwei Posten falsch bewertet hat und damit einen \u00fcberragenden 7. Platz erzielt hat. Die anderen Teammitglieder haben die Pl\u00e4tze 16. (Vera Collado), 56. (Christoph Wendner) und 67. (Miguel Angel Maza) belegt.<\/span><\/p>\n<p class=\"p3\"><span class=\"s2\">Der Folgetag war bereits der letzte Tag dieses sch\u00f6nen Events. Mit m\u00fcden Beinen wurden die Athleten ein letztes Mal in die Startbox gerufen, um in einer anspruchsvollen Langdistanz ihr K\u00f6nnen unter Beweis zu stellen. Die vielen H\u00f6henmeter und verh\u00e4ltnism\u00e4\u00dfig karge Landschaft kam einem gewissen \u00f6sterreichischen Bergcharakter gleich!<\/span><\/p>\n<p class=\"p3\"><span class=\"s2\">Besonders erfreulich, f\u00fcr mich war die Langdistanz der beste Wettkampf und einer von wenigen L\u00e4ufen, in denen ich kaum gr\u00f6\u00dfere Fehler begangen hab. Besonders spannend die Routenwahl zu Posten zwei, die mich dazu gezwungen hat gef\u00fchlte 3 Minuten stehen zu bleiben und gr\u00fcndlich zu \u00fcberlegen wie ich am besten zu Posten 2 komme. Am Ende entschied ich mich f\u00fcr den \u00f6stlichen Weg, da ich \u00fcber diesen keine Fehler machen konnte, angenehme Laufbedingungen vorfinden w\u00fcrde und gleichzeitig schon ein wenig vorplanen konnte \u2014 die Entscheidung stellte sich f\u00fcr mich als die Richtige heraus! Leider mussten sich Miguel Angel Maza und Vera Collado von den Kraftakten der letzten Tage geschlagen geben und den Wettkampf abbrechen. Andr\u00e9s hat tapfer gek\u00e4mpft und nach 2 Stunden und 39 Minuten als 27. das Ziel erreicht. Ich durfte mich bei vorletzten Posten freuen Andr\u00e9s eingeholt zu haben und hab als 12. Platt nach 1 Stunde und 39 Minuten die Ziellinie \u00fcberquert!<\/span><\/p>\n<figure id=\"attachment_6076\" aria-describedby=\"caption-attachment-6076\" style=\"width: 604px\" class=\"wp-caption alignnone\"><img decoding=\"async\" loading=\"lazy\" class=\"size-large wp-image-6076\" src=\"http:\/\/www.suso-club.at\/wp-content\/uploads\/2022\/06\/Karten-Spanien-4-1024x714.jpeg\" alt=\"\" width=\"604\" height=\"421\" srcset=\"https:\/\/www.suso-club.at\/wp-content\/uploads\/2022\/06\/Karten-Spanien-4-1024x714.jpeg 1024w, https:\/\/www.suso-club.at\/wp-content\/uploads\/2022\/06\/Karten-Spanien-4-300x209.jpeg 300w, https:\/\/www.suso-club.at\/wp-content\/uploads\/2022\/06\/Karten-Spanien-4-768x536.jpeg 768w, https:\/\/www.suso-club.at\/wp-content\/uploads\/2022\/06\/Karten-Spanien-4.jpeg 1600w\" sizes=\"(max-width: 604px) 100vw, 604px\" \/><figcaption id=\"caption-attachment-6076\" class=\"wp-caption-text\">Karte: Langdistanz<\/figcaption><\/figure>\n<figure id=\"attachment_6072\" aria-describedby=\"caption-attachment-6072\" style=\"width: 604px\" class=\"wp-caption alignnone\"><img decoding=\"async\" loading=\"lazy\" class=\"size-large wp-image-6072\" src=\"http:\/\/www.suso-club.at\/wp-content\/uploads\/2022\/06\/Wendner-gro\u00df-822x1024.jpeg\" alt=\"\" width=\"604\" height=\"752\" srcset=\"https:\/\/www.suso-club.at\/wp-content\/uploads\/2022\/06\/Wendner-gro\u00df.jpeg 822w, https:\/\/www.suso-club.at\/wp-content\/uploads\/2022\/06\/Wendner-gro\u00df-241x300.jpeg 241w, https:\/\/www.suso-club.at\/wp-content\/uploads\/2022\/06\/Wendner-gro\u00df-768x957.jpeg 768w\" sizes=\"(max-width: 604px) 100vw, 604px\" \/><figcaption id=\"caption-attachment-6072\" class=\"wp-caption-text\">Christoph Wendner &#8211; Erfahrung aus Spanien<\/figcaption><\/figure>\n<p class=\"p3\"><span class=\"s2\">Alles in allem war es das sch\u00f6nste OL-Event meines gesamten Aufenthalts, da ich ausschlie\u00dflich Zeit mit Spanier:innen in meinem Alter verbringen durfte und sich viele Freundschaften intensiviert und neu ergeben haben. Au\u00dferdem war es mir eine Ehre Granada bei den Universit\u00e4tsmeisterschaften vertreten zu d\u00fcrfen \u2014 ein Vergn\u00fcgen, das sich hoffentlich einmal in Graz wiederholen wird!<\/span><\/p>\n<figure id=\"attachment_6073\" aria-describedby=\"caption-attachment-6073\" style=\"width: 604px\" class=\"wp-caption alignnone\"><img decoding=\"async\" loading=\"lazy\" class=\"size-large wp-image-6073\" src=\"http:\/\/www.suso-club.at\/wp-content\/uploads\/2022\/06\/Team-Wendner-Granada-1024x647.jpeg\" alt=\"\" width=\"604\" height=\"382\" srcset=\"https:\/\/www.suso-club.at\/wp-content\/uploads\/2022\/06\/Team-Wendner-Granada-1024x647.jpeg 1024w, https:\/\/www.suso-club.at\/wp-content\/uploads\/2022\/06\/Team-Wendner-Granada-300x190.jpeg 300w, https:\/\/www.suso-club.at\/wp-content\/uploads\/2022\/06\/Team-Wendner-Granada-768x486.jpeg 768w, https:\/\/www.suso-club.at\/wp-content\/uploads\/2022\/06\/Team-Wendner-Granada.jpeg 1104w\" sizes=\"(max-width: 604px) 100vw, 604px\" \/><figcaption id=\"caption-attachment-6073\" class=\"wp-caption-text\">Die Teams aus Granada, Sevilla, M\u00e1laga, C\u00e1diz und Teneriffa.<\/figcaption><\/figure>\n<p class=\"p3\">Gest\u00e4rkt durch viele Trainings und Wettk\u00e4mpfe in spanischen Terrains kehre ich Anfang Juli nach Graz zur\u00fcck und werde gleich bei der CRET meine neu gewonnene Erfahrung unter Beweis stellen \u2014 voller Vorfreude auf Wiedersehen im SUSO!!<\/p>\n","protected":false},"excerpt":{"rendered":"<p>So schnell kann\u2018s gehen und schon sind 10 Monate in Spanien vorbei! Nach meiner Halbzeit im Februar gab\u2018s bereits einen Beitrag, der die erste H\u00e4lfte meines Erasmusaufenhaltes res\u00fcmiert hat. Nun folgt Part zwei meiner OL Abenteuer, die ich hier in Spanien erleben durfte. Neben zahlreichen provinziellen und regionalen Wettk\u00e4mpfen haben die spanischen Universit\u00e4tsmeisterschaften definitiv das &hellip; <a href=\"https:\/\/www.suso-club.at\/de\/2022\/06\/23\/unser-mann-in-la-mancha-christoph-wendner\/\" class=\"more-link\"><span class=\"screen-reader-text\">Unser Mann in la Mancha &#8211; Christoph Wendner<\/span> weiterlesen <span class=\"meta-nav\">&rarr;<\/span><\/a><\/p>\n","protected":false},"author":10,"featured_media":6071,"comment_status":"closed","ping_status":"open","sticky":false,"template":"","format":"standard","meta":[],"categories":[1,11,4],"tags":[],"translation":{"provider":"WPGlobus","version":"2.12.2","language":"de","enabled_languages":["en","de"],"languages":{"en":{"title":true,"content":true,"excerpt":false},"de":{"title":false,"content":false,"excerpt":false}}},"_links":{"self":[{"href":"https:\/\/www.suso-club.at\/de\/wp-json\/wp\/v2\/posts\/6080"}],"collection":[{"href":"https:\/\/www.suso-club.at\/de\/wp-json\/wp\/v2\/posts"}],"about":[{"href":"https:\/\/www.suso-club.at\/de\/wp-json\/wp\/v2\/types\/post"}],"author":[{"embeddable":true,"href":"https:\/\/www.suso-club.at\/de\/wp-json\/wp\/v2\/users\/10"}],"replies":[{"embeddable":true,"href":"https:\/\/www.suso-club.at\/de\/wp-json\/wp\/v2\/comments?post=6080"}],"version-history":[{"count":3,"href":"https:\/\/www.suso-club.at\/de\/wp-json\/wp\/v2\/posts\/6080\/revisions"}],"predecessor-version":[{"id":6083,"href":"https:\/\/www.suso-club.at\/de\/wp-json\/wp\/v2\/posts\/6080\/revisions\/6083"}],"wp:featuredmedia":[{"embeddable":true,"href":"https:\/\/www.suso-club.at\/de\/wp-json\/wp\/v2\/media\/6071"}],"wp:attachment":[{"href":"https:\/\/www.suso-club.at\/de\/wp-json\/wp\/v2\/media?parent=6080"}],"wp:term":[{"taxonomy":"category","embeddable":true,"href":"https:\/\/www.suso-club.at\/de\/wp-json\/wp\/v2\/categories?post=6080"},{"taxonomy":"post_tag","embeddable":true,"href":"https:\/\/www.suso-club.at\/de\/wp-json\/wp\/v2\/tags?post=6080"}],"curies":[{"name":"wp","href":"https:\/\/api.w.org\/{rel}","templated":true}]}}