{"id":6254,"date":"2023-03-27T07:54:51","date_gmt":"2023-03-27T05:54:51","guid":{"rendered":"http:\/\/www.suso-club.at\/?p=6254"},"modified":"2023-04-01T09:20:52","modified_gmt":"2023-04-01T07:20:52","slug":"saisonstart-in-schattendorf","status":"publish","type":"post","link":"https:\/\/www.suso-club.at\/de\/2023\/03\/27\/saisonstart-in-schattendorf\/","title":{"rendered":"Saisonstart in Schattendorf"},"content":{"rendered":"<p>Das erste Austria-Cup Wochenende ist Geschichte. Ausgerichtet wurde die \u00d6sterr. Staatsmeisterschaft in Langdistanz und die \u00d6sterr. Meisterschaft im Mannschaftbewerb. Das Gel\u00e4nde war nicht extrem steil und (vermutlich aber nur zu dieser Jahreszeit) sehr gut belaufbar. Wenig oder nur geringer Dornenbewuchs erm\u00f6glichten einen spannenden Lauf. Auch das Wetter konnte gut mithalten, obwohl es am Anfang nach etwas Regen aussah. Im Zieleinlauf \u00fcberraschten uns sogar einige Sonnenstrahlen.<\/p>\n<p>Freuen d\u00fcrfen wir uns \u00fcber den Comeback von Hannah Winkler. Nach fast 2-j\u00e4hrigem\u00a0verletzungsbedingten Ausfall, kehrt Hannah nun wieder zur\u00fcck an den Start.<\/p>\n<p>Gratulieren darf man unseren jungen Siegerinnen bei der Langdistanz Flora Aigm\u00fcller (1.Pl D20), Hannah Winkler (2.Pl. D20), Camilla Aigm\u00fcller (3.Pl. D18) und Kerstin Holzer (1.Pl.D15-18). Beim Mannschaftslauf k\u00f6nnte sich unser Jugendteam mit Camilla Aigm\u00fcller, Charlotte Brischnik und Eva Monsberg den Meisterschaftstitel in der Kategorie D15-18 holen.<\/p>\n<p>Ergebnisse:<\/p>\n<ul>\n<li>Langdistanz:\u00a0<a href=\"https:\/\/www.oefol.at\/anne\/files\/uploaded\/event_3830_ergebnisse.html\">\u00d6STM Langdistanz, 1. Austria Cup &#8211; Ergebnis (oefol.at)<\/a><\/li>\n<li>Mannschaft:\u00a0<a href=\"https:\/\/www.oefol.at\/anne\/files\/uploaded\/event_3831_ergebnisse.html\">\u00d6M Mannschaft &#8211; Ergebnis (oefol.at)<\/a><\/li>\n<\/ul>\n<p>Fotos:<\/p>\n<ul>\n<li>Weitere Fotos siehe auf unseren Instagram Account:\u00a0<a href=\"https:\/\/www.instagram.com\/su.schoeckl.orienteering\/\">SUSO \u25ea (@su.schoeckl.orienteering) \u2022 Instagram-Fotos und -Videos<\/a><\/li>\n<\/ul>\n<p><img decoding=\"async\" loading=\"lazy\" class=\"alignnone wp-image-6259 size-large\" src=\"http:\/\/www.suso-club.at\/wp-content\/uploads\/2023\/03\/image2-1024x584.jpeg\" alt=\"\" width=\"604\" height=\"344\" srcset=\"https:\/\/www.suso-club.at\/wp-content\/uploads\/2023\/03\/image2-1024x584.jpeg 1024w, https:\/\/www.suso-club.at\/wp-content\/uploads\/2023\/03\/image2-300x171.jpeg 300w, https:\/\/www.suso-club.at\/wp-content\/uploads\/2023\/03\/image2-768x438.jpeg 768w\" sizes=\"(max-width: 604px) 100vw, 604px\" \/><\/p>\n<p><img decoding=\"async\" loading=\"lazy\" class=\"alignnone wp-image-6258 size-large\" src=\"http:\/\/www.suso-club.at\/wp-content\/uploads\/2023\/03\/image1-1024x675.jpeg\" alt=\"\" width=\"604\" height=\"398\" srcset=\"https:\/\/www.suso-club.at\/wp-content\/uploads\/2023\/03\/image1-1024x675.jpeg 1024w, https:\/\/www.suso-club.at\/wp-content\/uploads\/2023\/03\/image1-300x198.jpeg 300w, https:\/\/www.suso-club.at\/wp-content\/uploads\/2023\/03\/image1-768x506.jpeg 768w, https:\/\/www.suso-club.at\/wp-content\/uploads\/2023\/03\/image1.jpeg 1824w\" sizes=\"(max-width: 604px) 100vw, 604px\" \/><\/p>\n<p><img decoding=\"async\" loading=\"lazy\" class=\"alignnone wp-image-6257 size-large\" src=\"http:\/\/www.suso-club.at\/wp-content\/uploads\/2023\/03\/image0-1024x546.jpeg\" alt=\"\" width=\"604\" height=\"322\" srcset=\"https:\/\/www.suso-club.at\/wp-content\/uploads\/2023\/03\/image0-1024x546.jpeg 1024w, https:\/\/www.suso-club.at\/wp-content\/uploads\/2023\/03\/image0-300x160.jpeg 300w, https:\/\/www.suso-club.at\/wp-content\/uploads\/2023\/03\/image0-768x409.jpeg 768w\" sizes=\"(max-width: 604px) 100vw, 604px\" \/><\/p>\n","protected":false},"excerpt":{"rendered":"<p>Das erste Austria-Cup Wochenende ist Geschichte. Ausgerichtet wurde die \u00d6sterr. Staatsmeisterschaft in Langdistanz und die \u00d6sterr. Meisterschaft im Mannschaftbewerb. Das Gel\u00e4nde war nicht extrem steil und (vermutlich aber nur zu dieser Jahreszeit) sehr gut belaufbar. Wenig oder nur geringer Dornenbewuchs erm\u00f6glichten einen spannenden Lauf. Auch das Wetter konnte gut mithalten, obwohl es am Anfang nach &hellip; <a href=\"https:\/\/www.suso-club.at\/de\/2023\/03\/27\/saisonstart-in-schattendorf\/\" class=\"more-link\"><span class=\"screen-reader-text\">Saisonstart in Schattendorf<\/span> weiterlesen <span class=\"meta-nav\">&rarr;<\/span><\/a><\/p>\n","protected":false},"author":3,"featured_media":6258,"comment_status":"closed","ping_status":"open","sticky":false,"template":"","format":"standard","meta":[],"categories":[1],"tags":[],"translation":{"provider":"WPGlobus","version":"2.12.2","language":"de","enabled_languages":["en","de"],"languages":{"en":{"title":true,"content":true,"excerpt":false},"de":{"title":false,"content":false,"excerpt":false}}},"_links":{"self":[{"href":"https:\/\/www.suso-club.at\/de\/wp-json\/wp\/v2\/posts\/6254"}],"collection":[{"href":"https:\/\/www.suso-club.at\/de\/wp-json\/wp\/v2\/posts"}],"about":[{"href":"https:\/\/www.suso-club.at\/de\/wp-json\/wp\/v2\/types\/post"}],"author":[{"embeddable":true,"href":"https:\/\/www.suso-club.at\/de\/wp-json\/wp\/v2\/users\/3"}],"replies":[{"embeddable":true,"href":"https:\/\/www.suso-club.at\/de\/wp-json\/wp\/v2\/comments?post=6254"}],"version-history":[{"count":7,"href":"https:\/\/www.suso-club.at\/de\/wp-json\/wp\/v2\/posts\/6254\/revisions"}],"predecessor-version":[{"id":6265,"href":"https:\/\/www.suso-club.at\/de\/wp-json\/wp\/v2\/posts\/6254\/revisions\/6265"}],"wp:featuredmedia":[{"embeddable":true,"href":"https:\/\/www.suso-club.at\/de\/wp-json\/wp\/v2\/media\/6258"}],"wp:attachment":[{"href":"https:\/\/www.suso-club.at\/de\/wp-json\/wp\/v2\/media?parent=6254"}],"wp:term":[{"taxonomy":"category","embeddable":true,"href":"https:\/\/www.suso-club.at\/de\/wp-json\/wp\/v2\/categories?post=6254"},{"taxonomy":"post_tag","embeddable":true,"href":"https:\/\/www.suso-club.at\/de\/wp-json\/wp\/v2\/tags?post=6254"}],"curies":[{"name":"wp","href":"https:\/\/api.w.org\/{rel}","templated":true}]}}