{"id":6349,"date":"2023-08-22T09:52:09","date_gmt":"2023-08-22T07:52:09","guid":{"rendered":"http:\/\/www.suso-club.at\/?p=6349"},"modified":"2023-08-31T08:37:45","modified_gmt":"2023-08-31T06:37:45","slug":"aktiv-im-sommer","status":"publish","type":"post","link":"https:\/\/www.suso-club.at\/de\/2023\/08\/22\/aktiv-im-sommer\/","title":{"rendered":"Aktiv im Sommer"},"content":{"rendered":"\n<p>In den Sommermonaten werden in vielen L\u00e4ndern sogenannte Mehr-Tage-Etappenl\u00e4ufe angeboten. Dieses Angebot nutzen viele Orientierungsl\u00e4ufer:innen, um einen Teil der Ferien als Aktivurlaub zu nutzen. Der gr\u00f6\u00dfte Event findet allj\u00e4hrlich in Schweden statt. \u00dcber 15.000 Orientierer stehen beim &#8222;O-Ringen&#8220; Jahr f\u00fcr Jahr am Start!<br>Auch von unserem Club waren einige aktiv. Christopher Immervoll, Carsten Fink und Doris Nesitka starteten beim 5-Tage-OL im Bayrischen Wald mit Spezialdress. Martin Brantner,  Gustav Greiner, Uwe Kehlhar und Hannes Pacher versuchten sich bei der SWISS-O-Week in Flims\/Schweiz und konnten so die historische WM-Medaille (Bronze) von Jannis Bonek miterleben. Familie Greiner nahm bei der letzten Etappe im Flimser Bergsturz teil, bevor sie bei Ihrer weiteren Reise durch Frankreich auf zwei &#8222;Permanent-Strecken&#8220; stolperte. Hannes Pacher lief auch noch den 5-Tage-OL (O&#8217;France) in den Pyren\u00e4en, w\u00e4hrend Martin Brantner  im Sandsteingebiet im WM-Gebiet von 2021  in Tschechien an den Start ging. Schlie\u00dflich suchte Ende August Familie Steiner\/Scheidl die Herausforderung  bei der VOC (3-Tage &#8222;Vienna Orienteering Challenge&#8220;).  <\/p>\n\n\n\n<figure class=\"wp-block-image size-large\"><img decoding=\"async\" loading=\"lazy\" width=\"1024\" height=\"682\" src=\"http:\/\/www.suso-club.at\/wp-content\/uploads\/2023\/08\/VOC2023-Steiner-3-1024x682.jpg\" alt=\"\" class=\"wp-image-6365\" srcset=\"https:\/\/www.suso-club.at\/wp-content\/uploads\/2023\/08\/VOC2023-Steiner-3-1024x682.jpg 1024w, https:\/\/www.suso-club.at\/wp-content\/uploads\/2023\/08\/VOC2023-Steiner-3-300x200.jpg 300w, https:\/\/www.suso-club.at\/wp-content\/uploads\/2023\/08\/VOC2023-Steiner-3-768x512.jpg 768w, https:\/\/www.suso-club.at\/wp-content\/uploads\/2023\/08\/VOC2023-Steiner-3.jpg 1325w\" sizes=\"(max-width: 1024px) 100vw, 1024px\" \/><figcaption class=\"wp-element-caption\">Helmut Steiner im Ziel der Vienna Orienteering Challenge <\/figcaption><\/figure>\n\n\n\n<figure class=\"wp-block-image size-large\"><img decoding=\"async\" loading=\"lazy\" width=\"1024\" height=\"682\" src=\"http:\/\/www.suso-club.at\/wp-content\/uploads\/2023\/08\/IMG_6420-1024x682.jpg\" alt=\"\" class=\"wp-image-6346\" srcset=\"https:\/\/www.suso-club.at\/wp-content\/uploads\/2023\/08\/IMG_6420-1024x682.jpg 1024w, https:\/\/www.suso-club.at\/wp-content\/uploads\/2023\/08\/IMG_6420-300x200.jpg 300w, https:\/\/www.suso-club.at\/wp-content\/uploads\/2023\/08\/IMG_6420-768x511.jpg 768w, https:\/\/www.suso-club.at\/wp-content\/uploads\/2023\/08\/IMG_6420-1536x1022.jpg 1536w, https:\/\/www.suso-club.at\/wp-content\/uploads\/2023\/08\/IMG_6420.jpg 2048w\" sizes=\"(max-width: 1024px) 100vw, 1024px\" \/><figcaption class=\"wp-element-caption\">Doris Nesitka im Bayrischen Wald<\/figcaption><\/figure>\n\n\n\n<figure class=\"wp-block-image size-full is-resized\"><img decoding=\"async\" loading=\"lazy\" src=\"http:\/\/www.suso-club.at\/wp-content\/uploads\/2023\/08\/2a0e625d-9127-4801-a37a-aeed55cc9a22.jpg\" alt=\"\" class=\"wp-image-6348\" width=\"632\" height=\"465\" srcset=\"https:\/\/www.suso-club.at\/wp-content\/uploads\/2023\/08\/2a0e625d-9127-4801-a37a-aeed55cc9a22.jpg 367w, https:\/\/www.suso-club.at\/wp-content\/uploads\/2023\/08\/2a0e625d-9127-4801-a37a-aeed55cc9a22-300x221.jpg 300w\" sizes=\"(max-width: 632px) 100vw, 632px\" \/><figcaption class=\"wp-element-caption\">Carsten Fink beim letzten Posten<\/figcaption><\/figure>\n\n\n\n<figure class=\"wp-block-image size-large\"><img decoding=\"async\" loading=\"lazy\" width=\"682\" height=\"1024\" src=\"http:\/\/www.suso-club.at\/wp-content\/uploads\/2023\/08\/IMG_6419-682x1024.jpg\" alt=\"\" class=\"wp-image-6347\" srcset=\"https:\/\/www.suso-club.at\/wp-content\/uploads\/2023\/08\/IMG_6419-682x1024.jpg 682w, https:\/\/www.suso-club.at\/wp-content\/uploads\/2023\/08\/IMG_6419-200x300.jpg 200w, https:\/\/www.suso-club.at\/wp-content\/uploads\/2023\/08\/IMG_6419-768x1154.jpg 768w, https:\/\/www.suso-club.at\/wp-content\/uploads\/2023\/08\/IMG_6419.jpg 856w\" sizes=\"(max-width: 682px) 100vw, 682px\" \/><figcaption class=\"wp-element-caption\">Christopher Immervoll im Spezialdress<\/figcaption><\/figure>\n\n\n\n<figure class=\"wp-block-image size-large\"><img decoding=\"async\" loading=\"lazy\" width=\"1024\" height=\"683\" src=\"http:\/\/www.suso-club.at\/wp-content\/uploads\/2023\/08\/SOW-PAcher-Stage-3-Kopie-1024x683.jpeg\" alt=\"\" class=\"wp-image-6344\" srcset=\"https:\/\/www.suso-club.at\/wp-content\/uploads\/2023\/08\/SOW-PAcher-Stage-3-Kopie-1024x683.jpeg 1024w, https:\/\/www.suso-club.at\/wp-content\/uploads\/2023\/08\/SOW-PAcher-Stage-3-Kopie-300x200.jpeg 300w, https:\/\/www.suso-club.at\/wp-content\/uploads\/2023\/08\/SOW-PAcher-Stage-3-Kopie-768x512.jpeg 768w, https:\/\/www.suso-club.at\/wp-content\/uploads\/2023\/08\/SOW-PAcher-Stage-3-Kopie-1536x1024.jpeg 1536w, https:\/\/www.suso-club.at\/wp-content\/uploads\/2023\/08\/SOW-PAcher-Stage-3-Kopie-2048x1365.jpeg 2048w\" sizes=\"(max-width: 1024px) 100vw, 1024px\" \/><figcaption class=\"wp-element-caption\">Hannes Pacher bei der SOW unterhalb des Vorab-Gletschers auf 2700m<\/figcaption><\/figure>\n\n\n\n<figure class=\"wp-block-image size-full\"><img decoding=\"async\" loading=\"lazy\" width=\"734\" height=\"552\" src=\"http:\/\/www.suso-club.at\/wp-content\/uploads\/2023\/08\/O-Park-Frankreich.jpg\" alt=\"\" class=\"wp-image-6351\" srcset=\"https:\/\/www.suso-club.at\/wp-content\/uploads\/2023\/08\/O-Park-Frankreich.jpg 734w, https:\/\/www.suso-club.at\/wp-content\/uploads\/2023\/08\/O-Park-Frankreich-300x226.jpg 300w\" sizes=\"(max-width: 734px) 100vw, 734px\" \/><figcaption class=\"wp-element-caption\">O-Park an der Atlantik K\u00fcste<\/figcaption><\/figure>\n\n\n\n<figure class=\"wp-block-image size-full\"><img decoding=\"async\" loading=\"lazy\" width=\"626\" height=\"366\" src=\"http:\/\/www.suso-club.at\/wp-content\/uploads\/2023\/08\/VOC-Bild.jpeg\" alt=\"\" class=\"wp-image-6355\" srcset=\"https:\/\/www.suso-club.at\/wp-content\/uploads\/2023\/08\/VOC-Bild.jpeg 626w, https:\/\/www.suso-club.at\/wp-content\/uploads\/2023\/08\/VOC-Bild-300x175.jpeg 300w\" sizes=\"(max-width: 626px) 100vw, 626px\" \/><figcaption class=\"wp-element-caption\">Sprintbewerbe in urbanem Gel\u00e4nde bei der VOC<\/figcaption><\/figure>\n\n\n\n<figure class=\"wp-block-image size-full\"><img decoding=\"async\" loading=\"lazy\" width=\"905\" height=\"589\" src=\"http:\/\/www.suso-club.at\/wp-content\/uploads\/2023\/08\/VOC2023-Steiner-5.jpg\" alt=\"\" class=\"wp-image-6367\" srcset=\"https:\/\/www.suso-club.at\/wp-content\/uploads\/2023\/08\/VOC2023-Steiner-5.jpg 905w, https:\/\/www.suso-club.at\/wp-content\/uploads\/2023\/08\/VOC2023-Steiner-5-300x195.jpg 300w, https:\/\/www.suso-club.at\/wp-content\/uploads\/2023\/08\/VOC2023-Steiner-5-768x500.jpg 768w\" sizes=\"(max-width: 905px) 100vw, 905px\" \/><figcaption class=\"wp-element-caption\">Martina Scheidl im Wiener Augarten<\/figcaption><\/figure>\n\n\n\n<figure class=\"wp-block-image size-large\"><img decoding=\"async\" loading=\"lazy\" width=\"1024\" height=\"682\" src=\"http:\/\/www.suso-club.at\/wp-content\/uploads\/2023\/08\/VOC2023-Steiner-1-1024x682.jpg\" alt=\"\" class=\"wp-image-6364\" srcset=\"https:\/\/www.suso-club.at\/wp-content\/uploads\/2023\/08\/VOC2023-Steiner-1-1024x682.jpg 1024w, https:\/\/www.suso-club.at\/wp-content\/uploads\/2023\/08\/VOC2023-Steiner-1-300x200.jpg 300w, https:\/\/www.suso-club.at\/wp-content\/uploads\/2023\/08\/VOC2023-Steiner-1-768x512.jpg 768w, https:\/\/www.suso-club.at\/wp-content\/uploads\/2023\/08\/VOC2023-Steiner-1.jpg 1325w\" sizes=\"(max-width: 1024px) 100vw, 1024px\" \/><figcaption class=\"wp-element-caption\">Klaus Scheidl im Zielsprint<\/figcaption><\/figure>\n\n\n\n<figure class=\"wp-block-image size-full is-resized\"><img decoding=\"async\" loading=\"lazy\" src=\"http:\/\/www.suso-club.at\/wp-content\/uploads\/2023\/08\/VOC2023-Steiner-4.jpg\" alt=\"\" class=\"wp-image-6366\" width=\"634\" height=\"542\" srcset=\"https:\/\/www.suso-club.at\/wp-content\/uploads\/2023\/08\/VOC2023-Steiner-4.jpg 585w, https:\/\/www.suso-club.at\/wp-content\/uploads\/2023\/08\/VOC2023-Steiner-4-300x256.jpg 300w\" sizes=\"(max-width: 634px) 100vw, 634px\" \/><figcaption class=\"wp-element-caption\">Immer voller Einsatz von Helmut Steiner<\/figcaption><\/figure>\n","protected":false},"excerpt":{"rendered":"<p>In den Sommermonaten werden in vielen L\u00e4ndern sogenannte Mehr-Tage-Etappenl\u00e4ufe angeboten. Dieses Angebot nutzen viele Orientierungsl\u00e4ufer:innen, um einen Teil der Ferien als Aktivurlaub zu nutzen. Der gr\u00f6\u00dfte Event findet allj\u00e4hrlich in Schweden statt. \u00dcber 15.000 Orientierer stehen beim &#8222;O-Ringen&#8220; Jahr f\u00fcr Jahr am Start!Auch von unserem Club waren einige aktiv. Christopher Immervoll, Carsten Fink und Doris &hellip; <a href=\"https:\/\/www.suso-club.at\/de\/2023\/08\/22\/aktiv-im-sommer\/\" class=\"more-link\"><span class=\"screen-reader-text\">Aktiv im Sommer<\/span> weiterlesen <span class=\"meta-nav\">&rarr;<\/span><\/a><\/p>\n","protected":false},"author":8,"featured_media":0,"comment_status":"closed","ping_status":"open","sticky":false,"template":"","format":"standard","meta":[],"categories":[1,8,4],"tags":[],"translation":{"provider":"WPGlobus","version":"2.12.2","language":"de","enabled_languages":["en","de"],"languages":{"en":{"title":true,"content":true,"excerpt":false},"de":{"title":false,"content":false,"excerpt":false}}},"_links":{"self":[{"href":"https:\/\/www.suso-club.at\/de\/wp-json\/wp\/v2\/posts\/6349"}],"collection":[{"href":"https:\/\/www.suso-club.at\/de\/wp-json\/wp\/v2\/posts"}],"about":[{"href":"https:\/\/www.suso-club.at\/de\/wp-json\/wp\/v2\/types\/post"}],"author":[{"embeddable":true,"href":"https:\/\/www.suso-club.at\/de\/wp-json\/wp\/v2\/users\/8"}],"replies":[{"embeddable":true,"href":"https:\/\/www.suso-club.at\/de\/wp-json\/wp\/v2\/comments?post=6349"}],"version-history":[{"count":9,"href":"https:\/\/www.suso-club.at\/de\/wp-json\/wp\/v2\/posts\/6349\/revisions"}],"predecessor-version":[{"id":6372,"href":"https:\/\/www.suso-club.at\/de\/wp-json\/wp\/v2\/posts\/6349\/revisions\/6372"}],"wp:attachment":[{"href":"https:\/\/www.suso-club.at\/de\/wp-json\/wp\/v2\/media?parent=6349"}],"wp:term":[{"taxonomy":"category","embeddable":true,"href":"https:\/\/www.suso-club.at\/de\/wp-json\/wp\/v2\/categories?post=6349"},{"taxonomy":"post_tag","embeddable":true,"href":"https:\/\/www.suso-club.at\/de\/wp-json\/wp\/v2\/tags?post=6349"}],"curies":[{"name":"wp","href":"https:\/\/api.w.org\/{rel}","templated":true}]}}