{"id":6467,"date":"2023-12-08T12:48:02","date_gmt":"2023-12-08T11:48:02","guid":{"rendered":"http:\/\/www.suso-club.at\/?p=6467"},"modified":"2023-12-17T08:57:00","modified_gmt":"2023-12-17T07:57:00","slug":"jahres-bilanz","status":"publish","type":"post","link":"https:\/\/www.suso-club.at\/de\/2023\/12\/08\/jahres-bilanz\/","title":{"rendered":"Jahres-Bilanz"},"content":{"rendered":"\n<figure class=\"wp-block-image size-full\"><img decoding=\"async\" loading=\"lazy\" width=\"800\" height=\"534\" src=\"http:\/\/www.suso-club.at\/wp-content\/uploads\/2023\/12\/Siegerpodest.jpg\" alt=\"\" class=\"wp-image-6466\" srcset=\"https:\/\/www.suso-club.at\/wp-content\/uploads\/2023\/12\/Siegerpodest.jpg 800w, https:\/\/www.suso-club.at\/wp-content\/uploads\/2023\/12\/Siegerpodest-300x200.jpg 300w, https:\/\/www.suso-club.at\/wp-content\/uploads\/2023\/12\/Siegerpodest-768x513.jpg 768w\" sizes=\"(max-width: 800px) 100vw, 800px\" \/><\/figure>\n\n\n\n<p>Die Sportunion Sch\u00f6ckl kann wieder auf eine zufriedenstellende Bilanz zur\u00fcckblicken. Bei der allj\u00e4hrlichen \u00d6FOL-Gala wurden die Gesamtsieger der Austria-Cup-Wertung geehrt bzw. die Vereinswertungen ver\u00f6ffentlicht.<br>Mit dem Ergebnis kann SUSO, trotz des Abganges von einigen Jugendlichen, weiterhin zuversichtlich in die Zukunft blicken.<br>In der Vereinsgesamtwertung wurden 2 Pl\u00e4tze verloren. Dies ist aber vor allem der geringeren Teilnehmerfrequenz geschuldet. Einige Termine waren von privaten Verpflichtungen \u00fcberlagert.<br><\/p>\n\n\n\n<figure class=\"wp-block-image size-full\"><img decoding=\"async\" loading=\"lazy\" width=\"1014\" height=\"806\" src=\"http:\/\/www.suso-club.at\/wp-content\/uploads\/2023\/12\/Verein-Gesamt2023.png\" alt=\"\" class=\"wp-image-6463\" srcset=\"https:\/\/www.suso-club.at\/wp-content\/uploads\/2023\/12\/Verein-Gesamt2023.png 1014w, https:\/\/www.suso-club.at\/wp-content\/uploads\/2023\/12\/Verein-Gesamt2023-300x238.png 300w, https:\/\/www.suso-club.at\/wp-content\/uploads\/2023\/12\/Verein-Gesamt2023-768x610.png 768w\" sizes=\"(max-width: 1014px) 100vw, 1014px\" \/><figcaption class=\"wp-element-caption\">Platz 10<\/figcaption><\/figure>\n\n\n\n<p>Erfreulich die  Platzierung im Nachwuchsbereich. Trotz des Verlustes einiger Jugendlichen (Beendigung bzw. Wechsel zur LA) konnte man den 2.Platz in der Steiermark halten. Der OC F\u00fcrstenfeld, mit einer wesentlich breiteren Vereinsstruktur kam dem Sieger NF Wien bedrohlich nahe!  In den Einzelwertungen der Jugendlichen konnte folgende Podestpl\u00e4tze erlaufen werden:  Hanna Winkler (1.D20E), Camilla Aigm\u00fcller (2. D18E), Flora Aigm\u00fcller (3.D20E)<\/p>\n\n\n\n<figure class=\"wp-block-image size-full\"><img decoding=\"async\" loading=\"lazy\" width=\"902\" height=\"854\" src=\"http:\/\/www.suso-club.at\/wp-content\/uploads\/2023\/12\/VereinNachwuchs2023.png\" alt=\"\" class=\"wp-image-6462\" srcset=\"https:\/\/www.suso-club.at\/wp-content\/uploads\/2023\/12\/VereinNachwuchs2023.png 902w, https:\/\/www.suso-club.at\/wp-content\/uploads\/2023\/12\/VereinNachwuchs2023-300x284.png 300w, https:\/\/www.suso-club.at\/wp-content\/uploads\/2023\/12\/VereinNachwuchs2023-768x727.png 768w\" sizes=\"(max-width: 902px) 100vw, 902px\" \/><figcaption class=\"wp-element-caption\">Ranking gehalten<\/figcaption><\/figure>\n\n\n\n<p>In den Erwachsenen-Kategorien konnte man die guten Platzierungen nicht halten. Bei Senioren:innen gab es einen leichten R\u00fcckschlag. In der Allgemeinen Klasse ging es  einige Pl\u00e4tze abw\u00e4rts.<br>Aber auch hier lag es vor allem an der Teilnehmerfrequenz, die nat\u00fcrlich viele Wertungspunkte kostete. In der Einzelwertung erreichten nur Sandra Faccinelli (2.D21k) und Martin Faccinelli (3. H35) einen Podestplatz.<br><br><\/p>\n\n\n\n<figure class=\"wp-block-image size-large\"><img decoding=\"async\" loading=\"lazy\" width=\"856\" height=\"1024\" src=\"http:\/\/www.suso-club.at\/wp-content\/uploads\/2023\/12\/VereinSenioren2023-856x1024.png\" alt=\"\" class=\"wp-image-6464\" srcset=\"https:\/\/www.suso-club.at\/wp-content\/uploads\/2023\/12\/VereinSenioren2023-856x1024.png 856w, https:\/\/www.suso-club.at\/wp-content\/uploads\/2023\/12\/VereinSenioren2023-251x300.png 251w, https:\/\/www.suso-club.at\/wp-content\/uploads\/2023\/12\/VereinSenioren2023-768x919.png 768w, https:\/\/www.suso-club.at\/wp-content\/uploads\/2023\/12\/VereinSenioren2023.png 998w\" sizes=\"(max-width: 856px) 100vw, 856px\" \/><figcaption class=\"wp-element-caption\">Senioren weiter gut im Rennen<\/figcaption><\/figure>\n\n\n\n<figure class=\"wp-block-image size-large\"><img decoding=\"async\" loading=\"lazy\" width=\"1024\" height=\"1004\" src=\"http:\/\/www.suso-club.at\/wp-content\/uploads\/2023\/12\/Verein-AllgKlasse2023-1024x1004.png\" alt=\"\" class=\"wp-image-6465\" srcset=\"https:\/\/www.suso-club.at\/wp-content\/uploads\/2023\/12\/Verein-AllgKlasse2023-1024x1004.png 1024w, https:\/\/www.suso-club.at\/wp-content\/uploads\/2023\/12\/Verein-AllgKlasse2023-300x294.png 300w, https:\/\/www.suso-club.at\/wp-content\/uploads\/2023\/12\/Verein-AllgKlasse2023-768x753.png 768w, https:\/\/www.suso-club.at\/wp-content\/uploads\/2023\/12\/Verein-AllgKlasse2023.png 1116w\" sizes=\"(max-width: 1024px) 100vw, 1024px\" \/><figcaption class=\"wp-element-caption\">Leichter R\u00fcckschlag<\/figcaption><\/figure>\n\n\n\n<p>Alle Ergebnisse unter \u00d6FOL: <a href=\"https:\/\/www.oefol.at\/austriacup-ranglisten\/\">Austria-CUP 2023<\/a><br><\/p>\n","protected":false},"excerpt":{"rendered":"<p>Die Sportunion Sch\u00f6ckl kann wieder auf eine zufriedenstellende Bilanz zur\u00fcckblicken. Bei der allj\u00e4hrlichen \u00d6FOL-Gala wurden die Gesamtsieger der Austria-Cup-Wertung geehrt bzw. die Vereinswertungen ver\u00f6ffentlicht.Mit dem Ergebnis kann SUSO, trotz des Abganges von einigen Jugendlichen, weiterhin zuversichtlich in die Zukunft blicken.In der Vereinsgesamtwertung wurden 2 Pl\u00e4tze verloren. Dies ist aber vor allem der geringeren Teilnehmerfrequenz geschuldet. &hellip; <a href=\"https:\/\/www.suso-club.at\/de\/2023\/12\/08\/jahres-bilanz\/\" class=\"more-link\"><span class=\"screen-reader-text\">Jahres-Bilanz<\/span> weiterlesen <span class=\"meta-nav\">&rarr;<\/span><\/a><\/p>\n","protected":false},"author":8,"featured_media":0,"comment_status":"closed","ping_status":"open","sticky":false,"template":"","format":"standard","meta":[],"categories":[1],"tags":[],"translation":{"provider":"WPGlobus","version":"2.12.2","language":"de","enabled_languages":["en","de"],"languages":{"en":{"title":true,"content":true,"excerpt":false},"de":{"title":false,"content":false,"excerpt":false}}},"_links":{"self":[{"href":"https:\/\/www.suso-club.at\/de\/wp-json\/wp\/v2\/posts\/6467"}],"collection":[{"href":"https:\/\/www.suso-club.at\/de\/wp-json\/wp\/v2\/posts"}],"about":[{"href":"https:\/\/www.suso-club.at\/de\/wp-json\/wp\/v2\/types\/post"}],"author":[{"embeddable":true,"href":"https:\/\/www.suso-club.at\/de\/wp-json\/wp\/v2\/users\/8"}],"replies":[{"embeddable":true,"href":"https:\/\/www.suso-club.at\/de\/wp-json\/wp\/v2\/comments?post=6467"}],"version-history":[{"count":4,"href":"https:\/\/www.suso-club.at\/de\/wp-json\/wp\/v2\/posts\/6467\/revisions"}],"predecessor-version":[{"id":6485,"href":"https:\/\/www.suso-club.at\/de\/wp-json\/wp\/v2\/posts\/6467\/revisions\/6485"}],"wp:attachment":[{"href":"https:\/\/www.suso-club.at\/de\/wp-json\/wp\/v2\/media?parent=6467"}],"wp:term":[{"taxonomy":"category","embeddable":true,"href":"https:\/\/www.suso-club.at\/de\/wp-json\/wp\/v2\/categories?post=6467"},{"taxonomy":"post_tag","embeddable":true,"href":"https:\/\/www.suso-club.at\/de\/wp-json\/wp\/v2\/tags?post=6467"}],"curies":[{"name":"wp","href":"https:\/\/api.w.org\/{rel}","templated":true}]}}