{"id":6872,"date":"2024-09-02T23:46:07","date_gmt":"2024-09-02T21:46:07","guid":{"rendered":"http:\/\/www.suso-club.at\/?p=6872"},"modified":"2024-09-02T23:46:07","modified_gmt":"2024-09-02T21:46:07","slug":"intensive-herbstsaison-wartet","status":"publish","type":"post","link":"https:\/\/www.suso-club.at\/de\/2024\/09\/02\/intensive-herbstsaison-wartet\/","title":{"rendered":"Intensive Herbstsaison wartet"},"content":{"rendered":"\n<figure class=\"wp-block-image size-full is-resized\"><img decoding=\"async\" loading=\"lazy\" src=\"http:\/\/www.suso-club.at\/wp-content\/uploads\/2024\/09\/Bildschirmfoto-2024-09-02-um-16.47.29-Kopie.png\" alt=\"\" class=\"wp-image-6874\" width=\"634\" height=\"434\" srcset=\"https:\/\/www.suso-club.at\/wp-content\/uploads\/2024\/09\/Bildschirmfoto-2024-09-02-um-16.47.29-Kopie.png 600w, https:\/\/www.suso-club.at\/wp-content\/uploads\/2024\/09\/Bildschirmfoto-2024-09-02-um-16.47.29-Kopie-300x206.png 300w\" sizes=\"(max-width: 634px) 100vw, 634px\" \/><figcaption class=\"wp-element-caption\">Schneisen ohne Ende<\/figcaption><\/figure>\n\n\n\n<p>Der September wird f\u00fcr die Orientierungsl\u00e4ufer sehr intensiv.  Gespannt darf man auf den ersten nationalen Vergleich nach der Sommerpause sein. Die Sommermonate werden traditionell f\u00fcr die individuelle Teilnahme an diverse Mehrtagel\u00e4ufen im Ausland genutzt.<\/p>\n\n\n\n<figure class=\"wp-block-image size-full is-resized\"><img decoding=\"async\" loading=\"lazy\" src=\"http:\/\/www.suso-club.at\/wp-content\/uploads\/2024\/09\/Bildschirmfoto-2024-09-02-um-16.48.35.png\" alt=\"\" class=\"wp-image-6876\" width=\"632\" height=\"431\" srcset=\"https:\/\/www.suso-club.at\/wp-content\/uploads\/2024\/09\/Bildschirmfoto-2024-09-02-um-16.48.35.png 600w, https:\/\/www.suso-club.at\/wp-content\/uploads\/2024\/09\/Bildschirmfoto-2024-09-02-um-16.48.35-300x205.png 300w\" sizes=\"(max-width: 632px) 100vw, 632px\" \/><figcaption class=\"wp-element-caption\">F\u00f6hren und Schneisen<\/figcaption><\/figure>\n\n\n\n<p>Der Auftakt erfolgt mit der \u00d6M-Staffel am 7.9. bei Wr. Neustadt im komplett flachen F\u00f6hrenwald des Steinfeldes. Unendlich viele, zum Verwechseln \u00e4hnliche Schneisen werden dabei die Herausforderung. Kompass-Lauf wird dabei extrem wichtig werden. Am Tag darauf findet im selben Gebiet der 7.Austria-Cup \u00fcber die Mitteldistanz statt.<br><a href=\"https:\/\/www.oefol.at\/anne\/?p=1&amp;q=3&amp;id=4589\">&gt;&gt; Information <\/a><\/p>\n\n\n\n<figure class=\"wp-block-image size-full is-resized\"><img decoding=\"async\" loading=\"lazy\" src=\"http:\/\/www.suso-club.at\/wp-content\/uploads\/2024\/09\/Bildschirmfoto-2024-09-02-um-16.49.39-Kopie.png\" alt=\"\" class=\"wp-image-6877\" width=\"632\" height=\"428\" srcset=\"https:\/\/www.suso-club.at\/wp-content\/uploads\/2024\/09\/Bildschirmfoto-2024-09-02-um-16.49.39-Kopie.png 600w, https:\/\/www.suso-club.at\/wp-content\/uploads\/2024\/09\/Bildschirmfoto-2024-09-02-um-16.49.39-Kopie-300x203.png 300w\" sizes=\"(max-width: 632px) 100vw, 632px\" \/><\/figure>\n\n\n\n<p>Bereits eine Woche sp\u00e4ter steht am 15.9. der Nachtrag der \u00f6sterreichischen Langdistanz-Meisterschaft in Burgau auf dem Programm. Im Juni musste der Lauf wegen Hochwasser leider abgesagt werden. Abermals wird der Kompass zum wichtigen Orientierungsinstrument.<br><a href=\"https:\/\/www.oefol.at\/anne\/?p=1&amp;q=3&amp;id=4616\">&gt;&gt; Information<\/a><\/p>\n\n\n\n<p>Den Abschluss bilden die beiden Austria-Cup L\u00e4ufer \u00fcber die Mittel- bzw. Langdistanz in Strallegg. Diesmal sind die &#8222;Bergziegen&#8220; gefragt. Die steilen H\u00e4nge in den Fischbacher Alpen verlangen vor allem Kraft in den Beinen und gute Routen, um das H\u00f6henprofil optimal zu nutzen.<br><a href=\"https:\/\/www.oefol.at\/anne\/?p=1&amp;q=3&amp;id=4428\">&gt;&gt; Information<\/a><br><\/p>\n","protected":false},"excerpt":{"rendered":"<p>Der September wird f\u00fcr die Orientierungsl\u00e4ufer sehr intensiv. Gespannt darf man auf den ersten nationalen Vergleich nach der Sommerpause sein. Die Sommermonate werden traditionell f\u00fcr die individuelle Teilnahme an diverse Mehrtagel\u00e4ufen im Ausland genutzt. Der Auftakt erfolgt mit der \u00d6M-Staffel am 7.9. bei Wr. Neustadt im komplett flachen F\u00f6hrenwald des Steinfeldes. Unendlich viele, zum Verwechseln &hellip; <a href=\"https:\/\/www.suso-club.at\/de\/2024\/09\/02\/intensive-herbstsaison-wartet\/\" class=\"more-link\"><span class=\"screen-reader-text\">Intensive Herbstsaison wartet<\/span> weiterlesen <span class=\"meta-nav\">&rarr;<\/span><\/a><\/p>\n","protected":false},"author":8,"featured_media":0,"comment_status":"closed","ping_status":"open","sticky":false,"template":"","format":"standard","meta":[],"categories":[1],"tags":[],"translation":{"provider":"WPGlobus","version":"2.12.2","language":"de","enabled_languages":["en","de"],"languages":{"en":{"title":true,"content":true,"excerpt":false},"de":{"title":false,"content":false,"excerpt":false}}},"_links":{"self":[{"href":"https:\/\/www.suso-club.at\/de\/wp-json\/wp\/v2\/posts\/6872"}],"collection":[{"href":"https:\/\/www.suso-club.at\/de\/wp-json\/wp\/v2\/posts"}],"about":[{"href":"https:\/\/www.suso-club.at\/de\/wp-json\/wp\/v2\/types\/post"}],"author":[{"embeddable":true,"href":"https:\/\/www.suso-club.at\/de\/wp-json\/wp\/v2\/users\/8"}],"replies":[{"embeddable":true,"href":"https:\/\/www.suso-club.at\/de\/wp-json\/wp\/v2\/comments?post=6872"}],"version-history":[{"count":4,"href":"https:\/\/www.suso-club.at\/de\/wp-json\/wp\/v2\/posts\/6872\/revisions"}],"predecessor-version":[{"id":6910,"href":"https:\/\/www.suso-club.at\/de\/wp-json\/wp\/v2\/posts\/6872\/revisions\/6910"}],"wp:attachment":[{"href":"https:\/\/www.suso-club.at\/de\/wp-json\/wp\/v2\/media?parent=6872"}],"wp:term":[{"taxonomy":"category","embeddable":true,"href":"https:\/\/www.suso-club.at\/de\/wp-json\/wp\/v2\/categories?post=6872"},{"taxonomy":"post_tag","embeddable":true,"href":"https:\/\/www.suso-club.at\/de\/wp-json\/wp\/v2\/tags?post=6872"}],"curies":[{"name":"wp","href":"https:\/\/api.w.org\/{rel}","templated":true}]}}