{"id":6907,"date":"2024-09-02T23:44:36","date_gmt":"2024-09-02T21:44:36","guid":{"rendered":"http:\/\/www.suso-club.at\/?p=6907"},"modified":"2024-09-03T00:04:21","modified_gmt":"2024-09-02T22:04:21","slug":"voc-challenge-in-vienna","status":"publish","type":"post","link":"https:\/\/www.suso-club.at\/de\/2024\/09\/02\/voc-challenge-in-vienna\/","title":{"rendered":"VOC &#8211; Challenge in Vienna"},"content":{"rendered":"\n<figure class=\"wp-block-image size-full\"><img decoding=\"async\" loading=\"lazy\" width=\"828\" height=\"863\" src=\"http:\/\/www.suso-club.at\/wp-content\/uploads\/2024\/09\/Greiner-Gustac2.jpeg\" alt=\"\" class=\"wp-image-6915\" srcset=\"https:\/\/www.suso-club.at\/wp-content\/uploads\/2024\/09\/Greiner-Gustac2.jpeg 828w, https:\/\/www.suso-club.at\/wp-content\/uploads\/2024\/09\/Greiner-Gustac2-288x300.jpeg 288w, https:\/\/www.suso-club.at\/wp-content\/uploads\/2024\/09\/Greiner-Gustac2-768x800.jpeg 768w\" sizes=\"(max-width: 828px) 100vw, 828px\" \/><figcaption class=\"wp-element-caption\">Gustav Greiner vertrat SUSO in Wien erfolgreich<\/figcaption><\/figure>\n\n\n\n<p>Von 30. August bis 1. September fand dieses Jahr zum f\u00fcnften Mal die Vienna-O-Challenge in der Bundeshauptstadt statt. Mit Klaus Scheidl, Helmut Steiner und Gustav Greiner waren auch 3 SUSO-L\u00e4ufer am Start. Das Programm 3 Tage mit 3 Sprints inklusive einer Abschlussstaffel.<\/p>\n\n\n\n<p>Der 1. Tag war durch sehr viele spannende Routen gepr\u00e4gt. Kurze Posten im Park wechselten sich mit spannenden Routenwahlen im Neubaugebiet \u201eIn der Wiesn\u201c ab.<br><\/p>\n\n\n\n<figure class=\"wp-block-image size-full\"><img decoding=\"async\" loading=\"lazy\" width=\"758\" height=\"550\" src=\"http:\/\/www.suso-club.at\/wp-content\/uploads\/2024\/09\/VOC-Karte.png\" alt=\"\" class=\"wp-image-6902\" srcset=\"https:\/\/www.suso-club.at\/wp-content\/uploads\/2024\/09\/VOC-Karte.png 758w, https:\/\/www.suso-club.at\/wp-content\/uploads\/2024\/09\/VOC-Karte-300x218.png 300w\" sizes=\"(max-width: 758px) 100vw, 758px\" \/><figcaption class=\"wp-element-caption\">3x Sprint und Sprint Relay standen am Programm<\/figcaption><\/figure>\n\n\n\n<p>Am n\u00e4chsten Tag stand der Innenstadtsprint auf dem Programm. Hohes Tempo und schnelles K\u00f6pfchen war gefragt beim Orientieren durch den ersten Wiener Gemeindebezirk. Viel Zeit f\u00fcrs Sightseeing blieb dabei nicht, denn die vielen Durchg\u00e4nge und Stiegen machten es unm\u00f6glich l\u00e4nger nicht auf die Karte zu schauen.&nbsp;<\/p>\n\n\n\n<figure class=\"wp-block-image size-full\"><img decoding=\"async\" loading=\"lazy\" width=\"820\" height=\"810\" src=\"http:\/\/www.suso-club.at\/wp-content\/uploads\/2024\/09\/Steiner-Helmut-2.jpeg\" alt=\"\" class=\"wp-image-6911\" srcset=\"https:\/\/www.suso-club.at\/wp-content\/uploads\/2024\/09\/Steiner-Helmut-2.jpeg 820w, https:\/\/www.suso-club.at\/wp-content\/uploads\/2024\/09\/Steiner-Helmut-2-300x296.jpeg 300w, https:\/\/www.suso-club.at\/wp-content\/uploads\/2024\/09\/Steiner-Helmut-2-768x759.jpeg 768w\" sizes=\"(max-width: 820px) 100vw, 820px\" \/><figcaption class=\"wp-element-caption\">Steiner Helmut auf der Suche<\/figcaption><\/figure>\n\n\n\n<figure class=\"wp-block-image size-full\"><img decoding=\"async\" loading=\"lazy\" width=\"899\" height=\"647\" src=\"http:\/\/www.suso-club.at\/wp-content\/uploads\/2024\/09\/Scheidl-Klaus3.jpg\" alt=\"\" class=\"wp-image-6912\" srcset=\"https:\/\/www.suso-club.at\/wp-content\/uploads\/2024\/09\/Scheidl-Klaus3.jpg 899w, https:\/\/www.suso-club.at\/wp-content\/uploads\/2024\/09\/Scheidl-Klaus3-300x216.jpg 300w, https:\/\/www.suso-club.at\/wp-content\/uploads\/2024\/09\/Scheidl-Klaus3-768x553.jpg 768w\" sizes=\"(max-width: 899px) 100vw, 899px\" \/><figcaption class=\"wp-element-caption\">Scheidl Klaus k\u00e4mpft in der Elite<\/figcaption><\/figure>\n\n\n\n<p>Am letzten Tag ging es im Kurpark Oberlaa noch einmal zur Sache: Der offene Park mit vielen kleinen W\u00e4ldern und Seen forderte eine ganz andere Orientierungstechnik. Gustav Greiner konnte sich in der Gesamtwertung Platz 3 in der Elite sichern hinter Josh O\u2019Sullivan-Hourihan (IRL) und Silvan Ullmann (SUI).&nbsp;&nbsp;<\/p>\n\n\n\n<figure class=\"wp-block-image size-large\"><img decoding=\"async\" loading=\"lazy\" width=\"1024\" height=\"677\" src=\"http:\/\/www.suso-club.at\/wp-content\/uploads\/2024\/09\/VOC-Sieger-elite-1024x677.jpg\" alt=\"\" class=\"wp-image-6906\" srcset=\"https:\/\/www.suso-club.at\/wp-content\/uploads\/2024\/09\/VOC-Sieger-elite-1024x677.jpg 1024w, https:\/\/www.suso-club.at\/wp-content\/uploads\/2024\/09\/VOC-Sieger-elite-300x198.jpg 300w, https:\/\/www.suso-club.at\/wp-content\/uploads\/2024\/09\/VOC-Sieger-elite-768x508.jpg 768w, https:\/\/www.suso-club.at\/wp-content\/uploads\/2024\/09\/VOC-Sieger-elite.jpg 1055w\" sizes=\"(max-width: 1024px) 100vw, 1024px\" \/><figcaption class=\"wp-element-caption\">Platz 3 von Gustav Greiner in Herren Elite<\/figcaption><\/figure>\n\n\n\n<p><a href=\"https:\/\/viennaochallenge.com\">&gt;&gt; Website VOC<\/a><br><\/p>\n","protected":false},"excerpt":{"rendered":"<p>Von 30. August bis 1. September fand dieses Jahr zum f\u00fcnften Mal die Vienna-O-Challenge in der Bundeshauptstadt statt. Mit Klaus Scheidl, Helmut Steiner und Gustav Greiner waren auch 3 SUSO-L\u00e4ufer am Start. Das Programm 3 Tage mit 3 Sprints inklusive einer Abschlussstaffel. Der 1. Tag war durch sehr viele spannende Routen gepr\u00e4gt. Kurze Posten im &hellip; <a href=\"https:\/\/www.suso-club.at\/de\/2024\/09\/02\/voc-challenge-in-vienna\/\" class=\"more-link\"><span class=\"screen-reader-text\">VOC &#8211; Challenge in Vienna<\/span> weiterlesen <span class=\"meta-nav\">&rarr;<\/span><\/a><\/p>\n","protected":false},"author":8,"featured_media":0,"comment_status":"closed","ping_status":"open","sticky":false,"template":"","format":"standard","meta":[],"categories":[1],"tags":[],"translation":{"provider":"WPGlobus","version":"2.12.2","language":"de","enabled_languages":["en","de"],"languages":{"en":{"title":true,"content":true,"excerpt":false},"de":{"title":false,"content":false,"excerpt":false}}},"_links":{"self":[{"href":"https:\/\/www.suso-club.at\/de\/wp-json\/wp\/v2\/posts\/6907"}],"collection":[{"href":"https:\/\/www.suso-club.at\/de\/wp-json\/wp\/v2\/posts"}],"about":[{"href":"https:\/\/www.suso-club.at\/de\/wp-json\/wp\/v2\/types\/post"}],"author":[{"embeddable":true,"href":"https:\/\/www.suso-club.at\/de\/wp-json\/wp\/v2\/users\/8"}],"replies":[{"embeddable":true,"href":"https:\/\/www.suso-club.at\/de\/wp-json\/wp\/v2\/comments?post=6907"}],"version-history":[{"count":4,"href":"https:\/\/www.suso-club.at\/de\/wp-json\/wp\/v2\/posts\/6907\/revisions"}],"predecessor-version":[{"id":6916,"href":"https:\/\/www.suso-club.at\/de\/wp-json\/wp\/v2\/posts\/6907\/revisions\/6916"}],"wp:attachment":[{"href":"https:\/\/www.suso-club.at\/de\/wp-json\/wp\/v2\/media?parent=6907"}],"wp:term":[{"taxonomy":"category","embeddable":true,"href":"https:\/\/www.suso-club.at\/de\/wp-json\/wp\/v2\/categories?post=6907"},{"taxonomy":"post_tag","embeddable":true,"href":"https:\/\/www.suso-club.at\/de\/wp-json\/wp\/v2\/tags?post=6907"}],"curies":[{"name":"wp","href":"https:\/\/api.w.org\/{rel}","templated":true}]}}