{"id":7242,"date":"2025-02-10T20:35:55","date_gmt":"2025-02-10T19:35:55","guid":{"rendered":"https:\/\/www.suso-club.at\/?p=7242"},"modified":"2025-02-16T10:19:49","modified_gmt":"2025-02-16T09:19:49","slug":"fixpunkt-suso-opening","status":"publish","type":"post","link":"https:\/\/www.suso-club.at\/de\/2025\/02\/10\/fixpunkt-suso-opening\/","title":{"rendered":"Fixpunkt SUSO-Opening"},"content":{"rendered":"\n<figure class=\"wp-block-image size-large\"><img decoding=\"async\" loading=\"lazy\" width=\"1024\" height=\"768\" src=\"http:\/\/www.suso-club.at\/wp-content\/uploads\/2025\/02\/SUSO_Opening-3-1024x768.jpeg\" alt=\"\" class=\"wp-image-7238\" srcset=\"https:\/\/www.suso-club.at\/wp-content\/uploads\/2025\/02\/SUSO_Opening-3-1024x768.jpeg 1024w, https:\/\/www.suso-club.at\/wp-content\/uploads\/2025\/02\/SUSO_Opening-3-300x225.jpeg 300w, https:\/\/www.suso-club.at\/wp-content\/uploads\/2025\/02\/SUSO_Opening-3-768x576.jpeg 768w, https:\/\/www.suso-club.at\/wp-content\/uploads\/2025\/02\/SUSO_Opening-3.jpeg 1280w\" sizes=\"(max-width: 1024px) 100vw, 1024px\" \/><figcaption class=\"wp-element-caption\">Die traditionelle SUSO-Torte<\/figcaption><\/figure>\n\n\n\n<p>Was ehemals als Neujahrstreffen begann, entwickelte sich in den letzten Jahren zum SUSO-Opening.<br>R\u00fcckblick, Vorschau und die Organisation der Austrian-O-Days standen bei einem geselligen Treffen und einer anschlie\u00dfenden Kulinarik im Vordergrund.<\/p>\n\n\n\n<figure class=\"wp-block-image size-full\"><img decoding=\"async\" loading=\"lazy\" width=\"1025\" height=\"691\" src=\"http:\/\/www.suso-club.at\/wp-content\/uploads\/2025\/02\/SUSO_Opening-11.jpeg\" alt=\"\" class=\"wp-image-7240\" srcset=\"https:\/\/www.suso-club.at\/wp-content\/uploads\/2025\/02\/SUSO_Opening-11.jpeg 1025w, https:\/\/www.suso-club.at\/wp-content\/uploads\/2025\/02\/SUSO_Opening-11-300x202.jpeg 300w, https:\/\/www.suso-club.at\/wp-content\/uploads\/2025\/02\/SUSO_Opening-11-768x518.jpeg 768w\" sizes=\"(max-width: 1025px) 100vw, 1025px\" \/><figcaption class=\"wp-element-caption\">R\u00fcckblick durch Gustav Greiner<\/figcaption><\/figure>\n\n\n\n<p>Zun\u00e4chst gab Gustav Greiner einen kurzen R\u00fcckblick \u00fcber die vergangene Saison. Das j\u00e4hrliche Standardprogramm mit Austria-Cups und besonderen Highlights wurde aufgezeigt und so auch die Entwicklung im Vergleich zu den anderen Vereinen. Auch wenn die Bilanz in allen Altersgruppen etwas nach unten zeigt, konnte die Kategorie Nachwuchs den 2.Platz in der Steiermark halten. Die &#8222;Viell\u00e4ufer:innen-Wertung&#8220; holte sich  Fam. Greiner, die die ersten 4 Pl\u00e4tze belegte und somit einen Gutschein im Werte von \u20ac 200.- in Empfang nehmen konnte.<\/p>\n\n\n\n<figure class=\"wp-block-image size-full is-resized\"><img decoding=\"async\" loading=\"lazy\" src=\"http:\/\/www.suso-club.at\/wp-content\/uploads\/2025\/02\/2024-Nachwuchs-1.png\" alt=\"\" class=\"wp-image-7247\" width=\"611\" height=\"580\" srcset=\"https:\/\/www.suso-club.at\/wp-content\/uploads\/2025\/02\/2024-Nachwuchs-1.png 457w, https:\/\/www.suso-club.at\/wp-content\/uploads\/2025\/02\/2024-Nachwuchs-1-300x285.png 300w\" sizes=\"(max-width: 611px) 100vw, 611px\" \/><figcaption class=\"wp-element-caption\">Nachwuchswertung aller nationalen L\u00e4ufen<\/figcaption><\/figure>\n\n\n\n<p>Clubobmann Hannes Pacher pr\u00e4sentierte in Folge den Stand der Vorbereitungen f\u00fcr die Austrian-Orienteering-Days Anfang Juli mit 2 Etappen in Graz und anschlie\u00dfend mit 4 Etappen in der Oststeiermark und dem S\u00fcdburgenland.<\/p>\n\n\n\n<figure class=\"wp-block-image size-large\"><img decoding=\"async\" loading=\"lazy\" width=\"1024\" height=\"807\" src=\"http:\/\/www.suso-club.at\/wp-content\/uploads\/2025\/02\/SUSO_Opening-10-Kopie-1024x807.jpeg\" alt=\"\" class=\"wp-image-7239\" srcset=\"https:\/\/www.suso-club.at\/wp-content\/uploads\/2025\/02\/SUSO_Opening-10-Kopie-1024x807.jpeg 1024w, https:\/\/www.suso-club.at\/wp-content\/uploads\/2025\/02\/SUSO_Opening-10-Kopie-300x237.jpeg 300w, https:\/\/www.suso-club.at\/wp-content\/uploads\/2025\/02\/SUSO_Opening-10-Kopie-768x605.jpeg 768w, https:\/\/www.suso-club.at\/wp-content\/uploads\/2025\/02\/SUSO_Opening-10-Kopie.jpeg 1115w\" sizes=\"(max-width: 1024px) 100vw, 1024px\" \/><figcaption class=\"wp-element-caption\">Hannes Pacher gab einen Einblick in das Wettkampf-Programm 2025<\/figcaption><\/figure>\n\n\n\n<figure class=\"wp-block-image size-large\"><img decoding=\"async\" loading=\"lazy\" width=\"1024\" height=\"485\" src=\"http:\/\/www.suso-club.at\/wp-content\/uploads\/2025\/02\/Gros-AOD-Plane-70_150-1024x485.jpeg\" alt=\"\" class=\"wp-image-7245\" srcset=\"https:\/\/www.suso-club.at\/wp-content\/uploads\/2025\/02\/Gros-AOD-Plane-70_150-1024x485.jpeg 1024w, https:\/\/www.suso-club.at\/wp-content\/uploads\/2025\/02\/Gros-AOD-Plane-70_150-300x142.jpeg 300w, https:\/\/www.suso-club.at\/wp-content\/uploads\/2025\/02\/Gros-AOD-Plane-70_150-768x364.jpeg 768w, https:\/\/www.suso-club.at\/wp-content\/uploads\/2025\/02\/Gros-AOD-Plane-70_150.jpeg 1280w\" sizes=\"(max-width: 1024px) 100vw, 1024px\" \/><figcaption class=\"wp-element-caption\">Die Herausforderung <\/figcaption><\/figure>\n\n\n\n<p>Im Anschluss folgte ein \u00dcberblick \u00fcber die Austria-Cup-Wettk\u00e4mpfe, Stolv-Cup-Bewerbe und \u00fcber koordinierte SUSO-Aktivit\u00e4ten. Neben dem traditionellen Lipica Open Mitte M\u00e4rz, stehen weiters der Orange-Cup Mitte April in Kranj (SLO), der Alpe Adria-Cup in Zagreb und der OO-Cup Ende Juli in der N\u00e4he Bled\/Kranska Gora am Programm.  In der 2.Jahresh\u00e4lfte sind Fahrten zum Hungaria Kupa, zur Vienna-O-Challenge und als Abschluss die Teilnahme am Venedig Orientierungslauf  angedacht.<br>Am Veranstaltungssektor steht als Warmup f\u00fcr die AODs am Sonntag, 4. Mai, noch ein SUSO-Orienteering-Treff f\u00fcr Jedermann\/frau am Sch\u00f6ckl an der Tagesordnung. Integriert ist dabei auch die steirische und burgenl\u00e4ndische Meisterschaft .  <a href=\"https:\/\/www.oefol.at\/anne\/?p=1&amp;q=3&amp;id=4857\">Ausschreibung<\/a> <\/p>\n\n\n\n<figure class=\"wp-block-image size-large\"><img decoding=\"async\" loading=\"lazy\" width=\"724\" height=\"1024\" src=\"http:\/\/www.suso-club.at\/wp-content\/uploads\/2025\/02\/Gros-Poster-Schockl-Kopie-724x1024.jpeg\" alt=\"\" class=\"wp-image-7250\" srcset=\"https:\/\/www.suso-club.at\/wp-content\/uploads\/2025\/02\/Gros-Poster-Schockl-Kopie-724x1024.jpeg 724w, https:\/\/www.suso-club.at\/wp-content\/uploads\/2025\/02\/Gros-Poster-Schockl-Kopie-212x300.jpeg 212w, https:\/\/www.suso-club.at\/wp-content\/uploads\/2025\/02\/Gros-Poster-Schockl-Kopie-768x1086.jpeg 768w, https:\/\/www.suso-club.at\/wp-content\/uploads\/2025\/02\/Gros-Poster-Schockl-Kopie.jpeg 905w\" sizes=\"(max-width: 724px) 100vw, 724px\" \/><\/figure>\n\n\n\n<figure class=\"wp-block-image size-large\"><img decoding=\"async\" loading=\"lazy\" width=\"1024\" height=\"768\" src=\"http:\/\/www.suso-club.at\/wp-content\/uploads\/2025\/02\/SUSO_Opening-4-1024x768.jpeg\" alt=\"\" class=\"wp-image-7241\" srcset=\"https:\/\/www.suso-club.at\/wp-content\/uploads\/2025\/02\/SUSO_Opening-4-1024x768.jpeg 1024w, https:\/\/www.suso-club.at\/wp-content\/uploads\/2025\/02\/SUSO_Opening-4-300x225.jpeg 300w, https:\/\/www.suso-club.at\/wp-content\/uploads\/2025\/02\/SUSO_Opening-4-768x576.jpeg 768w, https:\/\/www.suso-club.at\/wp-content\/uploads\/2025\/02\/SUSO_Opening-4.jpeg 1280w\" sizes=\"(max-width: 1024px) 100vw, 1024px\" \/><figcaption class=\"wp-element-caption\">Die Torte wird serviert<\/figcaption><\/figure>\n\n\n\n<p>Am Ende der Veranstaltung wurde die \u00fcbliche SUSO-Torte kredenzt und noch ausgiebig diskutiert. Alle sind f\u00fcr die kommende Saison hoch motiviert.<\/p>\n\n\n\n<figure class=\"wp-block-image size-large\"><img decoding=\"async\" loading=\"lazy\" width=\"1024\" height=\"577\" src=\"http:\/\/www.suso-club.at\/wp-content\/uploads\/2025\/02\/WhatsApp-Image-2025-02-10-at-22.05.18-1024x577.jpeg\" alt=\"\" class=\"wp-image-7282\" srcset=\"https:\/\/www.suso-club.at\/wp-content\/uploads\/2025\/02\/WhatsApp-Image-2025-02-10-at-22.05.18-1024x577.jpeg 1024w, https:\/\/www.suso-club.at\/wp-content\/uploads\/2025\/02\/WhatsApp-Image-2025-02-10-at-22.05.18-300x169.jpeg 300w, https:\/\/www.suso-club.at\/wp-content\/uploads\/2025\/02\/WhatsApp-Image-2025-02-10-at-22.05.18-768x432.jpeg 768w, https:\/\/www.suso-club.at\/wp-content\/uploads\/2025\/02\/WhatsApp-Image-2025-02-10-at-22.05.18-1536x865.jpeg 1536w, https:\/\/www.suso-club.at\/wp-content\/uploads\/2025\/02\/WhatsApp-Image-2025-02-10-at-22.05.18-2048x1153.jpeg 2048w\" sizes=\"(max-width: 1024px) 100vw, 1024px\" \/><\/figure>\n\n\n\n<figure class=\"wp-block-image size-large\"><img decoding=\"async\" loading=\"lazy\" width=\"1024\" height=\"577\" src=\"http:\/\/www.suso-club.at\/wp-content\/uploads\/2025\/02\/Gros-SUSO_Opening-16-Kopie-1024x577.jpeg\" alt=\"\" class=\"wp-image-7278\" srcset=\"https:\/\/www.suso-club.at\/wp-content\/uploads\/2025\/02\/Gros-SUSO_Opening-16-Kopie-1024x577.jpeg 1024w, https:\/\/www.suso-club.at\/wp-content\/uploads\/2025\/02\/Gros-SUSO_Opening-16-Kopie-300x169.jpeg 300w, https:\/\/www.suso-club.at\/wp-content\/uploads\/2025\/02\/Gros-SUSO_Opening-16-Kopie-768x433.jpeg 768w, https:\/\/www.suso-club.at\/wp-content\/uploads\/2025\/02\/Gros-SUSO_Opening-16-Kopie.jpeg 1280w\" sizes=\"(max-width: 1024px) 100vw, 1024px\" \/><\/figure>\n\n\n\n<figure class=\"wp-block-image size-large\"><img decoding=\"async\" loading=\"lazy\" width=\"1024\" height=\"577\" src=\"http:\/\/www.suso-club.at\/wp-content\/uploads\/2025\/02\/Gros-SUSO_Opening-17-Kopie-1024x577.jpeg\" alt=\"\" class=\"wp-image-7279\" srcset=\"https:\/\/www.suso-club.at\/wp-content\/uploads\/2025\/02\/Gros-SUSO_Opening-17-Kopie-1024x577.jpeg 1024w, https:\/\/www.suso-club.at\/wp-content\/uploads\/2025\/02\/Gros-SUSO_Opening-17-Kopie-300x169.jpeg 300w, https:\/\/www.suso-club.at\/wp-content\/uploads\/2025\/02\/Gros-SUSO_Opening-17-Kopie-768x433.jpeg 768w, https:\/\/www.suso-club.at\/wp-content\/uploads\/2025\/02\/Gros-SUSO_Opening-17-Kopie.jpeg 1280w\" sizes=\"(max-width: 1024px) 100vw, 1024px\" \/><\/figure>\n\n\n\n<figure class=\"wp-block-image size-large\"><img decoding=\"async\" loading=\"lazy\" width=\"1024\" height=\"577\" src=\"http:\/\/www.suso-club.at\/wp-content\/uploads\/2025\/02\/Gros-SUSO_Opening-14-Kopie-1024x577.jpeg\" alt=\"\" class=\"wp-image-7277\" srcset=\"https:\/\/www.suso-club.at\/wp-content\/uploads\/2025\/02\/Gros-SUSO_Opening-14-Kopie-1024x577.jpeg 1024w, https:\/\/www.suso-club.at\/wp-content\/uploads\/2025\/02\/Gros-SUSO_Opening-14-Kopie-300x169.jpeg 300w, https:\/\/www.suso-club.at\/wp-content\/uploads\/2025\/02\/Gros-SUSO_Opening-14-Kopie-768x433.jpeg 768w, https:\/\/www.suso-club.at\/wp-content\/uploads\/2025\/02\/Gros-SUSO_Opening-14-Kopie.jpeg 1280w\" sizes=\"(max-width: 1024px) 100vw, 1024px\" \/><\/figure>\n","protected":false},"excerpt":{"rendered":"<p>Was ehemals als Neujahrstreffen begann, entwickelte sich in den letzten Jahren zum SUSO-Opening.R\u00fcckblick, Vorschau und die Organisation der Austrian-O-Days standen bei einem geselligen Treffen und einer anschlie\u00dfenden Kulinarik im Vordergrund. Zun\u00e4chst gab Gustav Greiner einen kurzen R\u00fcckblick \u00fcber die vergangene Saison. Das j\u00e4hrliche Standardprogramm mit Austria-Cups und besonderen Highlights wurde aufgezeigt und so auch die &hellip; <a href=\"https:\/\/www.suso-club.at\/de\/2025\/02\/10\/fixpunkt-suso-opening\/\" class=\"more-link\"><span class=\"screen-reader-text\">Fixpunkt SUSO-Opening<\/span> weiterlesen <span class=\"meta-nav\">&rarr;<\/span><\/a><\/p>\n","protected":false},"author":8,"featured_media":0,"comment_status":"closed","ping_status":"open","sticky":false,"template":"","format":"standard","meta":[],"categories":[1],"tags":[],"translation":{"provider":"WPGlobus","version":"2.12.2","language":"de","enabled_languages":["en","de"],"languages":{"en":{"title":true,"content":true,"excerpt":false},"de":{"title":false,"content":false,"excerpt":false}}},"_links":{"self":[{"href":"https:\/\/www.suso-club.at\/de\/wp-json\/wp\/v2\/posts\/7242"}],"collection":[{"href":"https:\/\/www.suso-club.at\/de\/wp-json\/wp\/v2\/posts"}],"about":[{"href":"https:\/\/www.suso-club.at\/de\/wp-json\/wp\/v2\/types\/post"}],"author":[{"embeddable":true,"href":"https:\/\/www.suso-club.at\/de\/wp-json\/wp\/v2\/users\/8"}],"replies":[{"embeddable":true,"href":"https:\/\/www.suso-club.at\/de\/wp-json\/wp\/v2\/comments?post=7242"}],"version-history":[{"count":11,"href":"https:\/\/www.suso-club.at\/de\/wp-json\/wp\/v2\/posts\/7242\/revisions"}],"predecessor-version":[{"id":7288,"href":"https:\/\/www.suso-club.at\/de\/wp-json\/wp\/v2\/posts\/7242\/revisions\/7288"}],"wp:attachment":[{"href":"https:\/\/www.suso-club.at\/de\/wp-json\/wp\/v2\/media?parent=7242"}],"wp:term":[{"taxonomy":"category","embeddable":true,"href":"https:\/\/www.suso-club.at\/de\/wp-json\/wp\/v2\/categories?post=7242"},{"taxonomy":"post_tag","embeddable":true,"href":"https:\/\/www.suso-club.at\/de\/wp-json\/wp\/v2\/tags?post=7242"}],"curies":[{"name":"wp","href":"https:\/\/api.w.org\/{rel}","templated":true}]}}