{"id":7307,"date":"2025-02-26T19:10:43","date_gmt":"2025-02-26T18:10:43","guid":{"rendered":"https:\/\/www.suso-club.at\/?p=7307"},"modified":"2025-03-01T09:06:40","modified_gmt":"2025-03-01T08:06:40","slug":"an-20-cm-gescheitert","status":"publish","type":"post","link":"https:\/\/www.suso-club.at\/de\/2025\/02\/26\/an-20-cm-gescheitert\/","title":{"rendered":"An 20 cm gescheitert!"},"content":{"rendered":"\n<figure class=\"wp-block-image size-large\"><img decoding=\"async\" loading=\"lazy\" width=\"1024\" height=\"682\" src=\"http:\/\/www.suso-club.at\/wp-content\/uploads\/2025\/02\/Gros-ABOM-Foto-31-1024x682.jpeg\" alt=\"\" class=\"wp-image-7300\" srcset=\"https:\/\/www.suso-club.at\/wp-content\/uploads\/2025\/02\/Gros-ABOM-Foto-31-1024x682.jpeg 1024w, https:\/\/www.suso-club.at\/wp-content\/uploads\/2025\/02\/Gros-ABOM-Foto-31-300x200.jpeg 300w, https:\/\/www.suso-club.at\/wp-content\/uploads\/2025\/02\/Gros-ABOM-Foto-31-768x512.jpeg 768w, https:\/\/www.suso-club.at\/wp-content\/uploads\/2025\/02\/Gros-ABOM-Foto-31.jpeg 1280w\" sizes=\"(max-width: 1024px) 100vw, 1024px\" \/><figcaption class=\"wp-element-caption\">Wie soll man da einen Posten finden?<\/figcaption><\/figure>\n\n\n\n<p>Die iberische Halbinsel war die Reise wieder wert.&nbsp;Nach ein paar Tagen zur Einstimmung in Lissabon, wo Gerhild und ich das Ambiente genossen, ging es nach Spanien, westlich von Madrid, zum MOM (Maximus-Orienteering-Meeting), einem 4-Tage O-Etappen-Wettkampf.&nbsp;<\/p>\n\n\n\n<figure class=\"wp-block-image size-large\"><img decoding=\"async\" loading=\"lazy\" width=\"1024\" height=\"610\" src=\"http:\/\/www.suso-club.at\/wp-content\/uploads\/2025\/02\/Gros-Lissabon_Foto-8-1024x610.jpeg\" alt=\"\" class=\"wp-image-7302\" srcset=\"https:\/\/www.suso-club.at\/wp-content\/uploads\/2025\/02\/Gros-Lissabon_Foto-8-1024x610.jpeg 1024w, https:\/\/www.suso-club.at\/wp-content\/uploads\/2025\/02\/Gros-Lissabon_Foto-8-300x179.jpeg 300w, https:\/\/www.suso-club.at\/wp-content\/uploads\/2025\/02\/Gros-Lissabon_Foto-8-768x458.jpeg 768w, https:\/\/www.suso-club.at\/wp-content\/uploads\/2025\/02\/Gros-Lissabon_Foto-8.jpeg 1230w\" sizes=\"(max-width: 1024px) 100vw, 1024px\" \/><figcaption class=\"wp-element-caption\">Blick vom Hotel Mondial \u00fcber das Zentrum von Lissabon<\/figcaption><\/figure>\n\n\n\n<p>2024 hatte ich auf der letzten Etappe in F\u00fchrung liegend einen rabenschwarzen Tag und vergab alle Siegeschancen nach \u201eKatastrophenlauf\u201c. Also war 2025 Wiedergutmachung angesagt. In einem traumhaften Orientierungslaufgel\u00e4nde konnte ich nach 3 Etappen mit 4\u2019 Vorsprung wieder in F\u00fchrung gehen. Nein, doch nicht!&nbsp;<\/p>\n\n\n\n<figure class=\"wp-block-image size-large\"><img decoding=\"async\" loading=\"lazy\" width=\"683\" height=\"1024\" src=\"http:\/\/www.suso-club.at\/wp-content\/uploads\/2025\/02\/PPF_MOM25_MD_1920px-373-683x1024.jpg\" alt=\"\" class=\"wp-image-7297\" srcset=\"https:\/\/www.suso-club.at\/wp-content\/uploads\/2025\/02\/PPF_MOM25_MD_1920px-373-683x1024.jpg 683w, https:\/\/www.suso-club.at\/wp-content\/uploads\/2025\/02\/PPF_MOM25_MD_1920px-373-200x300.jpg 200w, https:\/\/www.suso-club.at\/wp-content\/uploads\/2025\/02\/PPF_MOM25_MD_1920px-373-768x1152.jpg 768w, https:\/\/www.suso-club.at\/wp-content\/uploads\/2025\/02\/PPF_MOM25_MD_1920px-373-1024x1536.jpg 1024w, https:\/\/www.suso-club.at\/wp-content\/uploads\/2025\/02\/PPF_MOM25_MD_1920px-373.jpg 1168w\" sizes=\"(max-width: 683px) 100vw, 683px\" \/><figcaption class=\"wp-element-caption\">Hannes Pacher &#8211; wie immer mit gro\u00dfem Einsatz<\/figcaption><\/figure>\n\n\n\n<figure class=\"wp-block-image size-large\"><img decoding=\"async\" loading=\"lazy\" width=\"1024\" height=\"812\" src=\"http:\/\/www.suso-club.at\/wp-content\/uploads\/2025\/02\/Gros-MOM-Stage-1-1024x812.jpeg\" alt=\"\" class=\"wp-image-7305\" srcset=\"https:\/\/www.suso-club.at\/wp-content\/uploads\/2025\/02\/Gros-MOM-Stage-1-1024x812.jpeg 1024w, https:\/\/www.suso-club.at\/wp-content\/uploads\/2025\/02\/Gros-MOM-Stage-1-300x238.jpeg 300w, https:\/\/www.suso-club.at\/wp-content\/uploads\/2025\/02\/Gros-MOM-Stage-1-768x609.jpeg 768w, https:\/\/www.suso-club.at\/wp-content\/uploads\/2025\/02\/Gros-MOM-Stage-1.jpeg 1158w\" sizes=\"(max-width: 1024px) 100vw, 1024px\" \/><figcaption class=\"wp-element-caption\">MOM Stage 1 &#8211; long <\/figcaption><\/figure>\n\n\n\n<figure class=\"wp-block-image size-large\"><img decoding=\"async\" loading=\"lazy\" width=\"1024\" height=\"768\" src=\"http:\/\/www.suso-club.at\/wp-content\/uploads\/2025\/02\/MOM-Foto-14-1024x768.jpeg\" alt=\"\" class=\"wp-image-7291\" srcset=\"https:\/\/www.suso-club.at\/wp-content\/uploads\/2025\/02\/MOM-Foto-14-1024x768.jpeg 1024w, https:\/\/www.suso-club.at\/wp-content\/uploads\/2025\/02\/MOM-Foto-14-300x225.jpeg 300w, https:\/\/www.suso-club.at\/wp-content\/uploads\/2025\/02\/MOM-Foto-14-768x576.jpeg 768w, https:\/\/www.suso-club.at\/wp-content\/uploads\/2025\/02\/MOM-Foto-14.jpeg 1280w\" sizes=\"(max-width: 1024px) 100vw, 1024px\" \/><figcaption class=\"wp-element-caption\">Gerhild Pacher &#8211; wieder aus dem Steinelabyrinth zur\u00fcck<\/figcaption><\/figure>\n\n\n\n<figure class=\"wp-block-image size-large\"><img decoding=\"async\" loading=\"lazy\" width=\"1024\" height=\"713\" src=\"http:\/\/www.suso-club.at\/wp-content\/uploads\/2025\/02\/Gros-MOM-Stage-3-8-1024x713.jpeg\" alt=\"\" class=\"wp-image-7293\" srcset=\"https:\/\/www.suso-club.at\/wp-content\/uploads\/2025\/02\/Gros-MOM-Stage-3-8-1024x713.jpeg 1024w, https:\/\/www.suso-club.at\/wp-content\/uploads\/2025\/02\/Gros-MOM-Stage-3-8-300x209.jpeg 300w, https:\/\/www.suso-club.at\/wp-content\/uploads\/2025\/02\/Gros-MOM-Stage-3-8-768x535.jpeg 768w, https:\/\/www.suso-club.at\/wp-content\/uploads\/2025\/02\/Gros-MOM-Stage-3-8.jpeg 1280w\" sizes=\"(max-width: 1024px) 100vw, 1024px\" \/><figcaption class=\"wp-element-caption\">Im Ziel der 3.Etappe  war die Welt noch in Ordnung  &#8211; doch dann?<\/figcaption><\/figure>\n\n\n\n<p>Bei einem Kontrollpunkt der Sprint-Etappe in Cebreros fehlten 20 cm, um das Signal&nbsp; des SI-Chips auszul\u00f6sen. Das f\u00fchrte zur regelkonformen Disqualifikation. Somit blieb auf der letzten Etappe mit Verfolgungsstart nur noch ein Genusslauf, aber leider ohne richtige Wettkampf-Challenge als Ausklang.&nbsp;<\/p>\n\n\n\n<figure class=\"wp-block-image size-large\"><img decoding=\"async\" loading=\"lazy\" width=\"1024\" height=\"822\" src=\"http:\/\/www.suso-club.at\/wp-content\/uploads\/2025\/02\/Gros-MOM-Stage-4-1024x822.jpeg\" alt=\"\" class=\"wp-image-7306\" srcset=\"https:\/\/www.suso-club.at\/wp-content\/uploads\/2025\/02\/Gros-MOM-Stage-4-1024x822.jpeg 1024w, https:\/\/www.suso-club.at\/wp-content\/uploads\/2025\/02\/Gros-MOM-Stage-4-300x241.jpeg 300w, https:\/\/www.suso-club.at\/wp-content\/uploads\/2025\/02\/Gros-MOM-Stage-4-768x616.jpeg 768w, https:\/\/www.suso-club.at\/wp-content\/uploads\/2025\/02\/Gros-MOM-Stage-4.jpeg 1280w\" sizes=\"(max-width: 1024px) 100vw, 1024px\" \/><figcaption class=\"wp-element-caption\">MOM Etappe 4<\/figcaption><\/figure>\n\n\n\n<figure class=\"wp-block-image size-large\"><img decoding=\"async\" loading=\"lazy\" width=\"1024\" height=\"768\" src=\"http:\/\/www.suso-club.at\/wp-content\/uploads\/2025\/02\/Gros-MOM_Stage1-high-17-1024x768.jpeg\" alt=\"\" class=\"wp-image-7289\" srcset=\"https:\/\/www.suso-club.at\/wp-content\/uploads\/2025\/02\/Gros-MOM_Stage1-high-17-1024x768.jpeg 1024w, https:\/\/www.suso-club.at\/wp-content\/uploads\/2025\/02\/Gros-MOM_Stage1-high-17-300x225.jpeg 300w, https:\/\/www.suso-club.at\/wp-content\/uploads\/2025\/02\/Gros-MOM_Stage1-high-17-768x576.jpeg 768w, https:\/\/www.suso-club.at\/wp-content\/uploads\/2025\/02\/Gros-MOM_Stage1-high-17.jpeg 1280w\" sizes=\"(max-width: 1024px) 100vw, 1024px\" \/><figcaption class=\"wp-element-caption\">Werbung f\u00fcr unsere Austrian-Orienteering-Days<\/figcaption><\/figure>\n\n\n\n<p>Neben den Lauferlebnissen wurde auch die Werbetrommel f\u00fcr unsere AODs im Juli ger\u00fchrt. Gerhild und ich best\u00fcckten die Autos der insgesamt 2200 Teilnehmer mit unseren AOD-Flyern w\u00e4hrend der Etappen. <br>Nach der MOM ging es f\u00fcr 3 Tage nach Porto, wo auch ein Treffen mit dem CITY-RACE-EURO-TOUR-Koordinator Fernando Costa am Programm stand. Sightseeing, eine kleine Radtour und Aufsaugen der s\u00fcdl\u00e4ndischen Lebenslust mit k\u00f6stlichen Spezialit\u00e4ten waren angesagt. <\/p>\n\n\n\n<figure class=\"wp-block-image size-large\"><img decoding=\"async\" loading=\"lazy\" width=\"1024\" height=\"651\" src=\"http:\/\/www.suso-club.at\/wp-content\/uploads\/2025\/02\/Costa_Hannes-1024x651.jpeg\" alt=\"\" class=\"wp-image-7299\" srcset=\"https:\/\/www.suso-club.at\/wp-content\/uploads\/2025\/02\/Costa_Hannes-1024x651.jpeg 1024w, https:\/\/www.suso-club.at\/wp-content\/uploads\/2025\/02\/Costa_Hannes-300x191.jpeg 300w, https:\/\/www.suso-club.at\/wp-content\/uploads\/2025\/02\/Costa_Hannes-768x488.jpeg 768w, https:\/\/www.suso-club.at\/wp-content\/uploads\/2025\/02\/Costa_Hannes.jpeg 1201w\" sizes=\"(max-width: 1024px) 100vw, 1024px\" \/><figcaption class=\"wp-element-caption\">Treffen in Porto mit City-Race-Euro-Tour-Koordinator &#8211; Fernando Costa<\/figcaption><\/figure>\n\n\n\n<figure class=\"wp-block-image size-large\"><img decoding=\"async\" loading=\"lazy\" width=\"1024\" height=\"749\" src=\"http:\/\/www.suso-club.at\/wp-content\/uploads\/2025\/02\/Gros-Lissabon_Foto-2-1024x749.jpeg\" alt=\"\" class=\"wp-image-7301\" srcset=\"https:\/\/www.suso-club.at\/wp-content\/uploads\/2025\/02\/Gros-Lissabon_Foto-2-1024x749.jpeg 1024w, https:\/\/www.suso-club.at\/wp-content\/uploads\/2025\/02\/Gros-Lissabon_Foto-2-300x220.jpeg 300w, https:\/\/www.suso-club.at\/wp-content\/uploads\/2025\/02\/Gros-Lissabon_Foto-2-768x562.jpeg 768w, https:\/\/www.suso-club.at\/wp-content\/uploads\/2025\/02\/Gros-Lissabon_Foto-2.jpeg 1119w\" sizes=\"(max-width: 1024px) 100vw, 1024px\" \/><figcaption class=\"wp-element-caption\">Pastel de Nata &#8211; ein Genuss<\/figcaption><\/figure>\n\n\n\n<figure class=\"wp-block-image size-large\"><img decoding=\"async\" loading=\"lazy\" width=\"1024\" height=\"673\" src=\"http:\/\/www.suso-club.at\/wp-content\/uploads\/2025\/02\/Radtour-Porto-2-1024x673.jpeg\" alt=\"\" class=\"wp-image-7303\" srcset=\"https:\/\/www.suso-club.at\/wp-content\/uploads\/2025\/02\/Radtour-Porto-2-1024x673.jpeg 1024w, https:\/\/www.suso-club.at\/wp-content\/uploads\/2025\/02\/Radtour-Porto-2-300x197.jpeg 300w, https:\/\/www.suso-club.at\/wp-content\/uploads\/2025\/02\/Radtour-Porto-2-768x505.jpeg 768w, https:\/\/www.suso-club.at\/wp-content\/uploads\/2025\/02\/Radtour-Porto-2-1536x1010.jpeg 1536w, https:\/\/www.suso-club.at\/wp-content\/uploads\/2025\/02\/Radtour-Porto-2.jpeg 1576w\" sizes=\"(max-width: 1024px) 100vw, 1024px\" \/><figcaption class=\"wp-element-caption\">30km Radtour &#8211; mit E-Bike <\/figcaption><\/figure>\n\n\n\n<figure class=\"wp-block-image size-large\"><img decoding=\"async\" loading=\"lazy\" width=\"1024\" height=\"768\" src=\"http:\/\/www.suso-club.at\/wp-content\/uploads\/2025\/02\/Gros-Walk_Fernando_Porto-9-1024x768.jpeg\" alt=\"\" class=\"wp-image-7304\" srcset=\"https:\/\/www.suso-club.at\/wp-content\/uploads\/2025\/02\/Gros-Walk_Fernando_Porto-9-1024x768.jpeg 1024w, https:\/\/www.suso-club.at\/wp-content\/uploads\/2025\/02\/Gros-Walk_Fernando_Porto-9-300x225.jpeg 300w, https:\/\/www.suso-club.at\/wp-content\/uploads\/2025\/02\/Gros-Walk_Fernando_Porto-9-768x576.jpeg 768w, https:\/\/www.suso-club.at\/wp-content\/uploads\/2025\/02\/Gros-Walk_Fernando_Porto-9.jpeg 1280w\" sizes=\"(max-width: 1024px) 100vw, 1024px\" \/><figcaption class=\"wp-element-caption\">Majestic Cafe durfte nicht fehlen<\/figcaption><\/figure>\n\n\n\n<p>Nach Porto folgten 3 weitere Wettk\u00e4mpfe bei Aguiar da Beira (ABOM), einem Gebiet f\u00fcr h\u00f6chste Orientierungsanspr\u00fcche. Nicht ohne Grund wurde hier 2022 die Junioren-WM ausgetragen und wartet 2027 die Europameisterschaft auf die Elite-Orientierer. In dem mit vielen Felsplatten und Steinen bedeckten und kuppierten Gel\u00e4nde konnte ich gegen starke skandinavische Konkurrenz einem 9. Gesamtrang erzielen. Eine Risikoroute kurz vorm Ziel f\u00fchrte geradewegs in ein undurchdringbares Dornendickicht, was ca. 3\u2019 kostete und eine bessere Platzierung verhinderte. Auch Gerhild hat sich trotz ihrer Beinverletzung vor einem Dreivierteljahr in diesem schwierigen Gel\u00e4nde wacker geschlagen! Sie konnte aufgrund der \u00dcberlastung ihres Fu\u00dfes zur letzten Etappe vorsichtshalber aber nicht mehr antreten. <\/p>\n\n\n\n<figure class=\"wp-block-image size-large\"><img decoding=\"async\" loading=\"lazy\" width=\"979\" height=\"1024\" src=\"http:\/\/www.suso-club.at\/wp-content\/uploads\/2025\/02\/ABOM-11-979x1024.jpeg\" alt=\"\" class=\"wp-image-7295\" srcset=\"https:\/\/www.suso-club.at\/wp-content\/uploads\/2025\/02\/ABOM-11-979x1024.jpeg 979w, https:\/\/www.suso-club.at\/wp-content\/uploads\/2025\/02\/ABOM-11-287x300.jpeg 287w, https:\/\/www.suso-club.at\/wp-content\/uploads\/2025\/02\/ABOM-11-768x803.jpeg 768w, https:\/\/www.suso-club.at\/wp-content\/uploads\/2025\/02\/ABOM-11.jpeg 1169w\" sizes=\"(max-width: 979px) 100vw, 979px\" \/><figcaption class=\"wp-element-caption\">Kein Durchkommen kurz vor Posten 8<\/figcaption><\/figure>\n\n\n\n<p>Trotz mancher Orientierungsfehler war die Reise ein Highlight und k\u00f6nnte 2026 in einen 3. Versuch m\u00fcnden, um endlich den MOM-Fluch zu \u00fcberwinden!\ud83d\ude05<\/p>\n\n\n\n<p><a href=\"https:\/\/maximusorientacion.com\/live-center\/\">MOM: Livecenter (Ergebnisse\/Livelox)<\/a><br><a href=\"https:\/\/eventos.ori-estarreja.pt\/abom2025\/abom-2025-homepage\/#\">ABOM: Livecenter (Ergebnisse\/Livelox)<\/a><\/p>\n\n\n\n<figure class=\"wp-block-image size-full\"><img decoding=\"async\" loading=\"lazy\" width=\"998\" height=\"668\" src=\"http:\/\/www.suso-club.at\/wp-content\/uploads\/2025\/02\/Gros-MOM-Stage-4-3.jpeg\" alt=\"\" class=\"wp-image-7294\" srcset=\"https:\/\/www.suso-club.at\/wp-content\/uploads\/2025\/02\/Gros-MOM-Stage-4-3.jpeg 998w, https:\/\/www.suso-club.at\/wp-content\/uploads\/2025\/02\/Gros-MOM-Stage-4-3-300x201.jpeg 300w, https:\/\/www.suso-club.at\/wp-content\/uploads\/2025\/02\/Gros-MOM-Stage-4-3-768x514.jpeg 768w\" sizes=\"(max-width: 998px) 100vw, 998px\" \/><figcaption class=\"wp-element-caption\">Es reichte wieder nicht &#8211; Jetzt muss es 2026 einen neuen Anlauf geben \ud83d\ude09<\/figcaption><\/figure>\n","protected":false},"excerpt":{"rendered":"<p>Die iberische Halbinsel war die Reise wieder wert.&nbsp;Nach ein paar Tagen zur Einstimmung in Lissabon, wo Gerhild und ich das Ambiente genossen, ging es nach Spanien, westlich von Madrid, zum MOM (Maximus-Orienteering-Meeting), einem 4-Tage O-Etappen-Wettkampf.&nbsp; 2024 hatte ich auf der letzten Etappe in F\u00fchrung liegend einen rabenschwarzen Tag und vergab alle Siegeschancen nach \u201eKatastrophenlauf\u201c. Also &hellip; <a href=\"https:\/\/www.suso-club.at\/de\/2025\/02\/26\/an-20-cm-gescheitert\/\" class=\"more-link\"><span class=\"screen-reader-text\">An 20 cm gescheitert!<\/span> weiterlesen <span class=\"meta-nav\">&rarr;<\/span><\/a><\/p>\n","protected":false},"author":8,"featured_media":0,"comment_status":"closed","ping_status":"open","sticky":false,"template":"","format":"standard","meta":[],"categories":[1],"tags":[],"translation":{"provider":"WPGlobus","version":"2.12.2","language":"de","enabled_languages":["en","de"],"languages":{"en":{"title":true,"content":true,"excerpt":false},"de":{"title":false,"content":false,"excerpt":false}}},"_links":{"self":[{"href":"https:\/\/www.suso-club.at\/de\/wp-json\/wp\/v2\/posts\/7307"}],"collection":[{"href":"https:\/\/www.suso-club.at\/de\/wp-json\/wp\/v2\/posts"}],"about":[{"href":"https:\/\/www.suso-club.at\/de\/wp-json\/wp\/v2\/types\/post"}],"author":[{"embeddable":true,"href":"https:\/\/www.suso-club.at\/de\/wp-json\/wp\/v2\/users\/8"}],"replies":[{"embeddable":true,"href":"https:\/\/www.suso-club.at\/de\/wp-json\/wp\/v2\/comments?post=7307"}],"version-history":[{"count":10,"href":"https:\/\/www.suso-club.at\/de\/wp-json\/wp\/v2\/posts\/7307\/revisions"}],"predecessor-version":[{"id":7321,"href":"https:\/\/www.suso-club.at\/de\/wp-json\/wp\/v2\/posts\/7307\/revisions\/7321"}],"wp:attachment":[{"href":"https:\/\/www.suso-club.at\/de\/wp-json\/wp\/v2\/media?parent=7307"}],"wp:term":[{"taxonomy":"category","embeddable":true,"href":"https:\/\/www.suso-club.at\/de\/wp-json\/wp\/v2\/categories?post=7307"},{"taxonomy":"post_tag","embeddable":true,"href":"https:\/\/www.suso-club.at\/de\/wp-json\/wp\/v2\/tags?post=7307"}],"curies":[{"name":"wp","href":"https:\/\/api.w.org\/{rel}","templated":true}]}}