{"id":7607,"date":"2025-10-26T09:49:12","date_gmt":"2025-10-26T08:49:12","guid":{"rendered":"https:\/\/www.suso-club.at\/?p=7607"},"modified":"2025-10-26T09:59:47","modified_gmt":"2025-10-26T08:59:47","slug":"die-jahresbilanz-der-austria-cup-laufe","status":"publish","type":"post","link":"https:\/\/www.suso-club.at\/de\/2025\/10\/26\/die-jahresbilanz-der-austria-cup-laufe\/","title":{"rendered":"Die Jahresbilanz der Austria-Cup-L\u00e4ufe"},"content":{"rendered":"\n<figure class=\"wp-block-image size-large\"><img decoding=\"async\" loading=\"lazy\" width=\"1024\" height=\"744\" src=\"http:\/\/www.suso-club.at\/wp-content\/uploads\/2025\/10\/91970496-vector-winners-podium-with-first-second-and-third-places-pedestal-for-gold-silver-and-bronze-1024x744.jpg\" alt=\"\" class=\"wp-image-7606\" srcset=\"https:\/\/www.suso-club.at\/wp-content\/uploads\/2025\/10\/91970496-vector-winners-podium-with-first-second-and-third-places-pedestal-for-gold-silver-and-bronze-1024x744.jpg 1024w, https:\/\/www.suso-club.at\/wp-content\/uploads\/2025\/10\/91970496-vector-winners-podium-with-first-second-and-third-places-pedestal-for-gold-silver-and-bronze-300x218.jpg 300w, https:\/\/www.suso-club.at\/wp-content\/uploads\/2025\/10\/91970496-vector-winners-podium-with-first-second-and-third-places-pedestal-for-gold-silver-and-bronze-768x558.jpg 768w, https:\/\/www.suso-club.at\/wp-content\/uploads\/2025\/10\/91970496-vector-winners-podium-with-first-second-and-third-places-pedestal-for-gold-silver-and-bronze.jpg 1300w\" sizes=\"(max-width: 1024px) 100vw, 1024px\" \/><\/figure>\n\n\n\n<p>Die Jahresbilanz der Austria-Cup-Wertung f\u00e4llt dieses Jahr negativ aus. In der Gesamtvereinliste ist SUSO auf den 14. Platz abgerutscht.<br>Daf\u00fcr gibt es mehrere Gr\u00fcnde.<\/p>\n\n\n\n<figure class=\"wp-block-image size-large is-resized\"><img decoding=\"async\" loading=\"lazy\" src=\"http:\/\/www.suso-club.at\/wp-content\/uploads\/2025\/10\/2025-Verein-1024x850.png\" alt=\"\" class=\"wp-image-7605\" width=\"469\" height=\"389\" srcset=\"https:\/\/www.suso-club.at\/wp-content\/uploads\/2025\/10\/2025-Verein-1024x850.png 1024w, https:\/\/www.suso-club.at\/wp-content\/uploads\/2025\/10\/2025-Verein-300x249.png 300w, https:\/\/www.suso-club.at\/wp-content\/uploads\/2025\/10\/2025-Verein-768x637.png 768w, https:\/\/www.suso-club.at\/wp-content\/uploads\/2025\/10\/2025-Verein.png 1294w\" sizes=\"(max-width: 469px) 100vw, 469px\" \/><\/figure>\n\n\n\n<p>In erster Linie ist es die geringere Teilnehmerfrequenz bei den zahlreichen Wochenendveranstaltungen. Einerseits wurden nicht alle Fahrten koordiniert organisiert, was zu betr\u00e4chtlichen Einbu\u00dfen f\u00fchrte. Die \u201eindividuellen\u201d Teilnahmen hielten sich dann in Grenzen. Andererseits sind f\u00fcr viele Personen die \u201ekurze\u201d L\u00e4ufe wie Sprint oder die verk\u00fcrzte Mitteldistanz wenig attraktiv, da es nicht lohnend ist f\u00fcr 15\u201325&#8242; Laufzeit weite Anreisewege in Kauf zu nehmen. Aus diesen und terminlichen Gr\u00fcnden wurden dann auch andere Wettkampffahrten ins nahe Ausland ausgew\u00e4hlt.<\/p>\n\n\n\n<figure class=\"wp-block-image size-large is-resized\"><img decoding=\"async\" loading=\"lazy\" src=\"http:\/\/www.suso-club.at\/wp-content\/uploads\/2025\/10\/2025-Nachwuchs-Punkte-1024x875.png\" alt=\"\" class=\"wp-image-7603\" width=\"470\" height=\"400\"\/><\/figure>\n\n\n\n<p>Bei den Jugendlichen gab es beispielsweise gute Beteiligungen bei organisierten Reisen zum Lipica Open (Triest), Orange Cup (Kranj) und Alpe-Adria-Cup (Zagreb).<br>Ein weiterer Grund ist der \u00dcbertritt nach der Matura ins Studium mit den damit verbundenen ver\u00e4nderten Interessenslagen sowie der altersbedingte Wechsel von der Jugend zu den Erwachsenen. Hinzu kommt das indirekte Abwerben von unseren jugendlichen Leistungstr\u00e4gern. Das erkl\u00e4rt auch den Absturz in der Jugendwertung auf den 15.Platz<\/p>\n\n\n\n<figure class=\"wp-block-image size-large is-resized\"><img decoding=\"async\" loading=\"lazy\" src=\"http:\/\/www.suso-club.at\/wp-content\/uploads\/2025\/10\/2025-Allgemeine-Kl-1024x957.png\" alt=\"\" class=\"wp-image-7601\" width=\"468\" height=\"437\" srcset=\"https:\/\/www.suso-club.at\/wp-content\/uploads\/2025\/10\/2025-Allgemeine-Kl-1024x957.png 1024w, https:\/\/www.suso-club.at\/wp-content\/uploads\/2025\/10\/2025-Allgemeine-Kl-300x280.png 300w, https:\/\/www.suso-club.at\/wp-content\/uploads\/2025\/10\/2025-Allgemeine-Kl-768x718.png 768w, https:\/\/www.suso-club.at\/wp-content\/uploads\/2025\/10\/2025-Allgemeine-Kl.png 1288w\" sizes=\"(max-width: 468px) 100vw, 468px\" \/><\/figure>\n\n\n\n<p>Erfreulicherweise gab es aber in der allgemeinen Wertung mit Platz 8 eine Tendenz nach oben. Der Aufstieg des Leibnitzer AC erkl\u00e4rt sich z.B. durch Einkauf von zwei Spitzenl\u00e4ufern, die auch zahlreiche Podestpl\u00e4tze in der Elitekategorie sichern konnten.<br>Auch bei den Senioren gab es eine Verbesserung auf Platz 13, da einige Senioren neu zum Club dazugekommen sind.<\/p>\n\n\n\n<figure class=\"wp-block-image size-large is-resized\"><img decoding=\"async\" loading=\"lazy\" src=\"http:\/\/www.suso-club.at\/wp-content\/uploads\/2025\/10\/2025-Senioren-849x1024.png\" alt=\"\" class=\"wp-image-7604\" width=\"468\" height=\"564\" srcset=\"https:\/\/www.suso-club.at\/wp-content\/uploads\/2025\/10\/2025-Senioren-849x1024.png 849w, https:\/\/www.suso-club.at\/wp-content\/uploads\/2025\/10\/2025-Senioren-249x300.png 249w, https:\/\/www.suso-club.at\/wp-content\/uploads\/2025\/10\/2025-Senioren-768x926.png 768w, https:\/\/www.suso-club.at\/wp-content\/uploads\/2025\/10\/2025-Senioren.png 1008w\" sizes=\"(max-width: 468px) 100vw, 468px\" \/><\/figure>\n\n\n\n<p>Der Fokus muss also in den n\u00e4chsten Jahren auf der Jugend liegen. Das Ziel muss sein, dass m\u00f6glichst viele Orientierer aus der Gruppe am BG\/BRG Kirchengasse den Sprung zu SUSO schaffen. Dies wird auch von der Attraktivit\u00e4t des Verbandsangebots abh\u00e4ngen. Wenn es im nahen Ausland n\u00e4mlich l\u00e4ngere L\u00e4ufe in sch\u00f6neren Gebieten gibt, wird es schwer, die Community davon zu \u00fcberzeugen, an \u201eschlechteren\u201d Wettk\u00e4mpfen teilzunehmen.<br>H\u00f6hepunkt der Saison war jedenfalls die Bronzemedaille bei den \u00d6sterr. Staffelmeisterschaften mit Anna Lueger, Lisa Pacher und Hannah Winkler.<br><br><a href=\"https:\/\/www.orienteeringaustria.at\/wp-content\/uploads\/2025\/10\/Fuss_Rangliste_nach_8_Bewerben_5von8_251021.pdf\">Die Gesamtrangliste der Einzell\u00e4ufer: 5 Wertungen aus 8 AC-L\u00e4ufern<\/a><\/p>\n\n\n\n<p>Bei dieser Einzelwertung konnten folgende Top-10-Pl\u00e4tze erreicht werden:<br>1.Platz: Hannes Pacher (H65)<br>3. Platz: Nora Tandl (D15-18)<br>4.Platz: Irene Greiner-L\u00f6schnigg (D40)<br>6.Platz: Sara Fend (D21L), Moritz Greiner (H20Elite)<br>7. Platz: Christopher Immervoll (H21kurz), Theresa Monsberger (D20Elite)<br>9. Platz: Johann Tandl (H65)<\/p>\n\n\n\n<p><\/p>\n\n\n\n<p><\/p>\n","protected":false},"excerpt":{"rendered":"<p>Die Jahresbilanz der Austria-Cup-Wertung f\u00e4llt dieses Jahr negativ aus. In der Gesamtvereinliste ist SUSO auf den 14. Platz abgerutscht.Daf\u00fcr gibt es mehrere Gr\u00fcnde. In erster Linie ist es die geringere Teilnehmerfrequenz bei den zahlreichen Wochenendveranstaltungen. Einerseits wurden nicht alle Fahrten koordiniert organisiert, was zu betr\u00e4chtlichen Einbu\u00dfen f\u00fchrte. Die \u201eindividuellen\u201d Teilnahmen hielten sich dann in Grenzen. &hellip; <a href=\"https:\/\/www.suso-club.at\/de\/2025\/10\/26\/die-jahresbilanz-der-austria-cup-laufe\/\" class=\"more-link\"><span class=\"screen-reader-text\">Die Jahresbilanz der Austria-Cup-L\u00e4ufe<\/span> weiterlesen <span class=\"meta-nav\">&rarr;<\/span><\/a><\/p>\n","protected":false},"author":8,"featured_media":0,"comment_status":"closed","ping_status":"open","sticky":false,"template":"","format":"standard","meta":[],"categories":[1],"tags":[],"translation":{"provider":"WPGlobus","version":"2.12.2","language":"de","enabled_languages":["en","de"],"languages":{"en":{"title":true,"content":true,"excerpt":false},"de":{"title":false,"content":false,"excerpt":false}}},"_links":{"self":[{"href":"https:\/\/www.suso-club.at\/de\/wp-json\/wp\/v2\/posts\/7607"}],"collection":[{"href":"https:\/\/www.suso-club.at\/de\/wp-json\/wp\/v2\/posts"}],"about":[{"href":"https:\/\/www.suso-club.at\/de\/wp-json\/wp\/v2\/types\/post"}],"author":[{"embeddable":true,"href":"https:\/\/www.suso-club.at\/de\/wp-json\/wp\/v2\/users\/8"}],"replies":[{"embeddable":true,"href":"https:\/\/www.suso-club.at\/de\/wp-json\/wp\/v2\/comments?post=7607"}],"version-history":[{"count":3,"href":"https:\/\/www.suso-club.at\/de\/wp-json\/wp\/v2\/posts\/7607\/revisions"}],"predecessor-version":[{"id":7610,"href":"https:\/\/www.suso-club.at\/de\/wp-json\/wp\/v2\/posts\/7607\/revisions\/7610"}],"wp:attachment":[{"href":"https:\/\/www.suso-club.at\/de\/wp-json\/wp\/v2\/media?parent=7607"}],"wp:term":[{"taxonomy":"category","embeddable":true,"href":"https:\/\/www.suso-club.at\/de\/wp-json\/wp\/v2\/categories?post=7607"},{"taxonomy":"post_tag","embeddable":true,"href":"https:\/\/www.suso-club.at\/de\/wp-json\/wp\/v2\/tags?post=7607"}],"curies":[{"name":"wp","href":"https:\/\/api.w.org\/{rel}","templated":true}]}}